{"id":84280,"date":"2024-06-07T17:46:29","date_gmt":"2024-06-07T23:46:29","guid":{"rendered":"https:\/\/elmetropolitano.com.gt\/es\/?p=84280"},"modified":"2024-06-07T17:46:30","modified_gmt":"2024-06-07T23:46:30","slug":"instituciones-firman-convenio-para-la-seguridad-aeroportuaria","status":"publish","type":"post","link":"https:\/\/elmetropolitano.com.gt\/es\/instituciones-firman-convenio-para-la-seguridad-aeroportuaria\/","title":{"rendered":"Instituciones firman convenio para la seguridad aeroportuaria"},"content":{"rendered":"\n<p>Este viernes se firm\u00f3 un convenio de cooperaci\u00f3n internacional entre el Ministerio de Gobernaci\u00f3n (Mingob), el Ministerio de Comunicaciones, Infraestructura y Vivienda (CIV), y la Direcci\u00f3n General de Aeron\u00e1utica Civil (DGAC) para fortalecer la seguridad en los aeropuertos y aer\u00f3dromos del pa\u00eds.<\/p>\n\n\n\n<p>En la mesa principal del evento estuvieron presentes figuras clave del Gobierno como el ministro de Gobernaci\u00f3n, Francisco Jim\u00e9nez; el viceministro de Antinarc\u00f3ticos, Werner Ovalle; la directora interina de la DGAC, Azucena Zelaya; el ministro F\u00e9lix Alvarado, del CIV, y el viceministro de Transportes, Fernando Suriano.<\/p><div class=\"elmet-contenido\" id=\"elmet-1472927105\"><div class=\"elmet-adlabel\">Anuncios<\/div><div style=\"margin-top: 20px;margin-right: 20px;margin-bottom: 20px;margin-left: 20px;\" id=\"elmet-3233047664\"><a href=\"https:\/\/www.facebook.com\/arrincuanantigua\/\" aria-label=\"cintillo-arrin-cual\"><img loading=\"lazy\" decoding=\"async\" src=\"https:\/\/elmetropolitano.com.gt\/es\/wp-content\/uploads\/2021\/11\/cintillo-arrin-cual-1.jpg\" alt=\"\"  srcset=\"https:\/\/elmetropolitano.com.gt\/es\/wp-content\/uploads\/2021\/11\/cintillo-arrin-cual-1.jpg 750w, https:\/\/elmetropolitano.com.gt\/es\/wp-content\/uploads\/2021\/11\/cintillo-arrin-cual-1-300x36.jpg 300w, https:\/\/elmetropolitano.com.gt\/es\/wp-content\/uploads\/2021\/11\/cintillo-arrin-cual-1-600x72.jpg 600w\" sizes=\"(max-width: 750px) 100vw, 750px\" width=\"750\" height=\"90\"   \/><\/a><\/div><\/div>\n\n\n\n<p>El viceministro de Transportes destac\u00f3 la importancia de un equipo de trabajo robusto y transparente para llevar a cabo proyectos complejos como el rescate del aeropuerto La Aurora y del sistema aeroportuario nacional.<\/p>\n\n\n\n<p>Suriano se\u00f1al\u00f3 que el convenio aborda dos grandes ejes: la competitividad y la seguridad. La competitividad se centra en mejorar los servicios para viajeros, carga y la operaci\u00f3n a\u00e9rea. Mientras que la seguridad abarca tanto el \u00e1rea operacional de la aviaci\u00f3n como la protecci\u00f3n de terminales y aeropuertos.<\/p>\n\n\n\n<p>La importancia del convenio<\/p>\n\n\n\n<p>Suriano explic\u00f3 que este convenio institucionaliza una relaci\u00f3n de cooperaci\u00f3n, que ya se ven\u00eda desarrollando de buena voluntad, con el objetivo de establecer compromisos claros y delimitar las competencias de cada entidad involucrada. Esto permitir\u00e1 una cooperaci\u00f3n m\u00e1s estable y efectiva en el tiempo.<\/p>\n\n\n\n<p>Por su parte, el ministro Jim\u00e9nez enfatiz\u00f3 la relevancia de la aviaci\u00f3n como motor del desarrollo econ\u00f3mico sostenible en Guatemala. Subray\u00f3 que el Aeropuerto La Aurora y otros aeropuertos administrados por la DGAC movilizaron alrededor de 4 millones de personas el a\u00f1o pasado.<\/p>\n\n\n\n<p>Jim\u00e9nez record\u00f3 las condiciones precarias en las que el Gobierno encontr\u00f3 el Aeropuerto La Aurora, incluyendo problemas de infraestructura y seguridad. Aplaudi\u00f3 la voluntad pol\u00edtica del ministro de Comunicaciones y la directora de Aeron\u00e1utica Civil para enfrentar estos desaf\u00edos.<\/p>\n\n\n\n<p>Adem\u00e1s, mencion\u00f3 que la Polic\u00eda Nacional Civil, a trav\u00e9s de sus unidades especializadas, est\u00e1 lista para realizar operativos e inspecciones en los aeropuertos del pa\u00eds, resaltando la necesidad de una estrecha colaboraci\u00f3n con el personal de aeron\u00e1utica.<\/p>\n\n\n\n<p>Compromiso<\/p>\n\n\n\n<p>Entretanto, el ministro del CIV reiter\u00f3 el compromiso del Gobierno con la seguridad y la mejora de la infraestructura aeroportuaria. Alvarado destac\u00f3 que los aeropuertos son puentes que conectan a Guatemala con el mundo, y que es responsabilidad del Gobierno asegurar su funcionamiento \u00f3ptimo. Subray\u00f3 la importancia del convenio como un paso concreto para traducir las intenciones en acciones reales y efectivas.<\/p>\n\n\n\n<p>Alvarado tambi\u00e9n enfatiz\u00f3 la necesidad de adherirse a est\u00e1ndares internacionales, asegurando que Guatemala es un pa\u00eds que respeta las reglas globales. Mencion\u00f3 la disposici\u00f3n del Gobierno para trabajar en estrecha colaboraci\u00f3n con otros pa\u00edses y cumplir con compromisos internacionales, como los adquiridos con Estados Unidos en materia de transporte a\u00e9reo.<\/p>\n\n\n\n<p>Hacia una recuperaci\u00f3n sostenible<\/p>\n\n\n\n<p>El ministro concluy\u00f3 destacando la importancia de una recuperaci\u00f3n sostenida y permanente del sistema aeroportuario, llamando a la colaboraci\u00f3n continua entre el Ejecutivo y el Congreso de la Rep\u00fablica. Subray\u00f3 que los aeropuertos no son solo para una \u00e9lite que viaja al extranjero, sino que su buen funcionamiento es vital para la econom\u00eda de todo el pa\u00eds, incluyendo las comunidades m\u00e1s remotas.<\/p>\n\n\n\n<p>Con este convenio, Guatemala da un paso significativo hacia la modernizaci\u00f3n y la seguridad de su infraestructura aeroportuaria. La colaboraci\u00f3n entre el Mingob, el CIV y la DGAC no solo fortalecer\u00e1 la seguridad en los aeropuertos, sino que tambi\u00e9n mejorar\u00e1 la competitividad y la eficiencia operativa, beneficiando a todos los usuarios del sistema aeroportuario. Este esfuerzo conjunto refleja un compromiso s\u00f3lido con el desarrollo y la integraci\u00f3n de Guatemala<\/p>\n\n\n\n<p>Texto: Lincy Rodr\u00edguez<\/p>\n\n\n\n<p>#metroredes #aeropuertos<\/p>\n\n\n\n<figure class=\"wp-block-gallery has-nested-images columns-default is-cropped wp-block-gallery-1 is-layout-flex wp-block-gallery-is-layout-flex\">\n<figure class=\"wp-block-image size-large\"><img loading=\"lazy\" decoding=\"async\" width=\"1024\" height=\"683\" data-id=\"84282\" src=\"https:\/\/elmetropolitano.com.gt\/es\/wp-content\/uploads\/2024\/06\/444990413_958129212979829_74486624341891045_n-1024x683.jpg\" alt=\"\" class=\"wp-image-84282\" srcset=\"https:\/\/elmetropolitano.com.gt\/es\/wp-content\/uploads\/2024\/06\/444990413_958129212979829_74486624341891045_n-1024x683.jpg 1024w, https:\/\/elmetropolitano.com.gt\/es\/wp-content\/uploads\/2024\/06\/444990413_958129212979829_74486624341891045_n-300x200.jpg 300w, https:\/\/elmetropolitano.com.gt\/es\/wp-content\/uploads\/2024\/06\/444990413_958129212979829_74486624341891045_n-768x512.jpg 768w, https:\/\/elmetropolitano.com.gt\/es\/wp-content\/uploads\/2024\/06\/444990413_958129212979829_74486624341891045_n-1536x1025.jpg 1536w, https:\/\/elmetropolitano.com.gt\/es\/wp-content\/uploads\/2024\/06\/444990413_958129212979829_74486624341891045_n.jpg 2048w\" sizes=\"auto, (max-width: 1024px) 100vw, 1024px\" \/><\/figure>\n\n\n\n<figure class=\"wp-block-image size-large\"><img loading=\"lazy\" decoding=\"async\" width=\"1024\" height=\"683\" data-id=\"84283\" src=\"https:\/\/elmetropolitano.com.gt\/es\/wp-content\/uploads\/2024\/06\/444990871_958128919646525_4487703259233402357_n-1024x683.jpg\" alt=\"\" class=\"wp-image-84283\" srcset=\"https:\/\/elmetropolitano.com.gt\/es\/wp-content\/uploads\/2024\/06\/444990871_958128919646525_4487703259233402357_n-1024x683.jpg 1024w, https:\/\/elmetropolitano.com.gt\/es\/wp-content\/uploads\/2024\/06\/444990871_958128919646525_4487703259233402357_n-300x200.jpg 300w, https:\/\/elmetropolitano.com.gt\/es\/wp-content\/uploads\/2024\/06\/444990871_958128919646525_4487703259233402357_n-768x512.jpg 768w, https:\/\/elmetropolitano.com.gt\/es\/wp-content\/uploads\/2024\/06\/444990871_958128919646525_4487703259233402357_n-1536x1025.jpg 1536w, https:\/\/elmetropolitano.com.gt\/es\/wp-content\/uploads\/2024\/06\/444990871_958128919646525_4487703259233402357_n.jpg 2048w\" sizes=\"auto, (max-width: 1024px) 100vw, 1024px\" \/><\/figure>\n\n\n\n<figure class=\"wp-block-image size-large\"><img loading=\"lazy\" decoding=\"async\" width=\"1024\" height=\"683\" data-id=\"84284\" src=\"https:\/\/elmetropolitano.com.gt\/es\/wp-content\/uploads\/2024\/06\/447961062_958128936313190_6376781982571415038_n-1024x683.jpg\" alt=\"\" class=\"wp-image-84284\" srcset=\"https:\/\/elmetropolitano.com.gt\/es\/wp-content\/uploads\/2024\/06\/447961062_958128936313190_6376781982571415038_n-1024x683.jpg 1024w, https:\/\/elmetropolitano.com.gt\/es\/wp-content\/uploads\/2024\/06\/447961062_958128936313190_6376781982571415038_n-300x200.jpg 300w, https:\/\/elmetropolitano.com.gt\/es\/wp-content\/uploads\/2024\/06\/447961062_958128936313190_6376781982571415038_n-768x512.jpg 768w, https:\/\/elmetropolitano.com.gt\/es\/wp-content\/uploads\/2024\/06\/447961062_958128936313190_6376781982571415038_n-1536x1025.jpg 1536w, https:\/\/elmetropolitano.com.gt\/es\/wp-content\/uploads\/2024\/06\/447961062_958128936313190_6376781982571415038_n.jpg 2048w\" sizes=\"auto, (max-width: 1024px) 100vw, 1024px\" \/><\/figure>\n<\/figure>\n","protected":false},"excerpt":{"rendered":"<p>Este viernes se firm\u00f3 un convenio de cooperaci\u00f3n internacional entre el Ministerio de Gobernaci\u00f3n (Mingob), el Ministerio de Comunicaciones, Infraestructura y Vivienda (CIV), y la Direcci\u00f3n General de Aeron\u00e1utica Civil (DGAC) para fortalecer la seguridad en los aeropuertos y aer\u00f3dromos del pa\u00eds. En la mesa principal del evento estuvieron presentes figuras clave del Gobierno como <a class=\"read-more\" href=\"https:\/\/elmetropolitano.com.gt\/es\/instituciones-firman-convenio-para-la-seguridad-aeroportuaria\/\">Leer m\u00e1s<\/a><\/p>\n","protected":false},"author":1,"featured_media":84281,"comment_status":"open","ping_status":"closed","sticky":false,"template":"","format":"standard","meta":{"footnotes":""},"categories":[2],"tags":[12],"class_list":["post-84280","post","type-post","status-publish","format-standard","has-post-thumbnail","hentry","category-nacionales","tag-nacionales"],"_links":{"self":[{"href":"https:\/\/elmetropolitano.com.gt\/es\/wp-json\/wp\/v2\/posts\/84280","targetHints":{"allow":["GET"]}}],"collection":[{"href":"https:\/\/elmetropolitano.com.gt\/es\/wp-json\/wp\/v2\/posts"}],"about":[{"href":"https:\/\/elmetropolitano.com.gt\/es\/wp-json\/wp\/v2\/types\/post"}],"author":[{"embeddable":true,"href":"https:\/\/elmetropolitano.com.gt\/es\/wp-json\/wp\/v2\/users\/1"}],"replies":[{"embeddable":true,"href":"https:\/\/elmetropolitano.com.gt\/es\/wp-json\/wp\/v2\/comments?post=84280"}],"version-history":[{"count":1,"href":"https:\/\/elmetropolitano.com.gt\/es\/wp-json\/wp\/v2\/posts\/84280\/revisions"}],"predecessor-version":[{"id":84285,"href":"https:\/\/elmetropolitano.com.gt\/es\/wp-json\/wp\/v2\/posts\/84280\/revisions\/84285"}],"wp:featuredmedia":[{"embeddable":true,"href":"https:\/\/elmetropolitano.com.gt\/es\/wp-json\/wp\/v2\/media\/84281"}],"wp:attachment":[{"href":"https:\/\/elmetropolitano.com.gt\/es\/wp-json\/wp\/v2\/media?parent=84280"}],"wp:term":[{"taxonomy":"category","embeddable":true,"href":"https:\/\/elmetropolitano.com.gt\/es\/wp-json\/wp\/v2\/categories?post=84280"},{"taxonomy":"post_tag","embeddable":true,"href":"https:\/\/elmetropolitano.com.gt\/es\/wp-json\/wp\/v2\/tags?post=84280"}],"curies":[{"name":"wp","href":"https:\/\/api.w.org\/{rel}","templated":true}]}}