{"id":84314,"date":"2024-06-08T15:11:53","date_gmt":"2024-06-08T21:11:53","guid":{"rendered":"https:\/\/elmetropolitano.com.gt\/es\/?p=84314"},"modified":"2024-06-08T15:11:54","modified_gmt":"2024-06-08T21:11:54","slug":"lanzan-licitacion-para-aire-acondicionado-del-aeropuerto-la-aurora","status":"publish","type":"post","link":"https:\/\/elmetropolitano.com.gt\/es\/lanzan-licitacion-para-aire-acondicionado-del-aeropuerto-la-aurora\/","title":{"rendered":"lanzan licitaci\u00f3n para aire acondicionado del Aeropuerto La Aurora"},"content":{"rendered":"\n<p>Como parte de las mejoras que se implementan en el Aeropuerto Internacional La Aurora (AILA), la Direcci\u00f3n General de Aeron\u00e1utica Civil (DGAC) inici\u00f3 el proyecto de licitaci\u00f3n para realizar las mejoras del aire acondicionado.<\/p>\n\n\n\n<p>Azucena Zelaya, directora general interina de la DGAC, inform\u00f3 que desde este viernes 7 de junio se qued\u00f3 habilitado el proyecto de bases de licitaci\u00f3n para el servicio de mantenimiento y automatizaci\u00f3n para mejorar el aire acondicionado en las instalaciones del principal aeropuerto del pa\u00eds.<\/p><div class=\"elmet-contenido\" id=\"elmet-2882717792\"><div class=\"elmet-adlabel\">Anuncios<\/div><div style=\"margin-top: 20px;margin-right: 20px;margin-bottom: 20px;margin-left: 20px;\" id=\"elmet-2320075894\"><a href=\"https:\/\/www.facebook.com\/arrincuanantigua\/\" aria-label=\"cintillo-arrin-cual\"><img loading=\"lazy\" decoding=\"async\" src=\"https:\/\/elmetropolitano.com.gt\/es\/wp-content\/uploads\/2021\/11\/cintillo-arrin-cual-1.jpg\" alt=\"\"  srcset=\"https:\/\/elmetropolitano.com.gt\/es\/wp-content\/uploads\/2021\/11\/cintillo-arrin-cual-1.jpg 750w, https:\/\/elmetropolitano.com.gt\/es\/wp-content\/uploads\/2021\/11\/cintillo-arrin-cual-1-300x36.jpg 300w, https:\/\/elmetropolitano.com.gt\/es\/wp-content\/uploads\/2021\/11\/cintillo-arrin-cual-1-600x72.jpg 600w\" sizes=\"(max-width: 750px) 100vw, 750px\" width=\"750\" height=\"90\"   \/><\/a><\/div><\/div>\n\n\n\n<p>Invita a participar en licitaci\u00f3n<\/p>\n\n\n\n<p>Zelaya hace la invitaci\u00f3n a las empresas interesadas en participar, a que revisen el proyecto de bases de licitaci\u00f3n y especializaciones t\u00e9cnicas para que puedan presentar sus observaciones hasta el 14 de junio, luego se estar\u00e1n publicando las bases definitivas del concurso para que cualquier empresa interesada pueda participar en el mismo.<\/p>\n\n\n\n<p>Al respecto, dijo:<\/p>\n\n\n\n<p>Estamos comprometidos con los problemas que afectan al AILA, con acciones de corto, mediano y largo plazo, respetando los procesos correspondientes de acuerdo con las leyes vigentes y garantizando una ejecuci\u00f3n transparente.<\/p>\n\n\n\n<p>Mejoras en aeropuerto<\/p>\n\n\n\n<p>Desde febrero hasta mayo, el AILA ha experimentado significativas mejoras en sus instalaciones y procedimientos, en donde la DGAC comenz\u00f3 una autoevaluaci\u00f3n siguiendo varias observaciones realizadas por Organizaci\u00f3n de Aviaci\u00f3n Civil Internacional (OACI).<\/p>\n\n\n\n<p>Adem\u00e1s, este proceso de autoevaluaci\u00f3n es importante para asegurar que el aeropuerto cumpla con los m\u00e1s altos est\u00e1ndares internacionales en materia de seguridad y eficiencia operativa.<\/p>\n\n\n\n<p>Regulaci\u00f3n de tr\u00e1nsito<\/p>\n\n\n\n<p>Tambi\u00e9n se ha implementado un operativo para la regulaci\u00f3n del tr\u00e1nsito vehicular en el \u00e1rea de llegada al aeropuerto, con el fin de optimizar el flujo de veh\u00edculos y reducir el congestionamiento para que los viajeros tengo una mejor experiencia, con mejor seguridad y acceso al aeropuerto.<\/p>\n\n\n\n<p>Adem\u00e1s, se han realizado remodelaciones en las instalaciones donde se ubica el personal de Seguridad de Aviaci\u00f3n para mantener los altos niveles de seguridad y eficiencia en las operaciones diarias en el interior del aeropuerto.<\/p>\n\n\n\n<p>Asimismo, para mejorar la experiencia de los pasajeros durante el proceso de abordaje, se han habilitado m\u00e1s equipos de rayos X en el punto de chequeo central, que permite una revisi\u00f3n m\u00e1s r\u00e1pida y eficiente del equipaje de los pasajeros, reduciendo significativamente el tiempo de espera y agilizando el proceso de embarque.<\/p>\n\n\n\n<p>Para reforzar la seguridad aeroportuaria fueron incorporados 55 nuevos agentes, que juegan un papel esencial para la protecci\u00f3n de las instalaciones y de los pasajeros, a la hora de surgir alguna situaci\u00f3n de emergencia y dar resguardo a los usuarios.<\/p>\n\n\n\n<p>Las iniciativas implementadas desde febrero hasta mayo reflejan un esfuerzo continuo por parte del AILA para mejorar sus servicios e instalaciones. Con estos cambios, el aeropuerto se posiciona como un ejemplo de excelencia, comprometido con ofrecer una experiencia de alta calidad a todos sus usuarios<\/p>\n\n\n\n<p>Texto: Eduardo Mart\u00ednez<\/p>\n\n\n\n<p>#aeropuertolaaurora #metroredes<\/p>\n\n\n\n<p><\/p>\n","protected":false},"excerpt":{"rendered":"<p>Como parte de las mejoras que se implementan en el Aeropuerto Internacional La Aurora (AILA), la Direcci\u00f3n General de Aeron\u00e1utica Civil (DGAC) inici\u00f3 el proyecto de licitaci\u00f3n para realizar las mejoras del aire acondicionado. Azucena Zelaya, directora general interina de la DGAC, inform\u00f3 que desde este viernes 7 de junio se qued\u00f3 habilitado el proyecto <a class=\"read-more\" href=\"https:\/\/elmetropolitano.com.gt\/es\/lanzan-licitacion-para-aire-acondicionado-del-aeropuerto-la-aurora\/\">Leer m\u00e1s<\/a><\/p>\n","protected":false},"author":1,"featured_media":84315,"comment_status":"open","ping_status":"closed","sticky":false,"template":"","format":"standard","meta":{"footnotes":""},"categories":[2],"tags":[12],"class_list":["post-84314","post","type-post","status-publish","format-standard","has-post-thumbnail","hentry","category-nacionales","tag-nacionales"],"_links":{"self":[{"href":"https:\/\/elmetropolitano.com.gt\/es\/wp-json\/wp\/v2\/posts\/84314","targetHints":{"allow":["GET"]}}],"collection":[{"href":"https:\/\/elmetropolitano.com.gt\/es\/wp-json\/wp\/v2\/posts"}],"about":[{"href":"https:\/\/elmetropolitano.com.gt\/es\/wp-json\/wp\/v2\/types\/post"}],"author":[{"embeddable":true,"href":"https:\/\/elmetropolitano.com.gt\/es\/wp-json\/wp\/v2\/users\/1"}],"replies":[{"embeddable":true,"href":"https:\/\/elmetropolitano.com.gt\/es\/wp-json\/wp\/v2\/comments?post=84314"}],"version-history":[{"count":1,"href":"https:\/\/elmetropolitano.com.gt\/es\/wp-json\/wp\/v2\/posts\/84314\/revisions"}],"predecessor-version":[{"id":84316,"href":"https:\/\/elmetropolitano.com.gt\/es\/wp-json\/wp\/v2\/posts\/84314\/revisions\/84316"}],"wp:featuredmedia":[{"embeddable":true,"href":"https:\/\/elmetropolitano.com.gt\/es\/wp-json\/wp\/v2\/media\/84315"}],"wp:attachment":[{"href":"https:\/\/elmetropolitano.com.gt\/es\/wp-json\/wp\/v2\/media?parent=84314"}],"wp:term":[{"taxonomy":"category","embeddable":true,"href":"https:\/\/elmetropolitano.com.gt\/es\/wp-json\/wp\/v2\/categories?post=84314"},{"taxonomy":"post_tag","embeddable":true,"href":"https:\/\/elmetropolitano.com.gt\/es\/wp-json\/wp\/v2\/tags?post=84314"}],"curies":[{"name":"wp","href":"https:\/\/api.w.org\/{rel}","templated":true}]}}