{"id":84338,"date":"2024-06-09T09:16:16","date_gmt":"2024-06-09T15:16:16","guid":{"rendered":"https:\/\/elmetropolitano.com.gt\/es\/?p=84338"},"modified":"2024-06-09T09:16:19","modified_gmt":"2024-06-09T15:16:19","slug":"socavamiento-en-la-zona-18","status":"publish","type":"post","link":"https:\/\/elmetropolitano.com.gt\/es\/socavamiento-en-la-zona-18\/","title":{"rendered":"Socavamiento en la zona 18"},"content":{"rendered":"\n<p>La Coordinadora Nacional para la Reducci\u00f3n de Desastres (Conred) inform\u00f3 que la tarde-noche, del viernes 7 de junio se produjo un socavamiento en la intersecci\u00f3n hac\u00eda el puente Belice y la calzada La Paz, sobre el kil\u00f3metro 4.2, en zona 18.<\/p>\n\n\n\n<p>El incidente fue reportado a las 17:48 horas, del pasado viernes ante las autoridades de la Conred, que iniciaron las averiguaciones del socavamiento, ocurrido en kil\u00f3metro 4.2, de la ruta CA-9- NOR (en la zona 18).<\/p><div class=\"elmet-contenido\" id=\"elmet-2550558363\"><div class=\"elmet-adlabel\">Anuncios<\/div><div style=\"margin-top: 20px;margin-right: 20px;margin-bottom: 20px;margin-left: 20px;\" id=\"elmet-59915597\"><a href=\"https:\/\/www.facebook.com\/arrincuanantigua\/\" aria-label=\"cintillo-arrin-cual\"><img loading=\"lazy\" decoding=\"async\" src=\"https:\/\/elmetropolitano.com.gt\/es\/wp-content\/uploads\/2021\/11\/cintillo-arrin-cual-1.jpg\" alt=\"\"  srcset=\"https:\/\/elmetropolitano.com.gt\/es\/wp-content\/uploads\/2021\/11\/cintillo-arrin-cual-1.jpg 750w, https:\/\/elmetropolitano.com.gt\/es\/wp-content\/uploads\/2021\/11\/cintillo-arrin-cual-1-300x36.jpg 300w, https:\/\/elmetropolitano.com.gt\/es\/wp-content\/uploads\/2021\/11\/cintillo-arrin-cual-1-600x72.jpg 600w\" sizes=\"(max-width: 750px) 100vw, 750px\" width=\"750\" height=\"90\"   \/><\/a><\/div><\/div>\n\n\n\n<p>Seg\u00fan la informaci\u00f3n obtenida en el lugar, ocurri\u00f3 un hundimiento de la cinta asf\u00e1ltica como consecuencia del colapso de la l\u00ednea de drenajes en el sector.<\/p>\n\n\n\n<p>Asimismo, el personal de la Regi\u00f3n I, de la Regencia Norte en Los \u00c1lamos, de la Municipalidad de Guatemala en zona 18, acudi\u00f3 al lugar y realizaron la respectiva se\u00f1alizaci\u00f3n del \u00e1rea afecta para evitar que est\u00e1 pudiera causar alg\u00fan percance.<\/p>\n\n\n\n<p>Esto evidencia en el mal estado de la red vial de la ciudad capital a lo que no le a puesto importancia el alcalde Qui\u00f1ones del Partido Unionista.<\/p>\n\n\n\n<p><\/p>\n","protected":false},"excerpt":{"rendered":"<p>La Coordinadora Nacional para la Reducci\u00f3n de Desastres (Conred) inform\u00f3 que la tarde-noche, del viernes 7 de junio se produjo un socavamiento en la intersecci\u00f3n hac\u00eda el puente Belice y la calzada La Paz, sobre el kil\u00f3metro 4.2, en zona 18. El incidente fue reportado a las 17:48 horas, del pasado viernes ante las autoridades <a class=\"read-more\" href=\"https:\/\/elmetropolitano.com.gt\/es\/socavamiento-en-la-zona-18\/\">Leer m\u00e1s<\/a><\/p>\n","protected":false},"author":1,"featured_media":84339,"comment_status":"open","ping_status":"closed","sticky":false,"template":"","format":"standard","meta":{"footnotes":""},"categories":[2],"tags":[12],"class_list":["post-84338","post","type-post","status-publish","format-standard","has-post-thumbnail","hentry","category-nacionales","tag-nacionales"],"_links":{"self":[{"href":"https:\/\/elmetropolitano.com.gt\/es\/wp-json\/wp\/v2\/posts\/84338","targetHints":{"allow":["GET"]}}],"collection":[{"href":"https:\/\/elmetropolitano.com.gt\/es\/wp-json\/wp\/v2\/posts"}],"about":[{"href":"https:\/\/elmetropolitano.com.gt\/es\/wp-json\/wp\/v2\/types\/post"}],"author":[{"embeddable":true,"href":"https:\/\/elmetropolitano.com.gt\/es\/wp-json\/wp\/v2\/users\/1"}],"replies":[{"embeddable":true,"href":"https:\/\/elmetropolitano.com.gt\/es\/wp-json\/wp\/v2\/comments?post=84338"}],"version-history":[{"count":1,"href":"https:\/\/elmetropolitano.com.gt\/es\/wp-json\/wp\/v2\/posts\/84338\/revisions"}],"predecessor-version":[{"id":84340,"href":"https:\/\/elmetropolitano.com.gt\/es\/wp-json\/wp\/v2\/posts\/84338\/revisions\/84340"}],"wp:featuredmedia":[{"embeddable":true,"href":"https:\/\/elmetropolitano.com.gt\/es\/wp-json\/wp\/v2\/media\/84339"}],"wp:attachment":[{"href":"https:\/\/elmetropolitano.com.gt\/es\/wp-json\/wp\/v2\/media?parent=84338"}],"wp:term":[{"taxonomy":"category","embeddable":true,"href":"https:\/\/elmetropolitano.com.gt\/es\/wp-json\/wp\/v2\/categories?post=84338"},{"taxonomy":"post_tag","embeddable":true,"href":"https:\/\/elmetropolitano.com.gt\/es\/wp-json\/wp\/v2\/tags?post=84338"}],"curies":[{"name":"wp","href":"https:\/\/api.w.org\/{rel}","templated":true}]}}