{"id":84346,"date":"2024-06-09T09:20:14","date_gmt":"2024-06-09T15:20:14","guid":{"rendered":"https:\/\/elmetropolitano.com.gt\/es\/?p=84346"},"modified":"2024-06-09T09:20:15","modified_gmt":"2024-06-09T15:20:15","slug":"conred-y-maga-entregan-ayuda-alimentaria-a-afectados-por-incendios-en-alta-verapaz","status":"publish","type":"post","link":"https:\/\/elmetropolitano.com.gt\/es\/conred-y-maga-entregan-ayuda-alimentaria-a-afectados-por-incendios-en-alta-verapaz\/","title":{"rendered":"Conred y MAGA entregan ayuda alimentaria a afectados por incendios en Alta Verapaz"},"content":{"rendered":"\n<p>Para contribuir con las familias que han resultado afectadas por los incendios, las autoridades del Ministerio de Agricultura, Ganader\u00eda y Alimentaci\u00f3n (MAGA) hicieron entrega este s\u00e1bado 8 de junio, de ayuda consistente en granos b\u00e1sicos en varios municipios de Alta Verapaz.<\/p>\n\n\n\n<p>Como consecuencia de la alerta roja declarada en el departamento de Alta Verapaz, en donde se han registrado en la actual temporada 239 incendios, fue necesaria la activaci\u00f3n la funci\u00f3n 4, del Plan Nacional de Respuesta que consiste en la gesti\u00f3n de alimentos, por parte de la Coordinadora Nacional para la Reducci\u00f3n de Desastres (Conred).<\/p><div class=\"elmet-contenido\" id=\"elmet-2377676541\"><div class=\"elmet-adlabel\">Anuncios<\/div><div style=\"margin-top: 20px;margin-right: 20px;margin-bottom: 20px;margin-left: 20px;\" id=\"elmet-3810989086\"><a href=\"https:\/\/www.facebook.com\/arrincuanantigua\/\" aria-label=\"cintillo-arrin-cual\"><img loading=\"lazy\" decoding=\"async\" src=\"https:\/\/elmetropolitano.com.gt\/es\/wp-content\/uploads\/2021\/11\/cintillo-arrin-cual-1.jpg\" alt=\"\"  srcset=\"https:\/\/elmetropolitano.com.gt\/es\/wp-content\/uploads\/2021\/11\/cintillo-arrin-cual-1.jpg 750w, https:\/\/elmetropolitano.com.gt\/es\/wp-content\/uploads\/2021\/11\/cintillo-arrin-cual-1-300x36.jpg 300w, https:\/\/elmetropolitano.com.gt\/es\/wp-content\/uploads\/2021\/11\/cintillo-arrin-cual-1-600x72.jpg 600w\" sizes=\"(max-width: 750px) 100vw, 750px\" width=\"750\" height=\"90\"   \/><\/a><\/div><\/div>\n\n\n\n<p>Solicitaron ayuda humanitaria<\/p>\n\n\n\n<p>Asimismo, el Centro de Operaciones de Emergencia (COE), a solicitud de la Gobernaci\u00f3n Departamental y alcaldes notificaron al MAGA para apoyar con ayuda humanitaria a 12 mil 598 familias que resultaron con p\u00e9rdidas en sus cosechas a consecuencia de los incendios.<\/p>\n\n\n\n<p>Dicha ayuda humanitaria consisti\u00f3 en la entrega de tres bolsas con cinco libras de frijol negro; cinco libras de arroz blanco y un saco de 50 libras de ma\u00edz blanco, que fueron suministrados por el Viceministerio de Seguridad Alimentaria y Nutricional (Visan), del MAGA.<\/p>\n\n\n\n<p>Las familias que fueron beneficiadas se encuentran ubicadas en los municipios de: Cahab\u00f3n con 5 mil 196; Chahal con mil 673; Fray Bartolom\u00e9 de las Casas con 2 mil 540; Lanqu\u00edn con 3 mil 69 y San Crist\u00f3bal con 120 entregas de alimentos.<\/p>\n\n\n\n<p>As\u00ed tambi\u00e9n, se inform\u00f3 que 8 mil 675 bolsas de alimentos fueron entregados a los representantes de la Conred, en las bodegas de Tactic, Alta Verapaz, y durante los pr\u00f3ximos d\u00edas se entregar\u00e1n 3 mil 923 alimentos para las familias restantes.<\/p>\n\n\n\n<p>Con esta acci\u00f3n, el MAGA reafirma su compromiso de apoyar con asistencia alimentaria a las familias que resultan afectadas por fen\u00f3menos naturales en el pa\u00eds.<\/p>\n\n\n\n<p>Mientras tanto, el Sistema Conred reitera su compromiso de salvaguardar la vida de los guatemaltecos, as\u00ed como los recursos naturales del pa\u00eds.<\/p>\n\n\n\n<p>Texto: Eduardo Mart\u00ednez<\/p>\n\n\n\n<p>#IncendiosForestales #CONRED #MAGA #metroredes<\/p>\n\n\n\n<figure class=\"wp-block-gallery has-nested-images columns-default is-cropped wp-block-gallery-1 is-layout-flex wp-block-gallery-is-layout-flex\">\n<figure class=\"wp-block-image size-large\"><img loading=\"lazy\" decoding=\"async\" width=\"1024\" height=\"768\" data-id=\"84349\" src=\"https:\/\/elmetropolitano.com.gt\/es\/wp-content\/uploads\/2024\/06\/448091173_958894376236646_5350010215521211021_n-1024x768.jpg\" alt=\"\" class=\"wp-image-84349\" srcset=\"https:\/\/elmetropolitano.com.gt\/es\/wp-content\/uploads\/2024\/06\/448091173_958894376236646_5350010215521211021_n-1024x768.jpg 1024w, https:\/\/elmetropolitano.com.gt\/es\/wp-content\/uploads\/2024\/06\/448091173_958894376236646_5350010215521211021_n-300x225.jpg 300w, https:\/\/elmetropolitano.com.gt\/es\/wp-content\/uploads\/2024\/06\/448091173_958894376236646_5350010215521211021_n-768x576.jpg 768w, https:\/\/elmetropolitano.com.gt\/es\/wp-content\/uploads\/2024\/06\/448091173_958894376236646_5350010215521211021_n-1536x1152.jpg 1536w, https:\/\/elmetropolitano.com.gt\/es\/wp-content\/uploads\/2024\/06\/448091173_958894376236646_5350010215521211021_n.jpg 1600w\" sizes=\"auto, (max-width: 1024px) 100vw, 1024px\" \/><\/figure>\n\n\n\n<figure class=\"wp-block-image size-large\"><img loading=\"lazy\" decoding=\"async\" width=\"1024\" height=\"512\" data-id=\"84348\" src=\"https:\/\/elmetropolitano.com.gt\/es\/wp-content\/uploads\/2024\/06\/448091667_958894382903312_7400727138359155833_n-1024x512.jpg\" alt=\"\" class=\"wp-image-84348\" srcset=\"https:\/\/elmetropolitano.com.gt\/es\/wp-content\/uploads\/2024\/06\/448091667_958894382903312_7400727138359155833_n-1024x512.jpg 1024w, https:\/\/elmetropolitano.com.gt\/es\/wp-content\/uploads\/2024\/06\/448091667_958894382903312_7400727138359155833_n-300x150.jpg 300w, https:\/\/elmetropolitano.com.gt\/es\/wp-content\/uploads\/2024\/06\/448091667_958894382903312_7400727138359155833_n-768x384.jpg 768w, https:\/\/elmetropolitano.com.gt\/es\/wp-content\/uploads\/2024\/06\/448091667_958894382903312_7400727138359155833_n.jpg 1140w\" sizes=\"auto, (max-width: 1024px) 100vw, 1024px\" \/><\/figure>\n\n\n\n<figure class=\"wp-block-image size-large\"><img loading=\"lazy\" decoding=\"async\" width=\"1024\" height=\"768\" data-id=\"84350\" src=\"https:\/\/elmetropolitano.com.gt\/es\/wp-content\/uploads\/2024\/06\/448123769_958894592903291_6241419917695369396_n-1024x768.jpg\" alt=\"\" class=\"wp-image-84350\" srcset=\"https:\/\/elmetropolitano.com.gt\/es\/wp-content\/uploads\/2024\/06\/448123769_958894592903291_6241419917695369396_n-1024x768.jpg 1024w, https:\/\/elmetropolitano.com.gt\/es\/wp-content\/uploads\/2024\/06\/448123769_958894592903291_6241419917695369396_n-300x225.jpg 300w, https:\/\/elmetropolitano.com.gt\/es\/wp-content\/uploads\/2024\/06\/448123769_958894592903291_6241419917695369396_n-768x576.jpg 768w, https:\/\/elmetropolitano.com.gt\/es\/wp-content\/uploads\/2024\/06\/448123769_958894592903291_6241419917695369396_n-1536x1152.jpg 1536w, https:\/\/elmetropolitano.com.gt\/es\/wp-content\/uploads\/2024\/06\/448123769_958894592903291_6241419917695369396_n.jpg 1600w\" sizes=\"auto, (max-width: 1024px) 100vw, 1024px\" \/><\/figure>\n<\/figure>\n","protected":false},"excerpt":{"rendered":"<p>Para contribuir con las familias que han resultado afectadas por los incendios, las autoridades del Ministerio de Agricultura, Ganader\u00eda y Alimentaci\u00f3n (MAGA) hicieron entrega este s\u00e1bado 8 de junio, de ayuda consistente en granos b\u00e1sicos en varios municipios de Alta Verapaz. Como consecuencia de la alerta roja declarada en el departamento de Alta Verapaz, en <a class=\"read-more\" href=\"https:\/\/elmetropolitano.com.gt\/es\/conred-y-maga-entregan-ayuda-alimentaria-a-afectados-por-incendios-en-alta-verapaz\/\">Leer m\u00e1s<\/a><\/p>\n","protected":false},"author":1,"featured_media":84347,"comment_status":"open","ping_status":"closed","sticky":false,"template":"","format":"standard","meta":{"footnotes":""},"categories":[2],"tags":[12],"class_list":["post-84346","post","type-post","status-publish","format-standard","has-post-thumbnail","hentry","category-nacionales","tag-nacionales"],"_links":{"self":[{"href":"https:\/\/elmetropolitano.com.gt\/es\/wp-json\/wp\/v2\/posts\/84346","targetHints":{"allow":["GET"]}}],"collection":[{"href":"https:\/\/elmetropolitano.com.gt\/es\/wp-json\/wp\/v2\/posts"}],"about":[{"href":"https:\/\/elmetropolitano.com.gt\/es\/wp-json\/wp\/v2\/types\/post"}],"author":[{"embeddable":true,"href":"https:\/\/elmetropolitano.com.gt\/es\/wp-json\/wp\/v2\/users\/1"}],"replies":[{"embeddable":true,"href":"https:\/\/elmetropolitano.com.gt\/es\/wp-json\/wp\/v2\/comments?post=84346"}],"version-history":[{"count":1,"href":"https:\/\/elmetropolitano.com.gt\/es\/wp-json\/wp\/v2\/posts\/84346\/revisions"}],"predecessor-version":[{"id":84351,"href":"https:\/\/elmetropolitano.com.gt\/es\/wp-json\/wp\/v2\/posts\/84346\/revisions\/84351"}],"wp:featuredmedia":[{"embeddable":true,"href":"https:\/\/elmetropolitano.com.gt\/es\/wp-json\/wp\/v2\/media\/84347"}],"wp:attachment":[{"href":"https:\/\/elmetropolitano.com.gt\/es\/wp-json\/wp\/v2\/media?parent=84346"}],"wp:term":[{"taxonomy":"category","embeddable":true,"href":"https:\/\/elmetropolitano.com.gt\/es\/wp-json\/wp\/v2\/categories?post=84346"},{"taxonomy":"post_tag","embeddable":true,"href":"https:\/\/elmetropolitano.com.gt\/es\/wp-json\/wp\/v2\/tags?post=84346"}],"curies":[{"name":"wp","href":"https:\/\/api.w.org\/{rel}","templated":true}]}}