{"id":84427,"date":"2024-06-10T20:53:47","date_gmt":"2024-06-11T02:53:47","guid":{"rendered":"https:\/\/elmetropolitano.com.gt\/es\/?p=84427"},"modified":"2024-06-10T20:53:48","modified_gmt":"2024-06-11T02:53:48","slug":"diputado-jairo-flores-hay-compadre-hablado-para-aprobar-ampliacion-presupuestaria","status":"publish","type":"post","link":"https:\/\/elmetropolitano.com.gt\/es\/diputado-jairo-flores-hay-compadre-hablado-para-aprobar-ampliacion-presupuestaria\/","title":{"rendered":"Diputado Jairo Flores, \u00abhay compadre hablado\u00bb para aprobar ampliaci\u00f3n presupuestaria"},"content":{"rendered":"\n<p>El diputado Jairo Flores, jefe de bancada del bloque VOS, critic\u00f3 hoy la ampliaci\u00f3n presupuestaria al decir que \u00abhay compadre hablado\u00bb.<\/p>\n\n\n\n<p>En tanto, el congresista Orlando Blanco denunci\u00f3 que esta vez, Semilla y VAMOS votaran por la ampliaci\u00f3n presupuestaria.<\/p><div class=\"elmet-contenido\" id=\"elmet-3622558986\"><div class=\"elmet-adlabel\">Anuncios<\/div><div style=\"margin-top: 20px;margin-right: 20px;margin-bottom: 20px;margin-left: 20px;\" id=\"elmet-1337676827\"><a href=\"https:\/\/www.facebook.com\/arrincuanantigua\/\" aria-label=\"cintillo-arrin-cual\"><img loading=\"lazy\" decoding=\"async\" src=\"https:\/\/elmetropolitano.com.gt\/es\/wp-content\/uploads\/2021\/11\/cintillo-arrin-cual-1.jpg\" alt=\"\"  srcset=\"https:\/\/elmetropolitano.com.gt\/es\/wp-content\/uploads\/2021\/11\/cintillo-arrin-cual-1.jpg 750w, https:\/\/elmetropolitano.com.gt\/es\/wp-content\/uploads\/2021\/11\/cintillo-arrin-cual-1-300x36.jpg 300w, https:\/\/elmetropolitano.com.gt\/es\/wp-content\/uploads\/2021\/11\/cintillo-arrin-cual-1-600x72.jpg 600w\" sizes=\"(max-width: 750px) 100vw, 750px\" width=\"750\" height=\"90\"   \/><\/a><\/div><\/div>\n\n\n\n<p>El <a><\/a>bloque VOS se reuni\u00f3 con Walter Figueroa, Viceministro administraci\u00f3n financiera; Blanca Ib\u00e1\u00f1ez, de la Direcci\u00f3n t\u00e9cnica del presupuesto y Patricia Joachin, viceministra de ingresos y evaluaci\u00f3n fiscal, los tres del Ministerio de Finanzas y V\u00edctor Hugo Godoy de la Secretar\u00eda de Coordinaci\u00f3n Ejecutiva de la Presidencia y dijeron que analizan el voto del proyecto de ampliaci\u00f3n presupuestaria 2024, a la vez que durante la reuni\u00f3n criticaron algunos aspectos del mismo.<\/p>\n\n\n\n<p>Los analistas pol\u00edticos no se explican por qu\u00e9 VOS se oponen al gobierno de Ar\u00e9valo y podr\u00eda ser que no consigui\u00f3 ning\u00fan cargo en el ejecutivo o proyecto de infraestructura para obtener ganancias.<\/p>\n\n\n\n<p>M\u00e1s objeciones<\/p>\n\n\n\n<p>Seg\u00fan dijo el parlamentario Orlando Blanco, se logr\u00f3 identificar que la ampliaci\u00f3n presupuestaria de Q14 mil 541 millones, ser\u00eda para los Consejos de Desarrollo Urbano y Rural la cantidad de mil 675 millones de quetzales, sin criterios t\u00e9cnicos y sin solicitud de los gobernadores.<\/p>\n\n\n\n<p>Se le cuestion\u00f3 al viceministro Figueroa si sab\u00eda algo en relaci\u00f3n a la solicitud de los gobernadores y dijo que no; tampoco Godoy neg\u00f3 haber negociado esa cantidad con los gobernadores.<\/p>\n\n\n\n<p>Por lo mismo, dijo el congresista Blanco, el bloque VOS seguir\u00e1 analizando el proyecto de presupuesto, en tanto el diputado Jairo Flores critic\u00f3 el hecho de que la Comisi\u00f3n de Finanzas se re\u00fane este mi\u00e9rcoles \u201ca compadre hablado\u201d, con Jonathan Menkos, ministro de Finanzas para dictaminar el proyecto de ampliaci\u00f3n presupuestaria.<\/p>\n\n\n\n<p>Figueroa, viceministro de Finanzas expuso que al momento las gobernaciones departamentales llevan 4.3% de ejecuci\u00f3n presupuestaria, lo cual fue criticado por los diputados de VOS, quienes expusieron que no se cubre la inseguridad alimentaria, la pobreza, ni la extrema pobreza, y menos que se le ponga atenci\u00f3n a la salud.<\/p>\n\n\n\n<p>Contrario a eso, Figueroa asegur\u00f3 que si se le pone atenci\u00f3n a los municipios del corredor seco y el prop\u00f3sito es llevar el desarrollo econ\u00f3mico a los que tienen necesidades, adem\u00e1s de las solicitudes de agua y saneamiento que se han hecho.<\/p>\n\n\n\n<p><a href=\"https:\/\/www.facebook.com\/hashtag\/congresodelarepublica?__eep__=6&amp;__cft__[0]=AZXYL0UtGJmrPYgUHNthG8xWUo1YB_EnkPd4Rfqp_rndIXWLRC4pGYD3Ee77UI75S830eSyaZfAhoScbJNBhlcPDvCTvfcjp1ASHV1JGEZDSZKbPt09-hMQIM-oPx2y1BF344j7c0dPKs2YW1vt6Vw0mIreUIy59wVRGbMzCunV_yhsHrSnqQKboA8qkfPztOAuYRWO4RX-EGTPWRwoe7ZBR&amp;__tn__=*NK-R\">#CongresoDeLaRepublica<\/a><a href=\"https:\/\/www.facebook.com\/hashtag\/congresogt?__eep__=6&amp;__cft__[0]=AZXYL0UtGJmrPYgUHNthG8xWUo1YB_EnkPd4Rfqp_rndIXWLRC4pGYD3Ee77UI75S830eSyaZfAhoScbJNBhlcPDvCTvfcjp1ASHV1JGEZDSZKbPt09-hMQIM-oPx2y1BF344j7c0dPKs2YW1vt6Vw0mIreUIy59wVRGbMzCunV_yhsHrSnqQKboA8qkfPztOAuYRWO4RX-EGTPWRwoe7ZBR&amp;__tn__=*NK-R\">#CongresoGT<\/a><a href=\"https:\/\/www.facebook.com\/hashtag\/metropredes?__eep__=6&amp;__cft__[0]=AZXYL0UtGJmrPYgUHNthG8xWUo1YB_EnkPd4Rfqp_rndIXWLRC4pGYD3Ee77UI75S830eSyaZfAhoScbJNBhlcPDvCTvfcjp1ASHV1JGEZDSZKbPt09-hMQIM-oPx2y1BF344j7c0dPKs2YW1vt6Vw0mIreUIy59wVRGbMzCunV_yhsHrSnqQKboA8qkfPztOAuYRWO4RX-EGTPWRwoe7ZBR&amp;__tn__=*NK-R\">#metropredes<\/a><a href=\"https:\/\/www.facebook.com\/hashtag\/partidovos?__eep__=6&amp;__cft__[0]=AZXYL0UtGJmrPYgUHNthG8xWUo1YB_EnkPd4Rfqp_rndIXWLRC4pGYD3Ee77UI75S830eSyaZfAhoScbJNBhlcPDvCTvfcjp1ASHV1JGEZDSZKbPt09-hMQIM-oPx2y1BF344j7c0dPKs2YW1vt6Vw0mIreUIy59wVRGbMzCunV_yhsHrSnqQKboA8qkfPztOAuYRWO4RX-EGTPWRwoe7ZBR&amp;__tn__=*NK-R\">#partidoVOS<\/a><\/p>\n\n\n\n<figure class=\"wp-block-gallery has-nested-images columns-default is-cropped wp-block-gallery-1 is-layout-flex wp-block-gallery-is-layout-flex\">\n<figure class=\"wp-block-image size-large\"><img loading=\"lazy\" decoding=\"async\" width=\"1024\" height=\"683\" data-id=\"84431\" src=\"https:\/\/elmetropolitano.com.gt\/es\/wp-content\/uploads\/2024\/06\/448098269_960107069448710_5601956183304026723_n-1024x683.jpg\" alt=\"\" class=\"wp-image-84431\" srcset=\"https:\/\/elmetropolitano.com.gt\/es\/wp-content\/uploads\/2024\/06\/448098269_960107069448710_5601956183304026723_n-1024x683.jpg 1024w, https:\/\/elmetropolitano.com.gt\/es\/wp-content\/uploads\/2024\/06\/448098269_960107069448710_5601956183304026723_n-300x200.jpg 300w, https:\/\/elmetropolitano.com.gt\/es\/wp-content\/uploads\/2024\/06\/448098269_960107069448710_5601956183304026723_n-768x512.jpg 768w, https:\/\/elmetropolitano.com.gt\/es\/wp-content\/uploads\/2024\/06\/448098269_960107069448710_5601956183304026723_n.jpg 1280w\" sizes=\"auto, (max-width: 1024px) 100vw, 1024px\" \/><\/figure>\n\n\n\n<figure class=\"wp-block-image size-large\"><img loading=\"lazy\" decoding=\"async\" width=\"1024\" height=\"683\" data-id=\"84429\" src=\"https:\/\/elmetropolitano.com.gt\/es\/wp-content\/uploads\/2024\/06\/448142518_960107039448713_264039635660173406_n-1024x683.jpg\" alt=\"\" class=\"wp-image-84429\" srcset=\"https:\/\/elmetropolitano.com.gt\/es\/wp-content\/uploads\/2024\/06\/448142518_960107039448713_264039635660173406_n-1024x683.jpg 1024w, https:\/\/elmetropolitano.com.gt\/es\/wp-content\/uploads\/2024\/06\/448142518_960107039448713_264039635660173406_n-300x200.jpg 300w, https:\/\/elmetropolitano.com.gt\/es\/wp-content\/uploads\/2024\/06\/448142518_960107039448713_264039635660173406_n-768x512.jpg 768w, https:\/\/elmetropolitano.com.gt\/es\/wp-content\/uploads\/2024\/06\/448142518_960107039448713_264039635660173406_n.jpg 1280w\" sizes=\"auto, (max-width: 1024px) 100vw, 1024px\" \/><\/figure>\n\n\n\n<figure class=\"wp-block-image size-large\"><img loading=\"lazy\" decoding=\"async\" width=\"1024\" height=\"683\" data-id=\"84430\" src=\"https:\/\/elmetropolitano.com.gt\/es\/wp-content\/uploads\/2024\/06\/448150480_960107076115376_8770491183220809194_n-1024x683.jpg\" alt=\"\" class=\"wp-image-84430\" srcset=\"https:\/\/elmetropolitano.com.gt\/es\/wp-content\/uploads\/2024\/06\/448150480_960107076115376_8770491183220809194_n-1024x683.jpg 1024w, https:\/\/elmetropolitano.com.gt\/es\/wp-content\/uploads\/2024\/06\/448150480_960107076115376_8770491183220809194_n-300x200.jpg 300w, https:\/\/elmetropolitano.com.gt\/es\/wp-content\/uploads\/2024\/06\/448150480_960107076115376_8770491183220809194_n-768x512.jpg 768w, https:\/\/elmetropolitano.com.gt\/es\/wp-content\/uploads\/2024\/06\/448150480_960107076115376_8770491183220809194_n.jpg 1280w\" sizes=\"auto, (max-width: 1024px) 100vw, 1024px\" \/><\/figure>\n\n\n\n<figure class=\"wp-block-image size-large\"><img loading=\"lazy\" decoding=\"async\" width=\"1024\" height=\"683\" data-id=\"84432\" src=\"https:\/\/elmetropolitano.com.gt\/es\/wp-content\/uploads\/2024\/06\/448226653_960107046115379_8038049901133252534_n-1024x683.jpg\" alt=\"\" class=\"wp-image-84432\" srcset=\"https:\/\/elmetropolitano.com.gt\/es\/wp-content\/uploads\/2024\/06\/448226653_960107046115379_8038049901133252534_n-1024x683.jpg 1024w, https:\/\/elmetropolitano.com.gt\/es\/wp-content\/uploads\/2024\/06\/448226653_960107046115379_8038049901133252534_n-300x200.jpg 300w, https:\/\/elmetropolitano.com.gt\/es\/wp-content\/uploads\/2024\/06\/448226653_960107046115379_8038049901133252534_n-768x512.jpg 768w, https:\/\/elmetropolitano.com.gt\/es\/wp-content\/uploads\/2024\/06\/448226653_960107046115379_8038049901133252534_n.jpg 1280w\" sizes=\"auto, (max-width: 1024px) 100vw, 1024px\" \/><\/figure>\n<\/figure>\n","protected":false},"excerpt":{"rendered":"<p>El diputado Jairo Flores, jefe de bancada del bloque VOS, critic\u00f3 hoy la ampliaci\u00f3n presupuestaria al decir que \u00abhay compadre hablado\u00bb. En tanto, el congresista Orlando Blanco denunci\u00f3 que esta vez, Semilla y VAMOS votaran por la ampliaci\u00f3n presupuestaria. El bloque VOS se reuni\u00f3 con Walter Figueroa, Viceministro administraci\u00f3n financiera; Blanca Ib\u00e1\u00f1ez, de la Direcci\u00f3n <a class=\"read-more\" href=\"https:\/\/elmetropolitano.com.gt\/es\/diputado-jairo-flores-hay-compadre-hablado-para-aprobar-ampliacion-presupuestaria\/\">Leer m\u00e1s<\/a><\/p>\n","protected":false},"author":1,"featured_media":84428,"comment_status":"open","ping_status":"closed","sticky":false,"template":"","format":"standard","meta":{"footnotes":""},"categories":[2],"tags":[12],"class_list":["post-84427","post","type-post","status-publish","format-standard","has-post-thumbnail","hentry","category-nacionales","tag-nacionales"],"_links":{"self":[{"href":"https:\/\/elmetropolitano.com.gt\/es\/wp-json\/wp\/v2\/posts\/84427","targetHints":{"allow":["GET"]}}],"collection":[{"href":"https:\/\/elmetropolitano.com.gt\/es\/wp-json\/wp\/v2\/posts"}],"about":[{"href":"https:\/\/elmetropolitano.com.gt\/es\/wp-json\/wp\/v2\/types\/post"}],"author":[{"embeddable":true,"href":"https:\/\/elmetropolitano.com.gt\/es\/wp-json\/wp\/v2\/users\/1"}],"replies":[{"embeddable":true,"href":"https:\/\/elmetropolitano.com.gt\/es\/wp-json\/wp\/v2\/comments?post=84427"}],"version-history":[{"count":1,"href":"https:\/\/elmetropolitano.com.gt\/es\/wp-json\/wp\/v2\/posts\/84427\/revisions"}],"predecessor-version":[{"id":84433,"href":"https:\/\/elmetropolitano.com.gt\/es\/wp-json\/wp\/v2\/posts\/84427\/revisions\/84433"}],"wp:featuredmedia":[{"embeddable":true,"href":"https:\/\/elmetropolitano.com.gt\/es\/wp-json\/wp\/v2\/media\/84428"}],"wp:attachment":[{"href":"https:\/\/elmetropolitano.com.gt\/es\/wp-json\/wp\/v2\/media?parent=84427"}],"wp:term":[{"taxonomy":"category","embeddable":true,"href":"https:\/\/elmetropolitano.com.gt\/es\/wp-json\/wp\/v2\/categories?post=84427"},{"taxonomy":"post_tag","embeddable":true,"href":"https:\/\/elmetropolitano.com.gt\/es\/wp-json\/wp\/v2\/tags?post=84427"}],"curies":[{"name":"wp","href":"https:\/\/api.w.org\/{rel}","templated":true}]}}