{"id":84448,"date":"2024-06-10T21:07:43","date_gmt":"2024-06-11T03:07:43","guid":{"rendered":"https:\/\/elmetropolitano.com.gt\/es\/?p=84448"},"modified":"2024-06-10T21:07:44","modified_gmt":"2024-06-11T03:07:44","slug":"defensor-del-pueblo-o-protagonismo-politico","status":"publish","type":"post","link":"https:\/\/elmetropolitano.com.gt\/es\/defensor-del-pueblo-o-protagonismo-politico\/","title":{"rendered":"Defensor del pueblo o protagonismo pol\u00edtico"},"content":{"rendered":"\n<p>El diputado Julio Portillo del partido Cabal present\u00f3 a Direcci\u00f3n Legislativa una iniciativa de ley para la reducci\u00f3n del Congreso de la Rep\u00fablica del precio de la canasta b\u00e1sica, que incluye exonerar del IVA a art\u00edculos esenciales de productos de consumo diario.<\/p>\n\n\n\n<p>El <a><\/a>diputado representante de Zacapa indic\u00f3 que esta iniciativa crea de una comisi\u00f3n de la canasta b\u00e1sica, que velar\u00eda por la regulaci\u00f3n de los precios para que est\u00e9n conforme el salario m\u00ednimo de los guatemaltecos.<\/p><div class=\"elmet-contenido\" id=\"elmet-2884751284\"><div class=\"elmet-adlabel\">Anuncios<\/div><div style=\"margin-top: 20px;margin-right: 20px;margin-bottom: 20px;margin-left: 20px;\" id=\"elmet-2967105538\"><a href=\"https:\/\/www.facebook.com\/arrincuanantigua\/\" aria-label=\"cintillo-arrin-cual\"><img loading=\"lazy\" decoding=\"async\" src=\"https:\/\/elmetropolitano.com.gt\/es\/wp-content\/uploads\/2021\/11\/cintillo-arrin-cual-1.jpg\" alt=\"\"  srcset=\"https:\/\/elmetropolitano.com.gt\/es\/wp-content\/uploads\/2021\/11\/cintillo-arrin-cual-1.jpg 750w, https:\/\/elmetropolitano.com.gt\/es\/wp-content\/uploads\/2021\/11\/cintillo-arrin-cual-1-300x36.jpg 300w, https:\/\/elmetropolitano.com.gt\/es\/wp-content\/uploads\/2021\/11\/cintillo-arrin-cual-1-600x72.jpg 600w\" sizes=\"(max-width: 750px) 100vw, 750px\" width=\"750\" height=\"90\"   \/><\/a><\/div><\/div>\n\n\n\n<p>Todo p\u00e1rese indicar que el parlamentario Portillo solo busca protagonismo pol\u00edtico despu\u00e9s del percance Vial en la ciudad capital donde muri\u00f3 un gente de la PNC que le brindaba seguridad y ahora se quiere presentar como el defensor del pueblo.<\/p>\n\n\n\n<p><a href=\"https:\/\/www.facebook.com\/hashtag\/metroredes?__eep__=6&amp;__cft__[0]=AZWsAjT9v7aWp0ruXpUH61TKFZcDVEouh57LC_Icz6gI9QjMHfM2pfTB6Qg8aXCLfojQl7Z5yOsoN2Nq8WWYi7dj7_8XHP77EUP4GAj2RLp8loutXjiG1mhyCKjnVVzJ0epDvWHxZkv0UAQvV2G25zjxcOvdPpvwhBSNYpd7R1EbMsCUEX-tD9FOaZxtWfDYHwsPAR6NlSOYF-cYVDJqj37D&amp;__tn__=*NK-R\">#metroredes<\/a><a href=\"https:\/\/www.facebook.com\/hashtag\/canastabasica?__eep__=6&amp;__cft__[0]=AZWsAjT9v7aWp0ruXpUH61TKFZcDVEouh57LC_Icz6gI9QjMHfM2pfTB6Qg8aXCLfojQl7Z5yOsoN2Nq8WWYi7dj7_8XHP77EUP4GAj2RLp8loutXjiG1mhyCKjnVVzJ0epDvWHxZkv0UAQvV2G25zjxcOvdPpvwhBSNYpd7R1EbMsCUEX-tD9FOaZxtWfDYHwsPAR6NlSOYF-cYVDJqj37D&amp;__tn__=*NK-R\">#canastabasica<\/a><a href=\"https:\/\/www.facebook.com\/hashtag\/congresodelarepublica?__eep__=6&amp;__cft__[0]=AZWsAjT9v7aWp0ruXpUH61TKFZcDVEouh57LC_Icz6gI9QjMHfM2pfTB6Qg8aXCLfojQl7Z5yOsoN2Nq8WWYi7dj7_8XHP77EUP4GAj2RLp8loutXjiG1mhyCKjnVVzJ0epDvWHxZkv0UAQvV2G25zjxcOvdPpvwhBSNYpd7R1EbMsCUEX-tD9FOaZxtWfDYHwsPAR6NlSOYF-cYVDJqj37D&amp;__tn__=*NK-R\">#CongresoDeLaRepublica<\/a><a href=\"https:\/\/www.facebook.com\/hashtag\/cabal?__eep__=6&amp;__cft__[0]=AZWsAjT9v7aWp0ruXpUH61TKFZcDVEouh57LC_Icz6gI9QjMHfM2pfTB6Qg8aXCLfojQl7Z5yOsoN2Nq8WWYi7dj7_8XHP77EUP4GAj2RLp8loutXjiG1mhyCKjnVVzJ0epDvWHxZkv0UAQvV2G25zjxcOvdPpvwhBSNYpd7R1EbMsCUEX-tD9FOaZxtWfDYHwsPAR6NlSOYF-cYVDJqj37D&amp;__tn__=*NK-R\">#Cabal<\/a><\/p>\n","protected":false},"excerpt":{"rendered":"<p>El diputado Julio Portillo del partido Cabal present\u00f3 a Direcci\u00f3n Legislativa una iniciativa de ley para la reducci\u00f3n del Congreso de la Rep\u00fablica del precio de la canasta b\u00e1sica, que incluye exonerar del IVA a art\u00edculos esenciales de productos de consumo diario. El diputado representante de Zacapa indic\u00f3 que esta iniciativa crea de una comisi\u00f3n <a class=\"read-more\" href=\"https:\/\/elmetropolitano.com.gt\/es\/defensor-del-pueblo-o-protagonismo-politico\/\">Leer m\u00e1s<\/a><\/p>\n","protected":false},"author":1,"featured_media":84449,"comment_status":"open","ping_status":"closed","sticky":false,"template":"","format":"standard","meta":{"footnotes":""},"categories":[2],"tags":[12],"class_list":["post-84448","post","type-post","status-publish","format-standard","has-post-thumbnail","hentry","category-nacionales","tag-nacionales"],"_links":{"self":[{"href":"https:\/\/elmetropolitano.com.gt\/es\/wp-json\/wp\/v2\/posts\/84448","targetHints":{"allow":["GET"]}}],"collection":[{"href":"https:\/\/elmetropolitano.com.gt\/es\/wp-json\/wp\/v2\/posts"}],"about":[{"href":"https:\/\/elmetropolitano.com.gt\/es\/wp-json\/wp\/v2\/types\/post"}],"author":[{"embeddable":true,"href":"https:\/\/elmetropolitano.com.gt\/es\/wp-json\/wp\/v2\/users\/1"}],"replies":[{"embeddable":true,"href":"https:\/\/elmetropolitano.com.gt\/es\/wp-json\/wp\/v2\/comments?post=84448"}],"version-history":[{"count":1,"href":"https:\/\/elmetropolitano.com.gt\/es\/wp-json\/wp\/v2\/posts\/84448\/revisions"}],"predecessor-version":[{"id":84450,"href":"https:\/\/elmetropolitano.com.gt\/es\/wp-json\/wp\/v2\/posts\/84448\/revisions\/84450"}],"wp:featuredmedia":[{"embeddable":true,"href":"https:\/\/elmetropolitano.com.gt\/es\/wp-json\/wp\/v2\/media\/84449"}],"wp:attachment":[{"href":"https:\/\/elmetropolitano.com.gt\/es\/wp-json\/wp\/v2\/media?parent=84448"}],"wp:term":[{"taxonomy":"category","embeddable":true,"href":"https:\/\/elmetropolitano.com.gt\/es\/wp-json\/wp\/v2\/categories?post=84448"},{"taxonomy":"post_tag","embeddable":true,"href":"https:\/\/elmetropolitano.com.gt\/es\/wp-json\/wp\/v2\/tags?post=84448"}],"curies":[{"name":"wp","href":"https:\/\/api.w.org\/{rel}","templated":true}]}}