{"id":84464,"date":"2024-06-11T09:20:35","date_gmt":"2024-06-11T15:20:35","guid":{"rendered":"https:\/\/elmetropolitano.com.gt\/es\/?p=84464"},"modified":"2024-06-11T09:20:35","modified_gmt":"2024-06-11T15:20:35","slug":"maestros-y-alumnos-se-intoxican-en-centro-educativo-de-samayac","status":"publish","type":"post","link":"https:\/\/elmetropolitano.com.gt\/es\/maestros-y-alumnos-se-intoxican-en-centro-educativo-de-samayac\/","title":{"rendered":"Maestros y alumnos se intoxican en centro educativo de Samayac"},"content":{"rendered":"\n<p>El Ministerio de Salud P\u00fablica y Asistencia Social anunci\u00f3 la noche de este lunes que , a trav\u00e9s del Programa de Salud Escolar, se ha brindado atenci\u00f3n a m\u00e1s de 70 personas que presentaron s\u00edntomas de intoxicaci\u00f3n alimentaria, 20 maestros y 52 alumnos, de en un centro educativo ubicado en el municipio de Samayac, departamento de Suchitep\u00e9quez.<\/p>\n\n\n\n<p>Ante <a><\/a>esta situaci\u00f3n, la Direcci\u00f3n Departamental de Redes Integradas de Servicios de Salud (DDRISS) de Suchitep\u00e9quez, procedi\u00f3 a brindar atenci\u00f3n a los estudiantes y algunos fueron referidos al Hospital Nacional de Mazatenango.<\/p><div class=\"elmet-contenido\" id=\"elmet-4128227617\"><div class=\"elmet-adlabel\">Anuncios<\/div><div style=\"margin-top: 20px;margin-right: 20px;margin-bottom: 20px;margin-left: 20px;\" id=\"elmet-1853701584\"><a href=\"https:\/\/www.facebook.com\/arrincuanantigua\/\" aria-label=\"cintillo-arrin-cual\"><img loading=\"lazy\" decoding=\"async\" src=\"https:\/\/elmetropolitano.com.gt\/es\/wp-content\/uploads\/2021\/11\/cintillo-arrin-cual-1.jpg\" alt=\"\"  srcset=\"https:\/\/elmetropolitano.com.gt\/es\/wp-content\/uploads\/2021\/11\/cintillo-arrin-cual-1.jpg 750w, https:\/\/elmetropolitano.com.gt\/es\/wp-content\/uploads\/2021\/11\/cintillo-arrin-cual-1-300x36.jpg 300w, https:\/\/elmetropolitano.com.gt\/es\/wp-content\/uploads\/2021\/11\/cintillo-arrin-cual-1-600x72.jpg 600w\" sizes=\"(max-width: 750px) 100vw, 750px\" width=\"750\" height=\"90\"   \/><\/a><\/div><\/div>\n\n\n\n<p>Asimismo, se tom\u00f3 muestras de alimentos y fuentes de agua que proveen al establecimiento educativo, las cuales ser\u00e1n enviadas a la Direcci\u00f3n del Laboratorio Nacional de Salud.<\/p>\n\n\n\n<p>El manejo adecuado de los alimentos y el consumo de agua segura es vital para prevenir enfermedades. Para evitar el contagio es importante mantener las medidas de higiene en la preparaci\u00f3n y manipulaci\u00f3n de alimentos al coserlos bien y desinfectar los que se consumen crudos.<\/p>\n\n\n\n<p>De igual manera consumir agua hervida, clorada o embotellada.<\/p>\n\n\n\n<p>Para el Ministerio de Salud P\u00fablica y Asistencia Social, es fundamental ejecutar acciones que permitan proteger la salud de las personas, en este caso, para contrarrestar riesgos de enfermedades derivadas del consumo de alimentos o agua contaminados<\/p>\n\n\n\n<p><a href=\"https:\/\/www.facebook.com\/hashtag\/saludparatodos?__eep__=6&amp;__cft__[0]=AZXNvKYHMs6RK7kUiMq51Fgh3HSxNoy_bvBTHhPbALVegPLojmMgI9oQnEonn2-MDfeMIdeQLKo60HX_iWB5XUyEmG8Y1_Zv9oc7eCXhV5lTPl4QRD3pIb2E7RYARiLt_7bXIFLz0YBaU8afGAUsVt_6_k6Y9NE_qn3Qtj6RHCwUWpzZJomiaAT1yeFBKRbfE2bIMLLoWN7ZNaBTiQ3eDSQk&amp;__tn__=*NK-R\">#SaludParaTodos<\/a><a href=\"https:\/\/www.facebook.com\/hashtag\/samayac?__eep__=6&amp;__cft__[0]=AZXNvKYHMs6RK7kUiMq51Fgh3HSxNoy_bvBTHhPbALVegPLojmMgI9oQnEonn2-MDfeMIdeQLKo60HX_iWB5XUyEmG8Y1_Zv9oc7eCXhV5lTPl4QRD3pIb2E7RYARiLt_7bXIFLz0YBaU8afGAUsVt_6_k6Y9NE_qn3Qtj6RHCwUWpzZJomiaAT1yeFBKRbfE2bIMLLoWN7ZNaBTiQ3eDSQk&amp;__tn__=*NK-R\">#Samayac<\/a><a href=\"https:\/\/www.facebook.com\/hashtag\/intoxicacionalimentaria?__eep__=6&amp;__cft__[0]=AZXNvKYHMs6RK7kUiMq51Fgh3HSxNoy_bvBTHhPbALVegPLojmMgI9oQnEonn2-MDfeMIdeQLKo60HX_iWB5XUyEmG8Y1_Zv9oc7eCXhV5lTPl4QRD3pIb2E7RYARiLt_7bXIFLz0YBaU8afGAUsVt_6_k6Y9NE_qn3Qtj6RHCwUWpzZJomiaAT1yeFBKRbfE2bIMLLoWN7ZNaBTiQ3eDSQk&amp;__tn__=*NK-R\">#intoxicacionalimentaria<\/a><\/p>\n","protected":false},"excerpt":{"rendered":"<p>El Ministerio de Salud P\u00fablica y Asistencia Social anunci\u00f3 la noche de este lunes que , a trav\u00e9s del Programa de Salud Escolar, se ha brindado atenci\u00f3n a m\u00e1s de 70 personas que presentaron s\u00edntomas de intoxicaci\u00f3n alimentaria, 20 maestros y 52 alumnos, de en un centro educativo ubicado en el municipio de Samayac, departamento <a class=\"read-more\" href=\"https:\/\/elmetropolitano.com.gt\/es\/maestros-y-alumnos-se-intoxican-en-centro-educativo-de-samayac\/\">Leer m\u00e1s<\/a><\/p>\n","protected":false},"author":1,"featured_media":84465,"comment_status":"open","ping_status":"closed","sticky":false,"template":"","format":"standard","meta":{"footnotes":""},"categories":[4],"tags":[13],"class_list":["post-84464","post","type-post","status-publish","format-standard","has-post-thumbnail","hentry","category-departamentales","tag-departamentales"],"_links":{"self":[{"href":"https:\/\/elmetropolitano.com.gt\/es\/wp-json\/wp\/v2\/posts\/84464","targetHints":{"allow":["GET"]}}],"collection":[{"href":"https:\/\/elmetropolitano.com.gt\/es\/wp-json\/wp\/v2\/posts"}],"about":[{"href":"https:\/\/elmetropolitano.com.gt\/es\/wp-json\/wp\/v2\/types\/post"}],"author":[{"embeddable":true,"href":"https:\/\/elmetropolitano.com.gt\/es\/wp-json\/wp\/v2\/users\/1"}],"replies":[{"embeddable":true,"href":"https:\/\/elmetropolitano.com.gt\/es\/wp-json\/wp\/v2\/comments?post=84464"}],"version-history":[{"count":1,"href":"https:\/\/elmetropolitano.com.gt\/es\/wp-json\/wp\/v2\/posts\/84464\/revisions"}],"predecessor-version":[{"id":84466,"href":"https:\/\/elmetropolitano.com.gt\/es\/wp-json\/wp\/v2\/posts\/84464\/revisions\/84466"}],"wp:featuredmedia":[{"embeddable":true,"href":"https:\/\/elmetropolitano.com.gt\/es\/wp-json\/wp\/v2\/media\/84465"}],"wp:attachment":[{"href":"https:\/\/elmetropolitano.com.gt\/es\/wp-json\/wp\/v2\/media?parent=84464"}],"wp:term":[{"taxonomy":"category","embeddable":true,"href":"https:\/\/elmetropolitano.com.gt\/es\/wp-json\/wp\/v2\/categories?post=84464"},{"taxonomy":"post_tag","embeddable":true,"href":"https:\/\/elmetropolitano.com.gt\/es\/wp-json\/wp\/v2\/tags?post=84464"}],"curies":[{"name":"wp","href":"https:\/\/api.w.org\/{rel}","templated":true}]}}