{"id":84531,"date":"2024-06-13T08:41:31","date_gmt":"2024-06-13T14:41:31","guid":{"rendered":"https:\/\/elmetropolitano.com.gt\/es\/?p=84531"},"modified":"2024-06-13T08:41:32","modified_gmt":"2024-06-13T14:41:32","slug":"miguel-angel-asturias-cobra-vida-como-y-cuando-visitar-la-exposicion-en-palacio-nacional","status":"publish","type":"post","link":"https:\/\/elmetropolitano.com.gt\/es\/miguel-angel-asturias-cobra-vida-como-y-cuando-visitar-la-exposicion-en-palacio-nacional\/","title":{"rendered":"Miguel \u00c1ngel Asturias cobra vida: C\u00f3mo y cu\u00e1ndo visitar la exposici\u00f3n en Palacio Nacional"},"content":{"rendered":"\n<p>En busca de revivir el legado de Miguel \u00c1ngel Asturias en la literatura guatemalteca, el Gobierno de Guatemala, mediante el Ministerio de Cultura y Deportes (MCD) invita a la poblaci\u00f3n guatemalteca a sumergirse en la experiencia de conocer todos los detalles de nuestro Premio Nobel de Literatura.<\/p>\n\n\n\n<p><a><\/a>Durante dos semanas, desde el coraz\u00f3n del organismo Ejecutivo, el Palacio Nacional de la Cultura, se engalana con la imagen de una figura tan importante para el pa\u00eds como Miguel \u00c1ngel Asturias, permitiendo as\u00ed que personas de todas las edades conozcan detalles de la apasionante vida del \u00fanico Premio Nobel de literatura en Centroam\u00e9rica.<\/p><div class=\"elmet-contenido\" id=\"elmet-1963653020\"><div class=\"elmet-adlabel\">Anuncios<\/div><div style=\"margin-top: 20px;margin-right: 20px;margin-bottom: 20px;margin-left: 20px;\" id=\"elmet-526530250\"><a href=\"https:\/\/www.facebook.com\/arrincuanantigua\/\" aria-label=\"cintillo-arrin-cual\"><img loading=\"lazy\" decoding=\"async\" src=\"https:\/\/elmetropolitano.com.gt\/es\/wp-content\/uploads\/2021\/11\/cintillo-arrin-cual-1.jpg\" alt=\"\"  srcset=\"https:\/\/elmetropolitano.com.gt\/es\/wp-content\/uploads\/2021\/11\/cintillo-arrin-cual-1.jpg 750w, https:\/\/elmetropolitano.com.gt\/es\/wp-content\/uploads\/2021\/11\/cintillo-arrin-cual-1-300x36.jpg 300w, https:\/\/elmetropolitano.com.gt\/es\/wp-content\/uploads\/2021\/11\/cintillo-arrin-cual-1-600x72.jpg 600w\" sizes=\"(max-width: 750px) 100vw, 750px\" width=\"750\" height=\"90\"   \/><\/a><\/div><\/div>\n\n\n\n<p>La entrada a este espacio es totalmente gratis, lo que permite que la mayor cantidad de personas puedan conocer todos los detalles que estuvieron presentes durante la vida del autor de El espejo de Lida Sal, Mulata de tal y El Papa Verde.<\/p>\n\n\n\n<p>Exposici\u00f3n de Miguel \u00c1ngel Asturias<\/p>\n\n\n\n<p>El pasado domingo, el presidente Bernardo Ar\u00e9valo decret\u00f3 que el a\u00f1o en curso ser\u00e1 conmemorativo para enaltecer la figura de Miguel \u00c1ngel Asturias. Es por ello que durante el mes de junio se habilit\u00f3 en el Palacio Nacional una exposici\u00f3n en la cual se detallan sus logros y galardones a lo largo de los a\u00f1os del hombre detr\u00e1s de la pluma que plasm\u00f3 El Se\u00f1or Presidente.<\/p>\n\n\n\n<p>Los interesados podr\u00e1n sumergirse en la historia para conocer aquellos detalles que posiblemente no conoc\u00edan sobre Asturias. En pocos minutos los visitantes podr\u00e1n empaparse de la magn\u00edfica carrera de nuestro Premio Nobel, mediante una l\u00ednea de tiempo que est\u00e1 a la espera de tu visita.<\/p>\n\n\n\n<p>Para vivir esta experiencia, \u00fanicamente debes acudir de lunes a viernes de 9 a 16 horas o bien los s\u00e1bados y domingos de 9 a 15 horas al Palacio Nacional de la Cultura hasta el 28 de junio para conocer la historia de Asturias.<\/p>\n\n\n\n<p>Los guatemaltecos \u00fanicamente deber\u00e1n presentar su DPI para poder ingresar, mientras que los extranjeros deber\u00e1n pagar 40 quetzales y presentar su pasaporte para vivir esta m\u00e1gica experiencia.<\/p>\n\n\n\n<p>En la exposici\u00f3n, el visitante podr\u00e1 conocer toda la historia del escritor guatemalteco, adem\u00e1s de conocer sus m\u00e1s grandes obras para que la pasi\u00f3n por la lectura brote o resurja en grandes y chicos.<\/p>\n\n\n\n<p>texto: Josue David Acevedo Rivas<\/p>\n\n\n\n<p>Fotos: Alejandro Garc\u00eda<\/p>\n\n\n\n<p><a href=\"https:\/\/www.facebook.com\/hashtag\/metrores?__eep__=6&amp;__cft__[0]=AZWstUVbIhadBsVKcx986oKK30CWx6W-HHjPTWmg5jMRbf7810xfCqkyKsMOii0uy67wsWhLFDOzn7I4Q4esYtln7zpeReC2voLFUovfl0rn6XFzxuplIjOfPdhhNytkLWtNnvNFwBkd7maYJRsLl8o1kG3ICMhsJumhcv86Hd759EogjtxGmuc9kyu_5Nx2v-IG96qRAV-CzicoRTTykf9a&amp;__tn__=*NK-R\">#metrores<\/a><a href=\"https:\/\/www.facebook.com\/hashtag\/a%C3%B1omiguelangelasturias?__eep__=6&amp;__cft__[0]=AZWstUVbIhadBsVKcx986oKK30CWx6W-HHjPTWmg5jMRbf7810xfCqkyKsMOii0uy67wsWhLFDOzn7I4Q4esYtln7zpeReC2voLFUovfl0rn6XFzxuplIjOfPdhhNytkLWtNnvNFwBkd7maYJRsLl8o1kG3ICMhsJumhcv86Hd759EogjtxGmuc9kyu_5Nx2v-IG96qRAV-CzicoRTTykf9a&amp;__tn__=*NK-R\">#a\u00f1omiguelangelasturias<\/a><a href=\"https:\/\/www.facebook.com\/hashtag\/literatura?__eep__=6&amp;__cft__[0]=AZWstUVbIhadBsVKcx986oKK30CWx6W-HHjPTWmg5jMRbf7810xfCqkyKsMOii0uy67wsWhLFDOzn7I4Q4esYtln7zpeReC2voLFUovfl0rn6XFzxuplIjOfPdhhNytkLWtNnvNFwBkd7maYJRsLl8o1kG3ICMhsJumhcv86Hd759EogjtxGmuc9kyu_5Nx2v-IG96qRAV-CzicoRTTykf9a&amp;__tn__=*NK-R\">#literatura<\/a> <a href=\"https:\/\/l.facebook.com\/l.php?u=http%3A%2F%2Fwww.elmetropolitano.com.gt%2F%3Ffbclid%3DIwZXh0bgNhZW0CMTAAAR2xOkxB5lxbD8NDbVePj8AebEe2CCmptRCnEo7iwB271l_5tFdM8HRlBkg_aem_AfbqP0WsdOETHOpn9oGhkmDhfp2CATzsHQQFyKxkon_bevJJgbg98GafNKBsEug9c99DnXLXZnXQV-x9W3NBPTIZ&amp;h=AT21HCBEzzmnMvitlkplAUXIZvg8e4KaeW-frY_6ENV7vlK-yjzM_X3dtm_ArzWyr5u2lqjJlwef6ATYQOk-HN8LNhtiQCKnt3gkZhFyS56wbpn1Dy2aNA1JLkUD8DQuqU82sjPCe4VP0M5SNNzU&amp;__tn__=-UK-R&amp;c[0]=AT2p40oLov20JAM6utoTPVqYInaxyfwGMwmIEPmI6JxRZAuIxQR67hJvOvxkZ6xkgRC1mouYCHzUy-KRrQJWSPe0ioa20_dFj74Kj1dnvYIfF7bTDcJ6r1_nn0azLz0I8TxKRfuRIQ2delXMjCTiau0FOrg0Avl9VVymhSmq6s6DzR2O0oR_bH1Wtx5FSQ2z9PmPL_hNwDG5afJyp6voXJCXXGj3-JQAP_eb\" target=\"_blank\" rel=\"noreferrer noopener\">www.elmetropolitano.com.gt<\/a><a href=\"http:\/\/www.metroredes.com\/?fbclid=IwZXh0bgNhZW0CMTAAAR2BEZ9BTkC84XO-rmKhkTe4MABuidmC0C2Zq9dm7REfKmwatPOrlc-8jZ0_aem_AfbQ04JO83EYa8vHRQHYl6qItc0_7wmsvqPtAcadAj7_Z2HgEgB4zp6gqhow-ooVnIj8eDQ0VXWsCog7s0JFvulT\" target=\"_blank\" rel=\"noreferrer noopener\">www.metroredes.com<\/a><\/p>\n\n\n\n<figure class=\"wp-block-gallery has-nested-images columns-default is-cropped wp-block-gallery-1 is-layout-flex wp-block-gallery-is-layout-flex\">\n<figure class=\"wp-block-image size-large\"><img loading=\"lazy\" decoding=\"async\" width=\"740\" height=\"388\" data-id=\"84533\" src=\"https:\/\/elmetropolitano.com.gt\/es\/wp-content\/uploads\/2024\/06\/448142669_961333985992685_8750910857089144140_n.jpg\" alt=\"\" class=\"wp-image-84533\" srcset=\"https:\/\/elmetropolitano.com.gt\/es\/wp-content\/uploads\/2024\/06\/448142669_961333985992685_8750910857089144140_n.jpg 740w, https:\/\/elmetropolitano.com.gt\/es\/wp-content\/uploads\/2024\/06\/448142669_961333985992685_8750910857089144140_n-300x157.jpg 300w\" sizes=\"auto, (max-width: 740px) 100vw, 740px\" \/><\/figure>\n\n\n\n<figure class=\"wp-block-image size-large\"><img loading=\"lazy\" decoding=\"async\" width=\"746\" height=\"398\" data-id=\"84537\" src=\"https:\/\/elmetropolitano.com.gt\/es\/wp-content\/uploads\/2024\/06\/448161931_961333975992686_3143914523032130129_n.jpg\" alt=\"\" class=\"wp-image-84537\" srcset=\"https:\/\/elmetropolitano.com.gt\/es\/wp-content\/uploads\/2024\/06\/448161931_961333975992686_3143914523032130129_n.jpg 746w, https:\/\/elmetropolitano.com.gt\/es\/wp-content\/uploads\/2024\/06\/448161931_961333975992686_3143914523032130129_n-300x160.jpg 300w\" sizes=\"auto, (max-width: 746px) 100vw, 746px\" \/><\/figure>\n\n\n\n<figure class=\"wp-block-image size-large\"><img loading=\"lazy\" decoding=\"async\" width=\"742\" height=\"443\" data-id=\"84534\" src=\"https:\/\/elmetropolitano.com.gt\/es\/wp-content\/uploads\/2024\/06\/448246265_961334015992682_974279856219108781_n.jpg\" alt=\"\" class=\"wp-image-84534\" srcset=\"https:\/\/elmetropolitano.com.gt\/es\/wp-content\/uploads\/2024\/06\/448246265_961334015992682_974279856219108781_n.jpg 742w, https:\/\/elmetropolitano.com.gt\/es\/wp-content\/uploads\/2024\/06\/448246265_961334015992682_974279856219108781_n-300x179.jpg 300w\" sizes=\"auto, (max-width: 742px) 100vw, 742px\" \/><\/figure>\n\n\n\n<figure class=\"wp-block-image size-large\"><img loading=\"lazy\" decoding=\"async\" width=\"740\" height=\"447\" data-id=\"84536\" src=\"https:\/\/elmetropolitano.com.gt\/es\/wp-content\/uploads\/2024\/06\/448310088_961334032659347_106324864425734882_n.jpg\" alt=\"\" class=\"wp-image-84536\" srcset=\"https:\/\/elmetropolitano.com.gt\/es\/wp-content\/uploads\/2024\/06\/448310088_961334032659347_106324864425734882_n.jpg 740w, https:\/\/elmetropolitano.com.gt\/es\/wp-content\/uploads\/2024\/06\/448310088_961334032659347_106324864425734882_n-300x181.jpg 300w\" sizes=\"auto, (max-width: 740px) 100vw, 740px\" \/><\/figure>\n\n\n\n<figure class=\"wp-block-image size-large\"><img loading=\"lazy\" decoding=\"async\" width=\"744\" height=\"450\" data-id=\"84535\" src=\"https:\/\/elmetropolitano.com.gt\/es\/wp-content\/uploads\/2024\/06\/448322348_961333929326024_233994161697567993_n.jpg\" alt=\"\" class=\"wp-image-84535\" srcset=\"https:\/\/elmetropolitano.com.gt\/es\/wp-content\/uploads\/2024\/06\/448322348_961333929326024_233994161697567993_n.jpg 744w, https:\/\/elmetropolitano.com.gt\/es\/wp-content\/uploads\/2024\/06\/448322348_961333929326024_233994161697567993_n-300x181.jpg 300w\" sizes=\"auto, (max-width: 744px) 100vw, 744px\" \/><\/figure>\n\n\n\n<figure class=\"wp-block-image size-large\"><img loading=\"lazy\" decoding=\"async\" width=\"740\" height=\"417\" data-id=\"84538\" src=\"https:\/\/elmetropolitano.com.gt\/es\/wp-content\/uploads\/2024\/06\/448363547_961333885992695_6399303776962999386_n.jpg\" alt=\"\" class=\"wp-image-84538\" srcset=\"https:\/\/elmetropolitano.com.gt\/es\/wp-content\/uploads\/2024\/06\/448363547_961333885992695_6399303776962999386_n.jpg 740w, https:\/\/elmetropolitano.com.gt\/es\/wp-content\/uploads\/2024\/06\/448363547_961333885992695_6399303776962999386_n-300x169.jpg 300w\" sizes=\"auto, (max-width: 740px) 100vw, 740px\" \/><\/figure>\n<\/figure>\n","protected":false},"excerpt":{"rendered":"<p>En busca de revivir el legado de Miguel \u00c1ngel Asturias en la literatura guatemalteca, el Gobierno de Guatemala, mediante el Ministerio de Cultura y Deportes (MCD) invita a la poblaci\u00f3n guatemalteca a sumergirse en la experiencia de conocer todos los detalles de nuestro Premio Nobel de Literatura. Durante dos semanas, desde el coraz\u00f3n del organismo <a class=\"read-more\" href=\"https:\/\/elmetropolitano.com.gt\/es\/miguel-angel-asturias-cobra-vida-como-y-cuando-visitar-la-exposicion-en-palacio-nacional\/\">Leer m\u00e1s<\/a><\/p>\n","protected":false},"author":1,"featured_media":84532,"comment_status":"open","ping_status":"closed","sticky":false,"template":"","format":"standard","meta":{"footnotes":""},"categories":[29],"tags":[30],"class_list":["post-84531","post","type-post","status-publish","format-standard","has-post-thumbnail","hentry","category-culturales","tag-culturales"],"_links":{"self":[{"href":"https:\/\/elmetropolitano.com.gt\/es\/wp-json\/wp\/v2\/posts\/84531","targetHints":{"allow":["GET"]}}],"collection":[{"href":"https:\/\/elmetropolitano.com.gt\/es\/wp-json\/wp\/v2\/posts"}],"about":[{"href":"https:\/\/elmetropolitano.com.gt\/es\/wp-json\/wp\/v2\/types\/post"}],"author":[{"embeddable":true,"href":"https:\/\/elmetropolitano.com.gt\/es\/wp-json\/wp\/v2\/users\/1"}],"replies":[{"embeddable":true,"href":"https:\/\/elmetropolitano.com.gt\/es\/wp-json\/wp\/v2\/comments?post=84531"}],"version-history":[{"count":1,"href":"https:\/\/elmetropolitano.com.gt\/es\/wp-json\/wp\/v2\/posts\/84531\/revisions"}],"predecessor-version":[{"id":84539,"href":"https:\/\/elmetropolitano.com.gt\/es\/wp-json\/wp\/v2\/posts\/84531\/revisions\/84539"}],"wp:featuredmedia":[{"embeddable":true,"href":"https:\/\/elmetropolitano.com.gt\/es\/wp-json\/wp\/v2\/media\/84532"}],"wp:attachment":[{"href":"https:\/\/elmetropolitano.com.gt\/es\/wp-json\/wp\/v2\/media?parent=84531"}],"wp:term":[{"taxonomy":"category","embeddable":true,"href":"https:\/\/elmetropolitano.com.gt\/es\/wp-json\/wp\/v2\/categories?post=84531"},{"taxonomy":"post_tag","embeddable":true,"href":"https:\/\/elmetropolitano.com.gt\/es\/wp-json\/wp\/v2\/tags?post=84531"}],"curies":[{"name":"wp","href":"https:\/\/api.w.org\/{rel}","templated":true}]}}