{"id":85055,"date":"2024-06-22T10:05:16","date_gmt":"2024-06-22T16:05:16","guid":{"rendered":"https:\/\/elmetropolitano.com.gt\/es\/?p=85055"},"modified":"2024-06-22T10:05:17","modified_gmt":"2024-06-22T16:05:17","slug":"identifican-a-marero-18-que-huia-tras-ataque-armado-y-fue-dado-de-baja","status":"publish","type":"post","link":"https:\/\/elmetropolitano.com.gt\/es\/identifican-a-marero-18-que-huia-tras-ataque-armado-y-fue-dado-de-baja\/","title":{"rendered":"Identifican a Marero 18 que hu\u00eda tras ataque armado y fue dado de baja"},"content":{"rendered":"\n<p>Walter Willman Valencia Fern\u00e1ndez, de 43 a\u00f1os, presunto marero 18 fue dado de baja en la zona 2 de El Porvenir, Villa Canales, lugar donde polic\u00edas nacionales civiles, lo trataron de capturar tras perseguirlo luego que atacara al recolector de basura Luis Enrique Hern\u00e1ndez de 26 a\u00f1os en el l\u00edmite territorial con Santa Catarina Pinula.<\/p>\n\n\n\n<p>La pistola que usaba el marero fallecido, una Glock, fue robada en la <a><\/a>terminal, zona 4, el 8 de mayo del a\u00f1o pasado.<\/p><div class=\"elmet-contenido\" id=\"elmet-7310064\"><div class=\"elmet-adlabel\">Anuncios<\/div><div style=\"margin-top: 20px;margin-right: 20px;margin-bottom: 20px;margin-left: 20px;\" id=\"elmet-2058156581\"><a href=\"https:\/\/www.facebook.com\/arrincuanantigua\/\" aria-label=\"cintillo-arrin-cual\"><img loading=\"lazy\" decoding=\"async\" src=\"https:\/\/elmetropolitano.com.gt\/es\/wp-content\/uploads\/2021\/11\/cintillo-arrin-cual-1.jpg\" alt=\"\"  srcset=\"https:\/\/elmetropolitano.com.gt\/es\/wp-content\/uploads\/2021\/11\/cintillo-arrin-cual-1.jpg 750w, https:\/\/elmetropolitano.com.gt\/es\/wp-content\/uploads\/2021\/11\/cintillo-arrin-cual-1-300x36.jpg 300w, https:\/\/elmetropolitano.com.gt\/es\/wp-content\/uploads\/2021\/11\/cintillo-arrin-cual-1-600x72.jpg 600w\" sizes=\"(max-width: 750px) 100vw, 750px\" width=\"750\" height=\"90\"   \/><\/a><\/div><\/div>\n\n\n\n<p>Adem\u00e1s tiene dos antecedentes en los a\u00f1os 2003 y 2010, por los delitos de robo agravado y el otro por portaci\u00f3n ilegal de arma de fuego, respectivamente.<\/p>\n\n\n\n<p><a href=\"https:\/\/www.facebook.com\/hashtag\/villacanales?__eep__=6&amp;__cft__[0]=AZVstAQTkG3CQon5W6r7ceu2jCpbRTYEz0eQyqIJwC5leE5cwP774xkai7vOs_8ygQL-qVAzk3JCl7WbdOLFc4IbZb2e0rJ6MybkiciEiwis6nw8wF7cHYdoJcQYh7t-Gml-gDzTRlNCmNw3F0Gd-mngDDCbTgf8ENo7inpbsHLB7twACctc9I2DMGM68mSa0osShBSL94EJlmgO06AYFhMe&amp;__tn__=*NK-R\">#VillaCanales<\/a><a href=\"https:\/\/www.facebook.com\/hashtag\/laseguridadeshoy?__eep__=6&amp;__cft__[0]=AZVstAQTkG3CQon5W6r7ceu2jCpbRTYEz0eQyqIJwC5leE5cwP774xkai7vOs_8ygQL-qVAzk3JCl7WbdOLFc4IbZb2e0rJ6MybkiciEiwis6nw8wF7cHYdoJcQYh7t-Gml-gDzTRlNCmNw3F0Gd-mngDDCbTgf8ENo7inpbsHLB7twACctc9I2DMGM68mSa0osShBSL94EJlmgO06AYFhMe&amp;__tn__=*NK-R\">#LaSeguridadEsHoy<\/a><a href=\"https:\/\/www.facebook.com\/hashtag\/pncdeguatemala?__eep__=6&amp;__cft__[0]=AZVstAQTkG3CQon5W6r7ceu2jCpbRTYEz0eQyqIJwC5leE5cwP774xkai7vOs_8ygQL-qVAzk3JCl7WbdOLFc4IbZb2e0rJ6MybkiciEiwis6nw8wF7cHYdoJcQYh7t-Gml-gDzTRlNCmNw3F0Gd-mngDDCbTgf8ENo7inpbsHLB7twACctc9I2DMGM68mSa0osShBSL94EJlmgO06AYFhMe&amp;__tn__=*NK-R\">#PNCdeGuatemala<\/a><\/p>\n","protected":false},"excerpt":{"rendered":"<p>Walter Willman Valencia Fern\u00e1ndez, de 43 a\u00f1os, presunto marero 18 fue dado de baja en la zona 2 de El Porvenir, Villa Canales, lugar donde polic\u00edas nacionales civiles, lo trataron de capturar tras perseguirlo luego que atacara al recolector de basura Luis Enrique Hern\u00e1ndez de 26 a\u00f1os en el l\u00edmite territorial con Santa Catarina Pinula. <a class=\"read-more\" href=\"https:\/\/elmetropolitano.com.gt\/es\/identifican-a-marero-18-que-huia-tras-ataque-armado-y-fue-dado-de-baja\/\">Leer m\u00e1s<\/a><\/p>\n","protected":false},"author":1,"featured_media":85056,"comment_status":"open","ping_status":"closed","sticky":false,"template":"","format":"standard","meta":{"footnotes":""},"categories":[89],"tags":[88],"class_list":["post-85055","post","type-post","status-publish","format-standard","has-post-thumbnail","hentry","category-metrosucesos","tag-metrosucesos"],"_links":{"self":[{"href":"https:\/\/elmetropolitano.com.gt\/es\/wp-json\/wp\/v2\/posts\/85055","targetHints":{"allow":["GET"]}}],"collection":[{"href":"https:\/\/elmetropolitano.com.gt\/es\/wp-json\/wp\/v2\/posts"}],"about":[{"href":"https:\/\/elmetropolitano.com.gt\/es\/wp-json\/wp\/v2\/types\/post"}],"author":[{"embeddable":true,"href":"https:\/\/elmetropolitano.com.gt\/es\/wp-json\/wp\/v2\/users\/1"}],"replies":[{"embeddable":true,"href":"https:\/\/elmetropolitano.com.gt\/es\/wp-json\/wp\/v2\/comments?post=85055"}],"version-history":[{"count":1,"href":"https:\/\/elmetropolitano.com.gt\/es\/wp-json\/wp\/v2\/posts\/85055\/revisions"}],"predecessor-version":[{"id":85057,"href":"https:\/\/elmetropolitano.com.gt\/es\/wp-json\/wp\/v2\/posts\/85055\/revisions\/85057"}],"wp:featuredmedia":[{"embeddable":true,"href":"https:\/\/elmetropolitano.com.gt\/es\/wp-json\/wp\/v2\/media\/85056"}],"wp:attachment":[{"href":"https:\/\/elmetropolitano.com.gt\/es\/wp-json\/wp\/v2\/media?parent=85055"}],"wp:term":[{"taxonomy":"category","embeddable":true,"href":"https:\/\/elmetropolitano.com.gt\/es\/wp-json\/wp\/v2\/categories?post=85055"},{"taxonomy":"post_tag","embeddable":true,"href":"https:\/\/elmetropolitano.com.gt\/es\/wp-json\/wp\/v2\/tags?post=85055"}],"curies":[{"name":"wp","href":"https:\/\/api.w.org\/{rel}","templated":true}]}}