{"id":85095,"date":"2024-06-23T13:09:50","date_gmt":"2024-06-23T19:09:50","guid":{"rendered":"https:\/\/elmetropolitano.com.gt\/es\/?p=85095"},"modified":"2024-06-23T13:09:51","modified_gmt":"2024-06-23T19:09:51","slug":"la-carrera-5k-yo-vivo-sin-drogas-reune-a-miles-de-guatemaltecos","status":"publish","type":"post","link":"https:\/\/elmetropolitano.com.gt\/es\/la-carrera-5k-yo-vivo-sin-drogas-reune-a-miles-de-guatemaltecos\/","title":{"rendered":"La carrera 5K Yo Vivo sin Drogas re\u00fane a miles de guatemaltecos"},"content":{"rendered":"\n<p>Esta ma\u00f1ana la poblaci\u00f3n guatemalteca fue testigo de una nueva edici\u00f3n de la carrera 5K Yo Vivo sin Drogas, actividad que busca impulsar la actividad f\u00edsica dentro de la ciudadan\u00eda, alej\u00e1ndola del consumo de todo tipo de drogas.<\/p>\n\n\n\n<p>La actividad fue organizada por la Subdirecci\u00f3n General de Prevenci\u00f3n del Delito (SGPD), de la Polic\u00eda Nacional Civil (PNC), la cual logr\u00f3 reunir a m\u00e1s de 4 mil personas de todas las edades, convirtiendo la carrera en una actividad familiar, segura y principalmente \u00fatil para la conciencia guatemalteca.<\/p><div class=\"elmet-contenido\" id=\"elmet-3560835073\"><div class=\"elmet-adlabel\">Anuncios<\/div><div style=\"margin-top: 20px;margin-right: 20px;margin-bottom: 20px;margin-left: 20px;\" id=\"elmet-1570605941\"><a href=\"https:\/\/www.facebook.com\/arrincuanantigua\/\" aria-label=\"cintillo-arrin-cual\"><img loading=\"lazy\" decoding=\"async\" src=\"https:\/\/elmetropolitano.com.gt\/es\/wp-content\/uploads\/2021\/11\/cintillo-arrin-cual-1.jpg\" alt=\"\"  srcset=\"https:\/\/elmetropolitano.com.gt\/es\/wp-content\/uploads\/2021\/11\/cintillo-arrin-cual-1.jpg 750w, https:\/\/elmetropolitano.com.gt\/es\/wp-content\/uploads\/2021\/11\/cintillo-arrin-cual-1-300x36.jpg 300w, https:\/\/elmetropolitano.com.gt\/es\/wp-content\/uploads\/2021\/11\/cintillo-arrin-cual-1-600x72.jpg 600w\" sizes=\"(max-width: 750px) 100vw, 750px\" width=\"750\" height=\"90\"   \/><\/a><\/div><\/div>\n\n\n\n<p>Carrera Yo Vivo sin Drogas es un \u00e9xito<\/p>\n\n\n\n<p>Desde tempranas horas del domingo 23 de junio, miles de guatemaltecos acudieron al parque Erick Barrondo en la zona 7 capitalina, para participar en la ya cl\u00e1sica carrera que realiza la PNC.<\/p>\n\n\n\n<p>Ni\u00f1os, j\u00f3venes, adultos, personas mayores y disfraces le dieron el color a la carrera de este a\u00f1o, ya que estuvo engalanada por el viceministro Antinarc\u00f3ticos Werner Ovalle; el director general Adjunto Helver Beltet\u00f3n; el subdirector general de Personal, N\u00e9stor Di\u00e9guez; el subdirector general de Tecnolog\u00eda, Wilson Diaz, y el subdirector general de Investigaci\u00f3n Criminal Edis Fabi\u00e1n.<\/p>\n\n\n\n<p>En un ambiente de deportividad, dejando de lado toda rivalidad, el banderazo de salida fue dado para las personas que se inscribieron en la categor\u00eda de capacidades diferentes.<\/p>\n\n\n\n<p>Junto a los miles de corredores, los subinspectores alumnos, Escuela de Formaci\u00f3n de Oficiales de Polic\u00eda, Departamento de Comunicaci\u00f3n Social, se hicieron presentes en el recorrido, que culmin\u00f3 en la Direcci\u00f3n General de la Polic\u00eda Nacional Civil (PNC), ubicada en la zona 1 de la capital.<\/p>\n\n\n\n<p>M\u00e1s deporte, menos drogas<\/p>\n\n\n\n<p>Este tipo de actividades son m\u00e1s importantes de lo que podemos creer, ya que tristemente en la actualidad se ha normalizado que la juventud forme parte de las maras y drogas, evitando que desarrollen su vida con normalidad.<\/p>\n\n\n\n<p>Brindando espacios para que los ni\u00f1os y j\u00f3venes puedan hacer deporte, se lograr\u00e1 que el pa\u00eds avance en todas sus ramas, ya que unas semillas bien plantadas con ideales firmes har\u00e1n que el d\u00eda de ma\u00f1ana podamos ver la Guatemala con la que todos so\u00f1amos.<\/p>\n\n\n\n<p>Josu\u00e9 David Acevedo Rivas<\/p>\n\n\n\n<p>#metroredes&nbsp; <a href=\"http:\/\/www.elmetropolitano.com.gt\">www.elmetropolitano.com.gt<\/a>&nbsp; <a href=\"http:\/\/www.metroredes.com\">www.metroredes.com<\/a><\/p>\n","protected":false},"excerpt":{"rendered":"<p>Esta ma\u00f1ana la poblaci\u00f3n guatemalteca fue testigo de una nueva edici\u00f3n de la carrera 5K Yo Vivo sin Drogas, actividad que busca impulsar la actividad f\u00edsica dentro de la ciudadan\u00eda, alej\u00e1ndola del consumo de todo tipo de drogas. La actividad fue organizada por la Subdirecci\u00f3n General de Prevenci\u00f3n del Delito (SGPD), de la Polic\u00eda Nacional <a class=\"read-more\" href=\"https:\/\/elmetropolitano.com.gt\/es\/la-carrera-5k-yo-vivo-sin-drogas-reune-a-miles-de-guatemaltecos\/\">Leer m\u00e1s<\/a><\/p>\n","protected":false},"author":1,"featured_media":85096,"comment_status":"open","ping_status":"closed","sticky":false,"template":"","format":"standard","meta":{"footnotes":""},"categories":[43],"tags":[44],"class_list":["post-85095","post","type-post","status-publish","format-standard","has-post-thumbnail","hentry","category-deportes","tag-deportes"],"_links":{"self":[{"href":"https:\/\/elmetropolitano.com.gt\/es\/wp-json\/wp\/v2\/posts\/85095","targetHints":{"allow":["GET"]}}],"collection":[{"href":"https:\/\/elmetropolitano.com.gt\/es\/wp-json\/wp\/v2\/posts"}],"about":[{"href":"https:\/\/elmetropolitano.com.gt\/es\/wp-json\/wp\/v2\/types\/post"}],"author":[{"embeddable":true,"href":"https:\/\/elmetropolitano.com.gt\/es\/wp-json\/wp\/v2\/users\/1"}],"replies":[{"embeddable":true,"href":"https:\/\/elmetropolitano.com.gt\/es\/wp-json\/wp\/v2\/comments?post=85095"}],"version-history":[{"count":1,"href":"https:\/\/elmetropolitano.com.gt\/es\/wp-json\/wp\/v2\/posts\/85095\/revisions"}],"predecessor-version":[{"id":85097,"href":"https:\/\/elmetropolitano.com.gt\/es\/wp-json\/wp\/v2\/posts\/85095\/revisions\/85097"}],"wp:featuredmedia":[{"embeddable":true,"href":"https:\/\/elmetropolitano.com.gt\/es\/wp-json\/wp\/v2\/media\/85096"}],"wp:attachment":[{"href":"https:\/\/elmetropolitano.com.gt\/es\/wp-json\/wp\/v2\/media?parent=85095"}],"wp:term":[{"taxonomy":"category","embeddable":true,"href":"https:\/\/elmetropolitano.com.gt\/es\/wp-json\/wp\/v2\/categories?post=85095"},{"taxonomy":"post_tag","embeddable":true,"href":"https:\/\/elmetropolitano.com.gt\/es\/wp-json\/wp\/v2\/tags?post=85095"}],"curies":[{"name":"wp","href":"https:\/\/api.w.org\/{rel}","templated":true}]}}