{"id":85149,"date":"2024-06-24T17:27:29","date_gmt":"2024-06-24T23:27:29","guid":{"rendered":"https:\/\/elmetropolitano.com.gt\/es\/?p=85149"},"modified":"2024-06-24T17:27:29","modified_gmt":"2024-06-24T23:27:29","slug":"comite-olimpico-guatemalteco-proyecta-15-atletas-clasificados-a-paris-2024","status":"publish","type":"post","link":"https:\/\/elmetropolitano.com.gt\/es\/comite-olimpico-guatemalteco-proyecta-15-atletas-clasificados-a-paris-2024\/","title":{"rendered":"Comit\u00e9 Ol\u00edmpico Guatemalteco proyecta 15 atletas clasificados a Par\u00eds 2024"},"content":{"rendered":"\n<p>El presidente del Comit\u00e9 Ol\u00edmpico Guatemalteco (COG) Gerardo Aguirre, inform\u00f3 en una entrevista exclusiva para la Agencia Guatemalteca de Noticias, que Guatemala espera contar en las pr\u00f3ximas horas con m\u00e1s atletas clasificados a los Juegos Ol\u00edmpicos de Par\u00eds 2024.<\/p>\n\n\n\n<p>Las declaraciones las hizo durante la inauguraci\u00f3n de los Encuentros y Actividades Deportivas 2024 en el Campo de Marte, en la cual la vicepresidenta Karin Herrera tambi\u00e9n aprovech\u00f3 para felicitar y dar palabras de \u00e1nimo a los guerreros que nos representar\u00e1n en la pr\u00f3xima cita ol\u00edmpica.<\/p><div class=\"elmet-contenido\" id=\"elmet-1180874428\"><div class=\"elmet-adlabel\">Anuncios<\/div><div style=\"margin-top: 20px;margin-right: 20px;margin-bottom: 20px;margin-left: 20px;\" id=\"elmet-2761675825\"><a href=\"https:\/\/www.facebook.com\/arrincuanantigua\/\" aria-label=\"cintillo-arrin-cual\"><img loading=\"lazy\" decoding=\"async\" src=\"https:\/\/elmetropolitano.com.gt\/es\/wp-content\/uploads\/2021\/11\/cintillo-arrin-cual-1.jpg\" alt=\"\"  srcset=\"https:\/\/elmetropolitano.com.gt\/es\/wp-content\/uploads\/2021\/11\/cintillo-arrin-cual-1.jpg 750w, https:\/\/elmetropolitano.com.gt\/es\/wp-content\/uploads\/2021\/11\/cintillo-arrin-cual-1-300x36.jpg 300w, https:\/\/elmetropolitano.com.gt\/es\/wp-content\/uploads\/2021\/11\/cintillo-arrin-cual-1-600x72.jpg 600w\" sizes=\"(max-width: 750px) 100vw, 750px\" width=\"750\" height=\"90\"   \/><\/a><\/div><\/div>\n\n\n\n<p>Guatemala en Par\u00eds<\/p>\n\n\n\n<p>Cada vez falta menos para que una nueva edici\u00f3n de los Juegos Ol\u00edmpicos se inicie, y con ellos la ilusi\u00f3n de m\u00e1s de 18 millones de guatemaltecos alrededor del mundo. Tras unos a\u00f1os en los cuales se tuvo la duda de que Guatemala participe bajo su bandera, ese temor se fue, gracias a que el COI levant\u00f3 la sanci\u00f3n.<\/p>\n\n\n\n<p>En ese sentido, el presidente del COG argument\u00f3 lo siguiente en una entrevista exclusiva para la Agencia Guatemalteca de Noticias:<\/p>\n\n\n\n<p>Estoy feliz de que los Juegos Ol\u00edmpicos puedan ser una noticia positiva y favorable para todos los guatemaltecos. Hoy vamos a tener la oportunidad de que Guatemala participe con nombre y apellido y con la bandera, el honor y alegr\u00eda.<\/p>\n\n\n\n<p>A poco menos de un mes para el arranque de la cita ol\u00edmpica, Aguirre brind\u00f3 una serie de declaraciones, las cuales motivan en gran manera a Guatemala, ya que, a falta de confirmaci\u00f3n, la delegaci\u00f3n guatemalteca crecer\u00e1.<\/p>\n\n\n\n<p>Tenemos 11 atletas, tenemos la expectativa de que se incorpore una muchacha en Judo que qued\u00f3 tercer lugar en un campeonato y pareciera que va a tener un plaza. Dos muchachos de nataci\u00f3n, posiblemente un levantador de pesas y me parece que se confirmar\u00e1 que Erick Barrondo vaya a participar por estar en ranking y posiblemente otro marchista m\u00e1s.<\/p>\n\n\n\n<p>La cuenta regresiva para el arranque de los Juegos ha comenzado, es por ello que la confirmaci\u00f3n de los nuevos atletas que disputar\u00e1n las pruebas de Par\u00eds se tendr\u00eda que hacer en los pr\u00f3ximos d\u00edas. En ese sentido, el presidente del COG coment\u00f3:<\/p>\n\n\n\n<p>Yo dir\u00eda que tendremos entre 15 y 16 atletas participando en Par\u00eds. En poco d\u00edas se tendr\u00eda que confirmar. El jefe de misi\u00f3n, \u00d3scar Maeda, viaja d\u00edas antes del comienzo de la cita porque tiene la DRM, que es el registro final de atletas, a m\u00e1s tardar la primera semana de julio tendremos la certeza de la cantidad de atletas que Guatemala lleva.<\/p>\n\n\n\n<p>Calificados a Par\u00eds 2024<\/p>\n\n\n\n<p>Desde la apertura de la clasificaci\u00f3n a los Juegos, Guatemala ha logrado colar a 11 guerreros, los cuales a base de esfuerzo y dedicaci\u00f3n se aseguraron estar en la mayor cita deportiva.<\/p>\n\n\n\n<p>Gracias a las gestiones del presidente Bernardo Ar\u00e9valo, que prioriz\u00f3 el di\u00e1logo con las autoridades del COI, los guatemaltecos podr\u00e1n volver a portar la bandera e insignias de nuestro pa\u00eds en Par\u00eds 2024.<\/p>\n\n\n\n<p>Actualmente, Guatemala cuenta con los siguientes clasificados a Par\u00eds:<\/p>\n\n\n\n<p>Kevin Cord\u00f3n \u2013 b\u00e1dminton<\/p>\n\n\n\n<p>Sebasti\u00e1n Berm\u00fadez \u2013 tiro con armas de caza<\/p>\n\n\n\n<p>Jos\u00e9 Alejandro Barrondo \u2013 marcha<\/p>\n\n\n\n<p>Adriana Ruano \u2013 tiro con armas de caza<\/p>\n\n\n\n<p>Andr\u00e9s Fern\u00e1ndez \u2013 pentatl\u00f3n moderno<\/p>\n\n\n\n<p>Jean Pierre Brol \u2013 tiro con armas de caza<\/p>\n\n\n\n<p>Juan Ignacio Maegli \u2013 navegaci\u00f3n a vela<\/p>\n\n\n\n<p>Luis Grijalva \u2013 5 mil metros atletismo<\/p>\n\n\n\n<p>Sophia Hern\u00e1ndez \u2013 pentatl\u00f3n moderno<\/p>\n\n\n\n<p>Alberto Gonz\u00e1lez \u2013 marat\u00f3n<\/p>\n\n\n\n<p>Waleska Soto \u2013 tiro con armas de caza<\/p>\n\n\n\n<p>Josu\u00e9 David Acevedo Rivas<\/p>\n\n\n\n<p>#metroredes&nbsp; <a href=\"http:\/\/www.elmetropolitano.com.gt\">www.elmetropolitano.com.gt<\/a>&nbsp; <a href=\"http:\/\/www.metroredes.com\">www.metroredes.com<\/a><\/p>\n\n\n\n<figure class=\"wp-block-gallery has-nested-images columns-default is-cropped wp-block-gallery-1 is-layout-flex wp-block-gallery-is-layout-flex\">\n<figure class=\"wp-block-image size-large\"><img loading=\"lazy\" decoding=\"async\" width=\"360\" height=\"240\" data-id=\"85151\" src=\"https:\/\/elmetropolitano.com.gt\/es\/wp-content\/uploads\/2024\/06\/1-2.jpg\" alt=\"\" class=\"wp-image-85151\" srcset=\"https:\/\/elmetropolitano.com.gt\/es\/wp-content\/uploads\/2024\/06\/1-2.jpg 360w, https:\/\/elmetropolitano.com.gt\/es\/wp-content\/uploads\/2024\/06\/1-2-300x200.jpg 300w\" sizes=\"auto, (max-width: 360px) 100vw, 360px\" \/><\/figure>\n\n\n\n<figure class=\"wp-block-image size-large\"><img loading=\"lazy\" decoding=\"async\" width=\"360\" height=\"240\" data-id=\"85154\" src=\"https:\/\/elmetropolitano.com.gt\/es\/wp-content\/uploads\/2024\/06\/2-2.jpg\" alt=\"\" class=\"wp-image-85154\" srcset=\"https:\/\/elmetropolitano.com.gt\/es\/wp-content\/uploads\/2024\/06\/2-2.jpg 360w, https:\/\/elmetropolitano.com.gt\/es\/wp-content\/uploads\/2024\/06\/2-2-300x200.jpg 300w\" sizes=\"auto, (max-width: 360px) 100vw, 360px\" \/><\/figure>\n\n\n\n<figure class=\"wp-block-image size-large\"><img loading=\"lazy\" decoding=\"async\" width=\"360\" height=\"240\" data-id=\"85152\" src=\"https:\/\/elmetropolitano.com.gt\/es\/wp-content\/uploads\/2024\/06\/3-2.jpg\" alt=\"\" class=\"wp-image-85152\" srcset=\"https:\/\/elmetropolitano.com.gt\/es\/wp-content\/uploads\/2024\/06\/3-2.jpg 360w, https:\/\/elmetropolitano.com.gt\/es\/wp-content\/uploads\/2024\/06\/3-2-300x200.jpg 300w\" sizes=\"auto, (max-width: 360px) 100vw, 360px\" \/><\/figure>\n\n\n\n<figure class=\"wp-block-image size-large\"><img loading=\"lazy\" decoding=\"async\" width=\"360\" height=\"240\" data-id=\"85153\" src=\"https:\/\/elmetropolitano.com.gt\/es\/wp-content\/uploads\/2024\/06\/4-2.jpg\" alt=\"\" class=\"wp-image-85153\" srcset=\"https:\/\/elmetropolitano.com.gt\/es\/wp-content\/uploads\/2024\/06\/4-2.jpg 360w, https:\/\/elmetropolitano.com.gt\/es\/wp-content\/uploads\/2024\/06\/4-2-300x200.jpg 300w\" sizes=\"auto, (max-width: 360px) 100vw, 360px\" \/><\/figure>\n<\/figure>\n","protected":false},"excerpt":{"rendered":"<p>El presidente del Comit\u00e9 Ol\u00edmpico Guatemalteco (COG) Gerardo Aguirre, inform\u00f3 en una entrevista exclusiva para la Agencia Guatemalteca de Noticias, que Guatemala espera contar en las pr\u00f3ximas horas con m\u00e1s atletas clasificados a los Juegos Ol\u00edmpicos de Par\u00eds 2024. Las declaraciones las hizo durante la inauguraci\u00f3n de los Encuentros y Actividades Deportivas 2024 en el <a class=\"read-more\" href=\"https:\/\/elmetropolitano.com.gt\/es\/comite-olimpico-guatemalteco-proyecta-15-atletas-clasificados-a-paris-2024\/\">Leer m\u00e1s<\/a><\/p>\n","protected":false},"author":1,"featured_media":85150,"comment_status":"open","ping_status":"closed","sticky":false,"template":"","format":"standard","meta":{"footnotes":""},"categories":[43],"tags":[44],"class_list":["post-85149","post","type-post","status-publish","format-standard","has-post-thumbnail","hentry","category-deportes","tag-deportes"],"_links":{"self":[{"href":"https:\/\/elmetropolitano.com.gt\/es\/wp-json\/wp\/v2\/posts\/85149","targetHints":{"allow":["GET"]}}],"collection":[{"href":"https:\/\/elmetropolitano.com.gt\/es\/wp-json\/wp\/v2\/posts"}],"about":[{"href":"https:\/\/elmetropolitano.com.gt\/es\/wp-json\/wp\/v2\/types\/post"}],"author":[{"embeddable":true,"href":"https:\/\/elmetropolitano.com.gt\/es\/wp-json\/wp\/v2\/users\/1"}],"replies":[{"embeddable":true,"href":"https:\/\/elmetropolitano.com.gt\/es\/wp-json\/wp\/v2\/comments?post=85149"}],"version-history":[{"count":1,"href":"https:\/\/elmetropolitano.com.gt\/es\/wp-json\/wp\/v2\/posts\/85149\/revisions"}],"predecessor-version":[{"id":85155,"href":"https:\/\/elmetropolitano.com.gt\/es\/wp-json\/wp\/v2\/posts\/85149\/revisions\/85155"}],"wp:featuredmedia":[{"embeddable":true,"href":"https:\/\/elmetropolitano.com.gt\/es\/wp-json\/wp\/v2\/media\/85150"}],"wp:attachment":[{"href":"https:\/\/elmetropolitano.com.gt\/es\/wp-json\/wp\/v2\/media?parent=85149"}],"wp:term":[{"taxonomy":"category","embeddable":true,"href":"https:\/\/elmetropolitano.com.gt\/es\/wp-json\/wp\/v2\/categories?post=85149"},{"taxonomy":"post_tag","embeddable":true,"href":"https:\/\/elmetropolitano.com.gt\/es\/wp-json\/wp\/v2\/tags?post=85149"}],"curies":[{"name":"wp","href":"https:\/\/api.w.org\/{rel}","templated":true}]}}