{"id":85168,"date":"2024-06-24T18:30:30","date_gmt":"2024-06-25T00:30:30","guid":{"rendered":"https:\/\/elmetropolitano.com.gt\/es\/?p=85168"},"modified":"2024-06-24T18:30:31","modified_gmt":"2024-06-25T00:30:31","slug":"todo-un-exito-la-primera-edicion-de-la-21k-en-mixco","status":"publish","type":"post","link":"https:\/\/elmetropolitano.com.gt\/es\/todo-un-exito-la-primera-edicion-de-la-21k-en-mixco\/","title":{"rendered":"Todo un \u00e9xito la primera edici\u00f3n de la 21K en Mixco"},"content":{"rendered":"\n<p>Mario Pacay, de la categor\u00eda libre masculina y Sandra Riquiej Rax\u00f3n de la categor\u00eda libre femenina, fueron los dos grandes ganadores de la primera edici\u00f3n de la carrera 21 K, organizada por la municipalidad de Mixco y que fue todo un \u00e9xito pues cont\u00f3 con una numerosa participaci\u00f3n de corredores.<\/p>\n\n\n\n<p>El popular alcalde de la tierra de campeones Neto Bran, fue un competidor m\u00e1s en esta carrera, durante el recorrido el jefe edil fue saludado y aplaudido tanto por el p\u00fablico que observo el paso de los competidores como por los mismos participantes de este evento de atletismo organizado y realizado por las autoridades municipales de Mico.<\/p><div class=\"elmet-contenido\" id=\"elmet-2814879783\"><div class=\"elmet-adlabel\">Anuncios<\/div><div style=\"margin-top: 20px;margin-right: 20px;margin-bottom: 20px;margin-left: 20px;\" id=\"elmet-2139533200\"><a href=\"https:\/\/www.facebook.com\/arrincuanantigua\/\" aria-label=\"cintillo-arrin-cual\"><img loading=\"lazy\" decoding=\"async\" src=\"https:\/\/elmetropolitano.com.gt\/es\/wp-content\/uploads\/2021\/11\/cintillo-arrin-cual-1.jpg\" alt=\"\"  srcset=\"https:\/\/elmetropolitano.com.gt\/es\/wp-content\/uploads\/2021\/11\/cintillo-arrin-cual-1.jpg 750w, https:\/\/elmetropolitano.com.gt\/es\/wp-content\/uploads\/2021\/11\/cintillo-arrin-cual-1-300x36.jpg 300w, https:\/\/elmetropolitano.com.gt\/es\/wp-content\/uploads\/2021\/11\/cintillo-arrin-cual-1-600x72.jpg 600w\" sizes=\"(max-width: 750px) 100vw, 750px\" width=\"750\" height=\"90\"   \/><\/a><\/div><\/div>\n\n\n\n<p>El evento deportivo 21K, fue todo un \u00e9xito, pues el n\u00famero de participantes fue enorme, ya que hombres y mujeres de todas las edades participaron en gran n\u00famero, recorriendo con gran esfuerzo los 21 kil\u00f3metros de recorrido que tuvo esta media marat\u00f3n.<\/p>\n\n\n\n<p>Los esforzados ganadores y ganadoras de este medio marat\u00f3n fueron, en la rama masculina Categor\u00eda Libre<\/p>\n\n\n\n<p>1er. Lugar Mario Pacay<\/p>\n\n\n\n<p>2do. Lugar Jos\u00e9 Carlos Gonz\u00e1lez<\/p>\n\n\n\n<p>3er. Lugar, Melvin Sazo<\/p>\n\n\n\n<p>Y en la Categor\u00eda Femenina libre las dos primeras en llegar a la meta fueron,<\/p>\n\n\n\n<p>1er. Lugar, Sandra Riquiej Raxon.<\/p>\n\n\n\n<p>2do. Lugar, Martha Camey Ram\u00edrez<\/p>\n\n\n\n<p>Los ganadores de esta competencia, recibieron un premio en efectivo por parte del alcalde Neto Bran, 3n representaci\u00f3n de la municipalidad mixque\u00f1a, estos premios tuvieron un monto econ\u00f3mico de<\/p>\n\n\n\n<p>Q. 5,000.00 para el primer lugar.<\/p>\n\n\n\n<p>Q. 3,000.00 para el segundo lugar<\/p>\n\n\n\n<p>Y Q. 1,000.00 para el tercer lugar. Siendo este premio exactamente igual para las damas ganadores de la primera edici\u00f3n de los 21K en Mixco.<\/p>\n\n\n\n<p>Oscar Villalobos<\/p>\n\n\n\n<p>#metroredes www.metroredes.com<\/p>\n\n\n\n<figure class=\"wp-block-gallery has-nested-images columns-default is-cropped wp-block-gallery-1 is-layout-flex wp-block-gallery-is-layout-flex\">\n<figure class=\"wp-block-image size-large\"><img loading=\"lazy\" decoding=\"async\" width=\"720\" height=\"960\" data-id=\"85171\" src=\"https:\/\/elmetropolitano.com.gt\/es\/wp-content\/uploads\/2024\/06\/2-5.jpg\" alt=\"\" class=\"wp-image-85171\" srcset=\"https:\/\/elmetropolitano.com.gt\/es\/wp-content\/uploads\/2024\/06\/2-5.jpg 720w, https:\/\/elmetropolitano.com.gt\/es\/wp-content\/uploads\/2024\/06\/2-5-225x300.jpg 225w\" sizes=\"auto, (max-width: 720px) 100vw, 720px\" \/><\/figure>\n\n\n\n<figure class=\"wp-block-image size-large\"><img loading=\"lazy\" decoding=\"async\" width=\"720\" height=\"540\" data-id=\"85170\" src=\"https:\/\/elmetropolitano.com.gt\/es\/wp-content\/uploads\/2024\/06\/3-5.jpg\" alt=\"\" class=\"wp-image-85170\" srcset=\"https:\/\/elmetropolitano.com.gt\/es\/wp-content\/uploads\/2024\/06\/3-5.jpg 720w, https:\/\/elmetropolitano.com.gt\/es\/wp-content\/uploads\/2024\/06\/3-5-300x225.jpg 300w\" sizes=\"auto, (max-width: 720px) 100vw, 720px\" \/><\/figure>\n<\/figure>\n","protected":false},"excerpt":{"rendered":"<p>Mario Pacay, de la categor\u00eda libre masculina y Sandra Riquiej Rax\u00f3n de la categor\u00eda libre femenina, fueron los dos grandes ganadores de la primera edici\u00f3n de la carrera 21 K, organizada por la municipalidad de Mixco y que fue todo un \u00e9xito pues cont\u00f3 con una numerosa participaci\u00f3n de corredores. El popular alcalde de la <a class=\"read-more\" href=\"https:\/\/elmetropolitano.com.gt\/es\/todo-un-exito-la-primera-edicion-de-la-21k-en-mixco\/\">Leer m\u00e1s<\/a><\/p>\n","protected":false},"author":1,"featured_media":85169,"comment_status":"open","ping_status":"closed","sticky":false,"template":"","format":"standard","meta":{"footnotes":""},"categories":[43,3],"tags":[44],"class_list":["post-85168","post","type-post","status-publish","format-standard","has-post-thumbnail","hentry","category-deportes","category-locales","tag-deportes"],"_links":{"self":[{"href":"https:\/\/elmetropolitano.com.gt\/es\/wp-json\/wp\/v2\/posts\/85168","targetHints":{"allow":["GET"]}}],"collection":[{"href":"https:\/\/elmetropolitano.com.gt\/es\/wp-json\/wp\/v2\/posts"}],"about":[{"href":"https:\/\/elmetropolitano.com.gt\/es\/wp-json\/wp\/v2\/types\/post"}],"author":[{"embeddable":true,"href":"https:\/\/elmetropolitano.com.gt\/es\/wp-json\/wp\/v2\/users\/1"}],"replies":[{"embeddable":true,"href":"https:\/\/elmetropolitano.com.gt\/es\/wp-json\/wp\/v2\/comments?post=85168"}],"version-history":[{"count":1,"href":"https:\/\/elmetropolitano.com.gt\/es\/wp-json\/wp\/v2\/posts\/85168\/revisions"}],"predecessor-version":[{"id":85172,"href":"https:\/\/elmetropolitano.com.gt\/es\/wp-json\/wp\/v2\/posts\/85168\/revisions\/85172"}],"wp:featuredmedia":[{"embeddable":true,"href":"https:\/\/elmetropolitano.com.gt\/es\/wp-json\/wp\/v2\/media\/85169"}],"wp:attachment":[{"href":"https:\/\/elmetropolitano.com.gt\/es\/wp-json\/wp\/v2\/media?parent=85168"}],"wp:term":[{"taxonomy":"category","embeddable":true,"href":"https:\/\/elmetropolitano.com.gt\/es\/wp-json\/wp\/v2\/categories?post=85168"},{"taxonomy":"post_tag","embeddable":true,"href":"https:\/\/elmetropolitano.com.gt\/es\/wp-json\/wp\/v2\/tags?post=85168"}],"curies":[{"name":"wp","href":"https:\/\/api.w.org\/{rel}","templated":true}]}}