{"id":85448,"date":"2024-06-30T23:05:34","date_gmt":"2024-07-01T05:05:34","guid":{"rendered":"https:\/\/elmetropolitano.com.gt\/es\/?p=85448"},"modified":"2024-06-30T23:05:34","modified_gmt":"2024-07-01T05:05:34","slug":"alcalde-de-escuintla-abraham-rivera-felicita-a-los-soldados-en-este-dia","status":"publish","type":"post","link":"https:\/\/elmetropolitano.com.gt\/es\/alcalde-de-escuintla-abraham-rivera-felicita-a-los-soldados-en-este-dia\/","title":{"rendered":"Alcalde de Escuintla, Abraham Rivera felicita a los soldados en este d\u00eda"},"content":{"rendered":"\n<p>\u201cEn el D\u00eda del Ej\u00e9rcito, felicitamos y agradecemos a nuestros valientes soldados por su incansable labor de rescate ante las emergencias. Su dedicaci\u00f3n y compromiso son fundamentales para la seguridad y bienestar de nuestra naci\u00f3n.<\/p>\n\n\n\n<p>\u00a1Gracias por su servicio!<\/p><div class=\"elmet-contenido\" id=\"elmet-2222635134\"><div class=\"elmet-adlabel\">Anuncios<\/div><div style=\"margin-top: 20px;margin-right: 20px;margin-bottom: 20px;margin-left: 20px;\" id=\"elmet-2164139293\"><a href=\"https:\/\/www.facebook.com\/arrincuanantigua\/\" aria-label=\"cintillo-arrin-cual\"><img loading=\"lazy\" decoding=\"async\" src=\"https:\/\/elmetropolitano.com.gt\/es\/wp-content\/uploads\/2021\/11\/cintillo-arrin-cual-1.jpg\" alt=\"\"  srcset=\"https:\/\/elmetropolitano.com.gt\/es\/wp-content\/uploads\/2021\/11\/cintillo-arrin-cual-1.jpg 750w, https:\/\/elmetropolitano.com.gt\/es\/wp-content\/uploads\/2021\/11\/cintillo-arrin-cual-1-300x36.jpg 300w, https:\/\/elmetropolitano.com.gt\/es\/wp-content\/uploads\/2021\/11\/cintillo-arrin-cual-1-600x72.jpg 600w\" sizes=\"(max-width: 750px) 100vw, 750px\" width=\"750\" height=\"90\"   \/><\/a><\/div><\/div>\n\n\n\n<p>Abraham Rivera, Alcalde de Escuintla<\/p>\n\n\n\n<p><a href=\"https:\/\/www.facebook.com\/hashtag\/d%C3%ADadelej%C3%A9rcito?__eep__=6&amp;__cft__[0]=AZWOaUTj-F_U0z6h3VsFeWYKhMi_cB30SWRbJPdeNUz0bAnVv6iOxnphnMxtTfyTcP-8tChITOWSIj_gutmfM5WzBHsgP1V84ndacrTg_Qb3mtocfXtLAv-Ej8ITkJBW4Pi_XLx2PD4CNy-6lKskLwNRRlMbFHO4aFC3Nj0tTdKEYp22rp4pkEZ696qMiRlp-scGdqHLrer9azfwMjZDk150&amp;__tn__=*NK-R\">#D\u00edaDelEj\u00e9rcito<\/a><a href=\"https:\/\/www.facebook.com\/hashtag\/h%C3%A9roesderescate?__eep__=6&amp;__cft__[0]=AZWOaUTj-F_U0z6h3VsFeWYKhMi_cB30SWRbJPdeNUz0bAnVv6iOxnphnMxtTfyTcP-8tChITOWSIj_gutmfM5WzBHsgP1V84ndacrTg_Qb3mtocfXtLAv-Ej8ITkJBW4Pi_XLx2PD4CNy-6lKskLwNRRlMbFHO4aFC3Nj0tTdKEYp22rp4pkEZ696qMiRlp-scGdqHLrer9azfwMjZDk150&amp;__tn__=*NK-R\">#H\u00e9roesDeRescate<\/a>\u201d<\/p>\n\n\n\n<p><\/p>\n","protected":false},"excerpt":{"rendered":"<p>\u201cEn el D\u00eda del Ej\u00e9rcito, felicitamos y agradecemos a nuestros valientes soldados por su incansable labor de rescate ante las emergencias. Su dedicaci\u00f3n y compromiso son fundamentales para la seguridad y bienestar de nuestra naci\u00f3n. \u00a1Gracias por su servicio! Abraham Rivera, Alcalde de Escuintla #D\u00edaDelEj\u00e9rcito#H\u00e9roesDeRescate\u201d<\/p>\n","protected":false},"author":1,"featured_media":85449,"comment_status":"open","ping_status":"closed","sticky":false,"template":"","format":"standard","meta":{"footnotes":""},"categories":[4],"tags":[13],"class_list":["post-85448","post","type-post","status-publish","format-standard","has-post-thumbnail","hentry","category-departamentales","tag-departamentales"],"_links":{"self":[{"href":"https:\/\/elmetropolitano.com.gt\/es\/wp-json\/wp\/v2\/posts\/85448","targetHints":{"allow":["GET"]}}],"collection":[{"href":"https:\/\/elmetropolitano.com.gt\/es\/wp-json\/wp\/v2\/posts"}],"about":[{"href":"https:\/\/elmetropolitano.com.gt\/es\/wp-json\/wp\/v2\/types\/post"}],"author":[{"embeddable":true,"href":"https:\/\/elmetropolitano.com.gt\/es\/wp-json\/wp\/v2\/users\/1"}],"replies":[{"embeddable":true,"href":"https:\/\/elmetropolitano.com.gt\/es\/wp-json\/wp\/v2\/comments?post=85448"}],"version-history":[{"count":1,"href":"https:\/\/elmetropolitano.com.gt\/es\/wp-json\/wp\/v2\/posts\/85448\/revisions"}],"predecessor-version":[{"id":85450,"href":"https:\/\/elmetropolitano.com.gt\/es\/wp-json\/wp\/v2\/posts\/85448\/revisions\/85450"}],"wp:featuredmedia":[{"embeddable":true,"href":"https:\/\/elmetropolitano.com.gt\/es\/wp-json\/wp\/v2\/media\/85449"}],"wp:attachment":[{"href":"https:\/\/elmetropolitano.com.gt\/es\/wp-json\/wp\/v2\/media?parent=85448"}],"wp:term":[{"taxonomy":"category","embeddable":true,"href":"https:\/\/elmetropolitano.com.gt\/es\/wp-json\/wp\/v2\/categories?post=85448"},{"taxonomy":"post_tag","embeddable":true,"href":"https:\/\/elmetropolitano.com.gt\/es\/wp-json\/wp\/v2\/tags?post=85448"}],"curies":[{"name":"wp","href":"https:\/\/api.w.org\/{rel}","templated":true}]}}