{"id":85454,"date":"2024-06-30T23:13:15","date_gmt":"2024-07-01T05:13:15","guid":{"rendered":"https:\/\/elmetropolitano.com.gt\/es\/?p=85454"},"modified":"2024-06-30T23:13:15","modified_gmt":"2024-07-01T05:13:15","slug":"eurofarma-anuncia-expansion-de-genfar-en-centroamerica-marcando-una-nueva-etapa-en-el-mercado-farmaceutico","status":"publish","type":"post","link":"https:\/\/elmetropolitano.com.gt\/es\/eurofarma-anuncia-expansion-de-genfar-en-centroamerica-marcando-una-nueva-etapa-en-el-mercado-farmaceutico\/","title":{"rendered":"Eurofarma anuncia expansi\u00f3n de Genfar en Centroam\u00e9rica, marcando una nueva etapa en el mercado farmac\u00e9utico"},"content":{"rendered":"\n<p>Eurofarma, compa\u00f1\u00eda farmac\u00e9utica presente en 22 pa\u00edses en Latinoam\u00e9rica, Estados Unidos y algunos pa\u00edses de \u00c1frica, anuncia el retorno de la marca Genfar para Guatemala y Centroam\u00e9rica.<\/p>\n\n\n\n<p>Despu\u00e9s de un breve periodo de ausencia (2019-2023), la marca regresa a la regi\u00f3n, inicialmente en Guatemala, Panam\u00e1, Costa Rica y Honduras, con el objetivo de continuar proporcionando <a><\/a>medicamentos de la m\u00e1s alta calidad y efectividad a millones de personas en la regi\u00f3n.<\/p><div class=\"elmet-contenido\" id=\"elmet-3297052106\"><div class=\"elmet-adlabel\">Anuncios<\/div><div style=\"margin-top: 20px;margin-right: 20px;margin-bottom: 20px;margin-left: 20px;\" id=\"elmet-3391003261\"><a href=\"https:\/\/www.facebook.com\/arrincuanantigua\/\" aria-label=\"cintillo-arrin-cual\"><img loading=\"lazy\" decoding=\"async\" src=\"https:\/\/elmetropolitano.com.gt\/es\/wp-content\/uploads\/2021\/11\/cintillo-arrin-cual-1.jpg\" alt=\"\"  srcset=\"https:\/\/elmetropolitano.com.gt\/es\/wp-content\/uploads\/2021\/11\/cintillo-arrin-cual-1.jpg 750w, https:\/\/elmetropolitano.com.gt\/es\/wp-content\/uploads\/2021\/11\/cintillo-arrin-cual-1-300x36.jpg 300w, https:\/\/elmetropolitano.com.gt\/es\/wp-content\/uploads\/2021\/11\/cintillo-arrin-cual-1-600x72.jpg 600w\" sizes=\"(max-width: 750px) 100vw, 750px\" width=\"750\" height=\"90\"   \/><\/a><\/div><\/div>\n\n\n\n<p>En 2023, Eurofarma anunci\u00f3 la adquisici\u00f3n del 100% de las acciones representativas de Genfar, la inversi\u00f3n m\u00e1s grande que el grupo ha realizado en su historia e importante consolidaci\u00f3n de Eurofarma en la regi\u00f3n.<\/p>\n\n\n\n<p>Genfar ser\u00e1 la marca de gen\u00e9ricos de Eurofarma para toda Latinoam\u00e9rica, exceptuando el mercado brasilero.<\/p>\n\n\n\n<p>Despu\u00e9s del relanzamiento en los cuatro primeros pa\u00edses de Centroam\u00e9rica, la expansi\u00f3n de Genfar continuar\u00e1 en 2025 en Rep\u00fablica Dominicana, El Salvador y Nicaragua.<\/p>\n\n\n\n<p>L\u00edder en el mercado de gen\u00e9ricos puros en Colombia, Genfar posee operaciones en Colombia, Ecuador y Per\u00fa, con una planta de producci\u00f3n en Cali.<\/p>\n\n\n\n<p>La empresa cuenta con m\u00e1s de 600 colaboradores y ofrece un robusto portafolio de m\u00e1s de 150 mol\u00e9culas y 600 SKUs. En 2023, Genfar produjo m\u00e1s de 1 mill\u00f3n de productos, distribuidos en 8 pa\u00edses.<\/p>\n\n\n\n<p>El inicio de la expansi\u00f3n regional de Genfar marca la consolidaci\u00f3n en Latinoam\u00e9rica de Eurofarma, una empresa con 52 a\u00f1os de historia que es l\u00edder en ventas de productos de prescripci\u00f3n en la regi\u00f3n y en Brasil, donde tambi\u00e9n ocupa el segundo lugar en gen\u00e9ricos. \u00abBuscamos promover el acceso oportuno a la salud y la calidad de vida, alineados con nuestro prop\u00f3sito de expansi\u00f3n y operaciones en Centroam\u00e9rica.<\/p>\n\n\n\n<p>\u201cCon el regreso de Genfar a la regi\u00f3n, en estos 4 pa\u00edses, logramos aumentar casi tres veces el portafolio de productos gen\u00e9ricos de Eurofarma en comparaci\u00f3n con el a\u00f1o pasado, ofreciendo m\u00e1s opciones para los pacientes y mayor cobertura de \u00e1reas terap\u00e9uticas\u201d, afirm\u00f3 Agustin Vincent, gerente general de Genfar.<\/p>\n\n\n\n<p>\u201cGuatemala, donde ya tenemos una f\u00e1brica, es un punto estrat\u00e9gico para nuestra expansi\u00f3n y para la llegada de Genfar a la regi\u00f3n de Centroam\u00e9rica\u201d, coment\u00f3 Francisco P\u00e9rez, gerente general de Eurofarma en Centroam\u00e9rica y el Caribe<\/p>\n\n\n\n<p>\u201cEsta uni\u00f3n fortalece el compromiso de la empresa de ofrecer productos innovadores y de alta calidad a m\u00e1s personas en todo el mundo, que son nuestras prioridades junto con el crecimiento sostenible\u201d, complet\u00f3 Rosalba Pantoja, directora ejecutiva de Operaciones Internacionales de Eurofarma.<\/p>\n\n\n\n<p>El portafolio de Genfar abarca una amplia gama de \u00e1reas terap\u00e9uticas, con productos tanto de prescripci\u00f3n como de venta libre. Entre las categor\u00edas de medicamentos que ser\u00e1n comercializados se encuentran analg\u00e9sicos, antiinflamatorios, dermatol\u00f3gicos y antiinfecciosos sist\u00e9micos, as\u00ed como productos para el sistema nervioso, aparato genitourinario y el sistema cardiovascular.<\/p>\n\n\n\n<p>Eurofarma en Centroam\u00e9rica<\/p>\n\n\n\n<p>La planta de Eurofarma en Guatemala, que opera desde 2013, no solo produce sus propios productos, sino que tambi\u00e9n ofrece servicios de fabricaci\u00f3n para terceros. Con una extensi\u00f3n de 8 mil m\u00b2 en un terreno total de m\u00e1s de 32 mil m\u00b2 y casi 490 colaboradores dedicados a \u00e1reas productivas, comerciales y administrativas, esta instalaci\u00f3n es crucial para las operaciones de la empresa en Latinoam\u00e9rica. Su enfoque en la calidad, la innovaci\u00f3n y la excelencia operativa resalta la importancia de Guatemala en el crecimiento de Eurofarma en la regi\u00f3n.<\/p>\n\n\n\n<p>Este a\u00f1o, Eurofarma celebra su 11\u00b0 aniversario de operaciones en Guatemala, con planes ambiciosos para el 2024, que incluyen un aumento del 30% en la producci\u00f3n y el lanzamiento de 19 nuevos productos, as\u00ed como continuar trabajando en iniciativas que impacten positivamente en el bienestar de las personas y en programas de responsabilidad social para contribuir al bienestar de las comunidades.<\/p>\n\n\n\n<p>Sobre Eurofarma<\/p>\n\n\n\n<p>Fundada en 1972, Eurofarma act\u00faa en el sector de la salud con la producci\u00f3n y comercializaci\u00f3n de productos y servicios para mejorar la calidad de vida de las personas. Enfocada a generar valor compartido, cubre los principales segmentos farmac\u00e9uticos, como prescripci\u00f3n m\u00e9dica, venta libre (OTC), cuidado personal, gen\u00e9ricos, hospitalario, oncolog\u00eda, licitaciones y salud animal, adem\u00e1s de brindar servicios de producci\u00f3n a terceros (maquila). Con una amplia cobertura de clases terap\u00e9uticas, el portafolio comprende m\u00e1s de 2 mil productos y 3,7 mil SKU (presentaciones), para el tratamiento de las principales especialidades m\u00e9dicas. L\u00edder en prescripci\u00f3n m\u00e9dica en Latinoam\u00e9rica y Brasil, donde ocupa el segundo lugar en gen\u00e9ricos, Eurofarma est\u00e1 presente en 22 pa\u00edses, con cobertura del 100% en Latinoam\u00e9rica y operaciones en Estados Unidos y \u00c1frica. Con cierre de 2023, contaba con m\u00e1s de 12.600 colaboradores y 11 f\u00e1bricas, con un total de 573 millones de unidades producidas en 2023. En el mismo a\u00f1o, invirti\u00f3 m\u00e1s de USD 140 millones en innovaci\u00f3n y obtuvo ingresos netos totales de USD 1,9 mil millones; y en los \u00faltimos 15 a\u00f1os, Eurofarma registr\u00f3 un crecimiento anual promedio del 17%.<\/p>\n\n\n\n<p>Sobre Genfar<\/p>\n\n\n\n<p>Con 57 a\u00f1os de historia, Genfar, organizaci\u00f3n farmac\u00e9utica de origen colombiano, forma parte de las 2 principales empresas de gen\u00e9ricos puros (INN) en el mercado de Colombia, Per\u00fa y Ecuador y se encuentra entre las 10 principales empresas del mercado minorista farmac\u00e9utico para la misma regi\u00f3n. Nuestra compa\u00f1\u00eda, cuenta con un portafolio de m\u00e1s de 150 mol\u00e9culas y 600 SKUs. Genfar abarca una amplia gama de \u00e1reas terap\u00eauticas, estando presente en 12 de las m\u00e1s importantes; con medicamentos que van dirigidos a enfermedades gastrointestinales, del sistema nervioso central, cardiovasculares, diabetes, enfermedades infecciosas y medicamentos OTC, entre muchos otros. La compa\u00f1\u00eda cuenta con una planta de producci\u00f3n en la ciudad de Cali, adem\u00e1s del Genfar Lab, un Centro de Desarrollo e Innovaci\u00f3n de portafolio, ubicado en la misma ciudad, el cual, fue seleccionado como ganador de la categor\u00eda Innovaci\u00f3n que Promueve el Desarrollo Productivo del Sector Salud, en el marco del proyecto Panorama de Innovaci\u00f3n Salud Pinnos, del Tanque de Pensamiento en Salud &#8211; Innos, iniciativa conjunta entre Afidro y el HUBiEX de la Universidad El Bosque de Colombia, en 2022. Actualmente, Genfar cuenta con m\u00e1s de 600 colaboradores en Colombia, Per\u00fa, Ecuador y Centroam\u00e9rica y distribuye medicamentos a 8 pa\u00edses de Am\u00e9rica Latina.<\/p>\n\n\n\n<p><a href=\"https:\/\/www.facebook.com\/hashtag\/saludparatodos?__eep__=6&amp;__cft__[0]=AZXwoYxrI2lJnhqze2peUXzE7xsODo1DSORQ6m0QH2dRbV1F3-G5xct_ZHr91hg6QF0K0tNspOsy7pl-hQHKFO8I9O9FteM8iiFvKLbXH4tEPWa9KaAcflRtZBmlf4miTHou3PrH9KokPFAujc13pUZwVqhnXm5Yq8hd6cwE7W-yZIgjjrSwcFl86jicaYc1MAtUtUVTHAndL9NvGfeL4K3G&amp;__tn__=*NK-R\">#SaludParaTodos<\/a><a href=\"https:\/\/www.facebook.com\/hashtag\/eurofarma?__eep__=6&amp;__cft__[0]=AZXwoYxrI2lJnhqze2peUXzE7xsODo1DSORQ6m0QH2dRbV1F3-G5xct_ZHr91hg6QF0K0tNspOsy7pl-hQHKFO8I9O9FteM8iiFvKLbXH4tEPWa9KaAcflRtZBmlf4miTHou3PrH9KokPFAujc13pUZwVqhnXm5Yq8hd6cwE7W-yZIgjjrSwcFl86jicaYc1MAtUtUVTHAndL9NvGfeL4K3G&amp;__tn__=*NK-R\">#Eurofarma<\/a><a href=\"https:\/\/www.facebook.com\/hashtag\/genfar?__eep__=6&amp;__cft__[0]=AZXwoYxrI2lJnhqze2peUXzE7xsODo1DSORQ6m0QH2dRbV1F3-G5xct_ZHr91hg6QF0K0tNspOsy7pl-hQHKFO8I9O9FteM8iiFvKLbXH4tEPWa9KaAcflRtZBmlf4miTHou3PrH9KokPFAujc13pUZwVqhnXm5Yq8hd6cwE7W-yZIgjjrSwcFl86jicaYc1MAtUtUVTHAndL9NvGfeL4K3G&amp;__tn__=*NK-R\">#Genfar<\/a> www.<a href=\"http:\/\/elmetropolitano.com.gt\/?fbclid=IwZXh0bgNhZW0CMTAAAR13VONdk8xj9xA7i9mIQh2Mk8alXWArPTrN-NJONv9pQB_g7BFnmwP2s1s_aem_NiD8TOVPvd_FFzp9-p93KQ\" target=\"_blank\" rel=\"noreferrer noopener\">elmetropolitano.com.gt<\/a><\/p>\n\n\n\n<p><a href=\"https:\/\/l.facebook.com\/l.php?u=http%3A%2F%2FWww.metroredes.com%2F%3Ffbclid%3DIwZXh0bgNhZW0CMTAAAR3MRTzn4DDjyOTUTOIiEIzOwjHqTYwrORh05x0Zxe90lhWprh_qhP9eI7M_aem_dzSYOvM63B4lY8R9u91xhg&amp;h=AT0jUN1KZmIBzsHVQMuTd0Ix1x-XxFU-61BdTZ1PQQFc-PBKWfwOgYfjtBjaoX14YKehJDSfuRiE66j0tqxzbu4qMfkI8GoCPDYAOCPfPMgf8WXX8mcrbp2wcHqPCrARmMDv&amp;__tn__=-UK-R&amp;c[0]=AT1VXsMDMUXxbTfpNoXP-nSCaggtkhY719aUBAoOtTdnJV4zNVEyi7cihyc2XbLXGoyFxhv1Ykqe7QdmLsWkObgzuqVc_e4unoYFLKbQhNYUexehdfOTqv7WK13fcxsD8jJv5WnPHxS4Li7FiIFkrYym6COCr5B81NAeOA5HyL6ula4PjA1T8lC-DbKFiYffIW4YgMfPOnVpjLbR6NXHbrD6nrPAWusuQODP\" rel=\"noreferrer noopener\" target=\"_blank\">Www.metroredes.com<\/a><\/p>\n","protected":false},"excerpt":{"rendered":"<p>Eurofarma, compa\u00f1\u00eda farmac\u00e9utica presente en 22 pa\u00edses en Latinoam\u00e9rica, Estados Unidos y algunos pa\u00edses de \u00c1frica, anuncia el retorno de la marca Genfar para Guatemala y Centroam\u00e9rica. Despu\u00e9s de un breve periodo de ausencia (2019-2023), la marca regresa a la regi\u00f3n, inicialmente en Guatemala, Panam\u00e1, Costa Rica y Honduras, con el objetivo de continuar proporcionando <a class=\"read-more\" href=\"https:\/\/elmetropolitano.com.gt\/es\/eurofarma-anuncia-expansion-de-genfar-en-centroamerica-marcando-una-nueva-etapa-en-el-mercado-farmaceutico\/\">Leer m\u00e1s<\/a><\/p>\n","protected":false},"author":1,"featured_media":85455,"comment_status":"open","ping_status":"closed","sticky":false,"template":"","format":"standard","meta":{"footnotes":""},"categories":[31],"tags":[32],"class_list":["post-85454","post","type-post","status-publish","format-standard","has-post-thumbnail","hentry","category-metroimpulso","tag-metroimpulso"],"_links":{"self":[{"href":"https:\/\/elmetropolitano.com.gt\/es\/wp-json\/wp\/v2\/posts\/85454","targetHints":{"allow":["GET"]}}],"collection":[{"href":"https:\/\/elmetropolitano.com.gt\/es\/wp-json\/wp\/v2\/posts"}],"about":[{"href":"https:\/\/elmetropolitano.com.gt\/es\/wp-json\/wp\/v2\/types\/post"}],"author":[{"embeddable":true,"href":"https:\/\/elmetropolitano.com.gt\/es\/wp-json\/wp\/v2\/users\/1"}],"replies":[{"embeddable":true,"href":"https:\/\/elmetropolitano.com.gt\/es\/wp-json\/wp\/v2\/comments?post=85454"}],"version-history":[{"count":1,"href":"https:\/\/elmetropolitano.com.gt\/es\/wp-json\/wp\/v2\/posts\/85454\/revisions"}],"predecessor-version":[{"id":85456,"href":"https:\/\/elmetropolitano.com.gt\/es\/wp-json\/wp\/v2\/posts\/85454\/revisions\/85456"}],"wp:featuredmedia":[{"embeddable":true,"href":"https:\/\/elmetropolitano.com.gt\/es\/wp-json\/wp\/v2\/media\/85455"}],"wp:attachment":[{"href":"https:\/\/elmetropolitano.com.gt\/es\/wp-json\/wp\/v2\/media?parent=85454"}],"wp:term":[{"taxonomy":"category","embeddable":true,"href":"https:\/\/elmetropolitano.com.gt\/es\/wp-json\/wp\/v2\/categories?post=85454"},{"taxonomy":"post_tag","embeddable":true,"href":"https:\/\/elmetropolitano.com.gt\/es\/wp-json\/wp\/v2\/tags?post=85454"}],"curies":[{"name":"wp","href":"https:\/\/api.w.org\/{rel}","templated":true}]}}