{"id":85485,"date":"2024-07-01T11:28:34","date_gmt":"2024-07-01T17:28:34","guid":{"rendered":"https:\/\/elmetropolitano.com.gt\/es\/?p=85485"},"modified":"2024-07-01T11:50:37","modified_gmt":"2024-07-01T17:50:37","slug":"se-ha-restablecido-el-paso-en-el-puente-el-colorado-jutiapa","status":"publish","type":"post","link":"https:\/\/elmetropolitano.com.gt\/es\/se-ha-restablecido-el-paso-en-el-puente-el-colorado-jutiapa\/","title":{"rendered":"Se ha restablecido el paso en el puente El Colorado, Jutiapa"},"content":{"rendered":"\n<p>En 48 horas el gobierno de Bernardo Ar\u00e9valo logr\u00f3 atender la emergencia que se present\u00f3 en el puente El Colorado, Jutiapa que comunica con El Salvador.<\/p>\n\n\n\n<p>El <a><\/a>presidente del Congrewo diputado por Jutiapa Nery Ramos agradeci\u00f3 al Ministerio de Comunicaciones \u201cpor su intervenci\u00f3n inmediata y por su compromiso para que juntos construyamos un mejor pa\u00eds\u201d<\/p><div class=\"elmet-contenido\" id=\"elmet-3378261600\"><div class=\"elmet-adlabel\">Anuncios<\/div><div style=\"margin-top: 20px;margin-right: 20px;margin-bottom: 20px;margin-left: 20px;\" id=\"elmet-3866644471\"><a href=\"https:\/\/www.facebook.com\/arrincuanantigua\/\" aria-label=\"cintillo-arrin-cual\"><img loading=\"lazy\" decoding=\"async\" src=\"https:\/\/elmetropolitano.com.gt\/es\/wp-content\/uploads\/2021\/11\/cintillo-arrin-cual-1.jpg\" alt=\"\"  srcset=\"https:\/\/elmetropolitano.com.gt\/es\/wp-content\/uploads\/2021\/11\/cintillo-arrin-cual-1.jpg 750w, https:\/\/elmetropolitano.com.gt\/es\/wp-content\/uploads\/2021\/11\/cintillo-arrin-cual-1-300x36.jpg 300w, https:\/\/elmetropolitano.com.gt\/es\/wp-content\/uploads\/2021\/11\/cintillo-arrin-cual-1-600x72.jpg 600w\" sizes=\"(max-width: 750px) 100vw, 750px\" width=\"750\" height=\"90\"   \/><\/a><\/div><\/div>\n\n\n\n<p>Por su parte el Ministerio de Comunicaciones indic\u00f3 que \u201c Cuando se cuenta con los recursos necesarios, podemos responder r\u00e1pidamente a cualquier situaci\u00f3n\u201d<\/p>\n\n\n\n<p>Agradecemos \u201cel invaluable apoyo de la empresa que nos ha apoyado para que las personas puedan hacer uso inmediato del puente\u201d indic\u00f3 finalmente el l Ministerio de Comunicaciones.<\/p>\n\n\n\n<p>Uno de los principales problemas que afronta el gobierno de Ar\u00e9valo es la falta de dinero para atender emergencias en esta temporada de lluvias, por lo que urge una ampliaci\u00f3n presupuestaria para que hayan los recursos necesario en la cartera de comunicaciones.<\/p>\n\n\n\n<p><a href=\"https:\/\/www.facebook.com\/hashtag\/jutiapa?__eep__=6&amp;__cft__[0]=AZVeErkDJBwpByAVfAr1EgWNaQE_-A-I_V00zplmAOcMPQGVIKvc2JmfS0b_sNSxDzDMO_FkWdEvTJu8zyUxA0jfdlxbLW1Nw4GPJ_zj5aDKyRTlMonKIx24aFzs7O0JWDWpGL8mtIdpLcHy7J-ZymlhxdMJe9a47gC3207djzW4BOWaq6xounysny2zkZh_1uQQYaD1WgnfLPDRhxsv3jrq&amp;__tn__=*NK-R\">#Jutiapa<\/a><a href=\"https:\/\/www.facebook.com\/hashtag\/metroredes?__eep__=6&amp;__cft__[0]=AZVeErkDJBwpByAVfAr1EgWNaQE_-A-I_V00zplmAOcMPQGVIKvc2JmfS0b_sNSxDzDMO_FkWdEvTJu8zyUxA0jfdlxbLW1Nw4GPJ_zj5aDKyRTlMonKIx24aFzs7O0JWDWpGL8mtIdpLcHy7J-ZymlhxdMJe9a47gC3207djzW4BOWaq6xounysny2zkZh_1uQQYaD1WgnfLPDRhxsv3jrq&amp;__tn__=*NK-R\">#metroredes<\/a><a href=\"https:\/\/www.facebook.com\/hashtag\/lluviasgt?__eep__=6&amp;__cft__[0]=AZVeErkDJBwpByAVfAr1EgWNaQE_-A-I_V00zplmAOcMPQGVIKvc2JmfS0b_sNSxDzDMO_FkWdEvTJu8zyUxA0jfdlxbLW1Nw4GPJ_zj5aDKyRTlMonKIx24aFzs7O0JWDWpGL8mtIdpLcHy7J-ZymlhxdMJe9a47gC3207djzW4BOWaq6xounysny2zkZh_1uQQYaD1WgnfLPDRhxsv3jrq&amp;__tn__=*NK-R\">#LluviasGT<\/a> <a href=\"https:\/\/www.facebook.com\/hashtag\/emergenciasresueltas?__eep__=6&amp;__cft__[0]=AZVeErkDJBwpByAVfAr1EgWNaQE_-A-I_V00zplmAOcMPQGVIKvc2JmfS0b_sNSxDzDMO_FkWdEvTJu8zyUxA0jfdlxbLW1Nw4GPJ_zj5aDKyRTlMonKIx24aFzs7O0JWDWpGL8mtIdpLcHy7J-ZymlhxdMJe9a47gC3207djzW4BOWaq6xounysny2zkZh_1uQQYaD1WgnfLPDRhxsv3jrq&amp;__tn__=*NK-R\">#EmergenciasResueltas<\/a><\/p>\n\n\n\n<p><\/p>\n","protected":false},"excerpt":{"rendered":"<p>En 48 horas el gobierno de Bernardo Ar\u00e9valo logr\u00f3 atender la emergencia que se present\u00f3 en el puente El Colorado, Jutiapa que comunica con El Salvador. El presidente del Congrewo diputado por Jutiapa Nery Ramos agradeci\u00f3 al Ministerio de Comunicaciones \u201cpor su intervenci\u00f3n inmediata y por su compromiso para que juntos construyamos un mejor pa\u00eds\u201d <a class=\"read-more\" href=\"https:\/\/elmetropolitano.com.gt\/es\/se-ha-restablecido-el-paso-en-el-puente-el-colorado-jutiapa\/\">Leer m\u00e1s<\/a><\/p>\n","protected":false},"author":1,"featured_media":85486,"comment_status":"open","ping_status":"closed","sticky":false,"template":"","format":"standard","meta":{"footnotes":""},"categories":[4],"tags":[13],"class_list":["post-85485","post","type-post","status-publish","format-standard","has-post-thumbnail","hentry","category-departamentales","tag-departamentales"],"_links":{"self":[{"href":"https:\/\/elmetropolitano.com.gt\/es\/wp-json\/wp\/v2\/posts\/85485","targetHints":{"allow":["GET"]}}],"collection":[{"href":"https:\/\/elmetropolitano.com.gt\/es\/wp-json\/wp\/v2\/posts"}],"about":[{"href":"https:\/\/elmetropolitano.com.gt\/es\/wp-json\/wp\/v2\/types\/post"}],"author":[{"embeddable":true,"href":"https:\/\/elmetropolitano.com.gt\/es\/wp-json\/wp\/v2\/users\/1"}],"replies":[{"embeddable":true,"href":"https:\/\/elmetropolitano.com.gt\/es\/wp-json\/wp\/v2\/comments?post=85485"}],"version-history":[{"count":2,"href":"https:\/\/elmetropolitano.com.gt\/es\/wp-json\/wp\/v2\/posts\/85485\/revisions"}],"predecessor-version":[{"id":85488,"href":"https:\/\/elmetropolitano.com.gt\/es\/wp-json\/wp\/v2\/posts\/85485\/revisions\/85488"}],"wp:featuredmedia":[{"embeddable":true,"href":"https:\/\/elmetropolitano.com.gt\/es\/wp-json\/wp\/v2\/media\/85486"}],"wp:attachment":[{"href":"https:\/\/elmetropolitano.com.gt\/es\/wp-json\/wp\/v2\/media?parent=85485"}],"wp:term":[{"taxonomy":"category","embeddable":true,"href":"https:\/\/elmetropolitano.com.gt\/es\/wp-json\/wp\/v2\/categories?post=85485"},{"taxonomy":"post_tag","embeddable":true,"href":"https:\/\/elmetropolitano.com.gt\/es\/wp-json\/wp\/v2\/tags?post=85485"}],"curies":[{"name":"wp","href":"https:\/\/api.w.org\/{rel}","templated":true}]}}