{"id":85594,"date":"2024-07-03T09:57:33","date_gmt":"2024-07-03T15:57:33","guid":{"rendered":"https:\/\/elmetropolitano.com.gt\/es\/?p=85594"},"modified":"2024-07-03T09:57:34","modified_gmt":"2024-07-03T15:57:34","slug":"maxi-despensa-minerva-abre-sus-puertas-como-el-nuevo-destino-de-compras-en-mixco","status":"publish","type":"post","link":"https:\/\/elmetropolitano.com.gt\/es\/maxi-despensa-minerva-abre-sus-puertas-como-el-nuevo-destino-de-compras-en-mixco\/","title":{"rendered":"Maxi Despensa Minerva abre sus puertas como el nuevo destino de compras en Mixco"},"content":{"rendered":"\n<p>Maxi Despensa reafirma su compromiso con los guatemaltecos de ofrecer productos de calidad a precios accesibles con la inauguraci\u00f3n de su nueva tienda \u201cMaxi Despensa Minerva\u201d en Mixco. Esta apertura representa un paso significativo en la expansi\u00f3n de la marca y su constante dedicaci\u00f3n para mejorar la experiencia de compra de sus clientes.<\/p>\n\n\n\n<p>Ubicada estrat\u00e9gicamente en la 10 avenida 15-03, zona 11, <a><\/a>Condominio Real Minerva, Mixco la nueva tienda abarca una superficie de 1,439 mt2 con un amplio parqueo de 419 mt2, que incluye 36 espacios para veh\u00edculos y 22 para motocicletas. Adem\u00e1s, contar\u00e1 con un espacio de carga el\u00e9ctrica para veh\u00edculos h\u00edbridos o el\u00e9ctricos, enfatizando el compromiso de la tienda con la sostenibilidad y la innovaci\u00f3n.<\/p><div class=\"elmet-contenido\" id=\"elmet-3203708957\"><div class=\"elmet-adlabel\">Anuncios<\/div><div style=\"margin-top: 20px;margin-right: 20px;margin-bottom: 20px;margin-left: 20px;\" id=\"elmet-854337967\"><a href=\"https:\/\/www.facebook.com\/arrincuanantigua\/\" aria-label=\"cintillo-arrin-cual\"><img loading=\"lazy\" decoding=\"async\" src=\"https:\/\/elmetropolitano.com.gt\/es\/wp-content\/uploads\/2021\/11\/cintillo-arrin-cual-1.jpg\" alt=\"\"  srcset=\"https:\/\/elmetropolitano.com.gt\/es\/wp-content\/uploads\/2021\/11\/cintillo-arrin-cual-1.jpg 750w, https:\/\/elmetropolitano.com.gt\/es\/wp-content\/uploads\/2021\/11\/cintillo-arrin-cual-1-300x36.jpg 300w, https:\/\/elmetropolitano.com.gt\/es\/wp-content\/uploads\/2021\/11\/cintillo-arrin-cual-1-600x72.jpg 600w\" sizes=\"(max-width: 750px) 100vw, 750px\" width=\"750\" height=\"90\"   \/><\/a><\/div><\/div>\n\n\n\n<p>\u201cLa apertura de Maxi Despensa Minerva no solo brinda a los habitantes de Mixco un nuevo lugar para adquirir productos de calidad a precios accesibles, sino que tambi\u00e9n impulsa la econom\u00eda local. Con esta nueva tienda, deseamos enriquecer la experiencia de compra de nuestros clientes y contribuir al desarrollo econ\u00f3mico de la regi\u00f3n, generando empleos directos e indirectos y promoviendo el bienestar de las familias locales\u201d coment\u00f3 Rodrigo Ruata, Subdirector de Operaciones de Maxi Despensa.<\/p>\n\n\n\n<p>Maxi Despensa Minerva ofrecer\u00e1 una amplia variedad de productos, contando con m\u00e1s de 7,270 art\u00edculos disponibles, cada uno seleccionado cuidadosamente para satisfacer las diversas necesidades de las familias de Mixco. Los productos incluyen desde alimentos frescos provenientes de productores locales, productos de limpieza, art\u00edculos para el hogar y de cuidado personal, hasta electrodom\u00e9sticos, equipos electr\u00f3nicos y ropa para toda la familia, asegurando que los clientes encuentren todo lo que necesitan en un solo lugar.<\/p>\n\n\n\n<p>La apertura de esta tienda fortalecer\u00e1 la econom\u00eda de la regi\u00f3n y tambi\u00e9n ha generado 35 empleos directos, promoviendo la inclusi\u00f3n y la equidad de g\u00e9nero con un equipo compuesto por un 49% de mujeres.<\/p>\n\n\n\n<p>El horario de atenci\u00f3n de la nueva sucursal es de lunes a domingo de 8:00 a 21:00 horas, ofreciendo un lapso de tiempo conveniente para que los clientes puedan realizar sus compras con comodidad.<\/p>\n\n\n\n<p>En l\u00ednea con su compromiso con la sostenibilidad, Maxi Despensa Minerva incorporar\u00e1 184 paneles solares, que contribuir\u00e1n significativamente a la reducci\u00f3n de su huella de carbono y promover\u00e1n el uso de energ\u00eda renovable. Esta iniciativa forma parte del esfuerzo global de Walmart para convertirse en una empresa regenerativa y respetuosa con el medio ambiente.<\/p>\n\n\n\n<p>Adem\u00e1s, la tienda contar\u00e1 con pisos todat\u00e1ctiles, dise\u00f1ados especialmente para facilitar la movilidad de personas con discapacidad visual, resaltando el compromiso de Maxi Despensa con la accesibilidad y la creaci\u00f3n de un entorno inclusivo para todos sus clientes.<\/p>\n\n\n\n<p>Walmart Guatemala agradece a la comunidad de Mixco por el apoyo continuo. La compa\u00f1\u00eda se encuentra emocionada de fortalecer su presencia en esta comunidad y tiene la firme expectativa de seguir contribuyendo al desarrollo y bienestar de todos sus clientes a trav\u00e9s de Maxi Despensa.<\/p>\n\n\n\n<p>Con esta apertura, Walmart reafirma su compromiso de ofrecer productos de calidad, fomentar la sostenibilidad y apoyar a las comunidades locales para vivir mejor<\/p>\n\n\n\n<p><a href=\"https:\/\/www.facebook.com\/hashtag\/maxidespensa?__eep__=6&amp;__cft__[0]=AZXp1aRAxsfv1jCMenvLpRMgIB3qKSKIc08jspbhqEuqaFTJlhIoANbmkRh0xLMI05MJVwJpOmp6KBi5BAUvSqqtyWbP0i9S0JS2v8mR9lqrE5u3KPTNcDhRG4ZQ2hdhJqFFUkIDwOkd81TCPQ5CdXv90ue-2Rdl2MyK9DANqkPv7N4QN7xqDaY5Fojt0KoU4XAyxFDPtjdxWmGuOx8lmrW-&amp;__tn__=*NK-R\">#MaxiDespensa<\/a><a href=\"https:\/\/www.facebook.com\/hashtag\/metroredes?__eep__=6&amp;__cft__[0]=AZXp1aRAxsfv1jCMenvLpRMgIB3qKSKIc08jspbhqEuqaFTJlhIoANbmkRh0xLMI05MJVwJpOmp6KBi5BAUvSqqtyWbP0i9S0JS2v8mR9lqrE5u3KPTNcDhRG4ZQ2hdhJqFFUkIDwOkd81TCPQ5CdXv90ue-2Rdl2MyK9DANqkPv7N4QN7xqDaY5Fojt0KoU4XAyxFDPtjdxWmGuOx8lmrW-&amp;__tn__=*NK-R\">#metroredes<\/a> <a href=\"http:\/\/www.elmetropolitano.com.gt\/?fbclid=IwZXh0bgNhZW0CMTAAAR3XOOnWBO-YjaZ8fRItDATuTUqf8Hy4M7oxpzd4IHB1SEupFaz-UwWMufY_aem_aIY1nqSDv_bqDB8pf0F1Dw\" target=\"_blank\" rel=\"noreferrer noopener\">Www.elmetropolitano.com.gt<\/a> <a href=\"https:\/\/l.facebook.com\/l.php?u=http%3A%2F%2FWww.metroredes.com%2F%3Ffbclid%3DIwZXh0bgNhZW0CMTAAAR1jLwIefWfS-DXN-k9ZjaLPN6kLevbpNmJVtlLj_Smo9v3ypcQY63NMQvc_aem_lk7E91v5mOKN_7B4yhQewA&amp;h=AT1n_3yYR_4ug_SLd3cf74EpF8gRjcB1wGM6T-8CqZk-U87aUsPwVt2AVcOQQP9GVK_j-zDTy23oGeCv2uVlV59iY2UyqnyBTCQqNQHgKR7aAj-KDcL4wFi3mav0OXfd6EpdOoACWwLy0q2qQZyC&amp;__tn__=-UK-R&amp;c[0]=AT16H3NJ5PbvpwwplT9VoL_M6p2hhUP7h4Ie9f53-lbAxKgAVmCaoHo4XwzvV4opphY0QorOKhBTkruo8h-RpWB0JpoyiO-rZCw30hdRDws5XhUeb50KQQKpcviflK-M9hZdFzes1giGge7lZlpAJbIIPNe2yXfrRMQkJ8bvOOiuJ_1IB1XBTlBhsu86JV1uhX8u2xMhLr1p6Z7jm2Yo8WZogWIEOZaue63V\" target=\"_blank\" rel=\"noreferrer noopener\">Www.metroredes.com<\/a><\/p>\n\n\n\n<figure class=\"wp-block-gallery has-nested-images columns-default is-cropped wp-block-gallery-1 is-layout-flex wp-block-gallery-is-layout-flex\">\n<figure class=\"wp-block-image size-large\"><img loading=\"lazy\" decoding=\"async\" width=\"1024\" height=\"683\" data-id=\"85597\" src=\"https:\/\/elmetropolitano.com.gt\/es\/wp-content\/uploads\/2024\/07\/449600405_975308351261915_4537596284742248122_n-1024x683.jpg\" alt=\"\" class=\"wp-image-85597\" srcset=\"https:\/\/elmetropolitano.com.gt\/es\/wp-content\/uploads\/2024\/07\/449600405_975308351261915_4537596284742248122_n-1024x683.jpg 1024w, https:\/\/elmetropolitano.com.gt\/es\/wp-content\/uploads\/2024\/07\/449600405_975308351261915_4537596284742248122_n-300x200.jpg 300w, https:\/\/elmetropolitano.com.gt\/es\/wp-content\/uploads\/2024\/07\/449600405_975308351261915_4537596284742248122_n-768x512.jpg 768w, https:\/\/elmetropolitano.com.gt\/es\/wp-content\/uploads\/2024\/07\/449600405_975308351261915_4537596284742248122_n-1536x1025.jpg 1536w, https:\/\/elmetropolitano.com.gt\/es\/wp-content\/uploads\/2024\/07\/449600405_975308351261915_4537596284742248122_n.jpg 2048w\" sizes=\"auto, (max-width: 1024px) 100vw, 1024px\" \/><\/figure>\n\n\n\n<figure class=\"wp-block-image size-large\"><img loading=\"lazy\" decoding=\"async\" width=\"1024\" height=\"682\" data-id=\"85599\" src=\"https:\/\/elmetropolitano.com.gt\/es\/wp-content\/uploads\/2024\/07\/449713607_975308991261851_3182270832108600240_n-1024x682.jpg\" alt=\"\" class=\"wp-image-85599\" srcset=\"https:\/\/elmetropolitano.com.gt\/es\/wp-content\/uploads\/2024\/07\/449713607_975308991261851_3182270832108600240_n-1024x682.jpg 1024w, https:\/\/elmetropolitano.com.gt\/es\/wp-content\/uploads\/2024\/07\/449713607_975308991261851_3182270832108600240_n-300x200.jpg 300w, https:\/\/elmetropolitano.com.gt\/es\/wp-content\/uploads\/2024\/07\/449713607_975308991261851_3182270832108600240_n-768x512.jpg 768w, https:\/\/elmetropolitano.com.gt\/es\/wp-content\/uploads\/2024\/07\/449713607_975308991261851_3182270832108600240_n-1536x1023.jpg 1536w, https:\/\/elmetropolitano.com.gt\/es\/wp-content\/uploads\/2024\/07\/449713607_975308991261851_3182270832108600240_n.jpg 2048w\" sizes=\"auto, (max-width: 1024px) 100vw, 1024px\" \/><\/figure>\n\n\n\n<figure class=\"wp-block-image size-large\"><img loading=\"lazy\" decoding=\"async\" width=\"1024\" height=\"682\" data-id=\"85596\" src=\"https:\/\/elmetropolitano.com.gt\/es\/wp-content\/uploads\/2024\/07\/449727233_975308321261918_7979347126004354764_n-1024x682.jpg\" alt=\"\" class=\"wp-image-85596\" srcset=\"https:\/\/elmetropolitano.com.gt\/es\/wp-content\/uploads\/2024\/07\/449727233_975308321261918_7979347126004354764_n-1024x682.jpg 1024w, https:\/\/elmetropolitano.com.gt\/es\/wp-content\/uploads\/2024\/07\/449727233_975308321261918_7979347126004354764_n-300x200.jpg 300w, https:\/\/elmetropolitano.com.gt\/es\/wp-content\/uploads\/2024\/07\/449727233_975308321261918_7979347126004354764_n-768x512.jpg 768w, https:\/\/elmetropolitano.com.gt\/es\/wp-content\/uploads\/2024\/07\/449727233_975308321261918_7979347126004354764_n-1536x1023.jpg 1536w, https:\/\/elmetropolitano.com.gt\/es\/wp-content\/uploads\/2024\/07\/449727233_975308321261918_7979347126004354764_n.jpg 2048w\" sizes=\"auto, (max-width: 1024px) 100vw, 1024px\" \/><\/figure>\n\n\n\n<figure class=\"wp-block-image size-large\"><img loading=\"lazy\" decoding=\"async\" width=\"1024\" height=\"683\" data-id=\"85598\" src=\"https:\/\/elmetropolitano.com.gt\/es\/wp-content\/uploads\/2024\/07\/449755912_975308997928517_8390309177383609175_n-1024x683.jpg\" alt=\"\" class=\"wp-image-85598\" srcset=\"https:\/\/elmetropolitano.com.gt\/es\/wp-content\/uploads\/2024\/07\/449755912_975308997928517_8390309177383609175_n-1024x683.jpg 1024w, https:\/\/elmetropolitano.com.gt\/es\/wp-content\/uploads\/2024\/07\/449755912_975308997928517_8390309177383609175_n-300x200.jpg 300w, https:\/\/elmetropolitano.com.gt\/es\/wp-content\/uploads\/2024\/07\/449755912_975308997928517_8390309177383609175_n-768x512.jpg 768w, https:\/\/elmetropolitano.com.gt\/es\/wp-content\/uploads\/2024\/07\/449755912_975308997928517_8390309177383609175_n-1536x1025.jpg 1536w, https:\/\/elmetropolitano.com.gt\/es\/wp-content\/uploads\/2024\/07\/449755912_975308997928517_8390309177383609175_n.jpg 2048w\" sizes=\"auto, (max-width: 1024px) 100vw, 1024px\" \/><\/figure>\n<\/figure>\n","protected":false},"excerpt":{"rendered":"<p>Maxi Despensa reafirma su compromiso con los guatemaltecos de ofrecer productos de calidad a precios accesibles con la inauguraci\u00f3n de su nueva tienda \u201cMaxi Despensa Minerva\u201d en Mixco. Esta apertura representa un paso significativo en la expansi\u00f3n de la marca y su constante dedicaci\u00f3n para mejorar la experiencia de compra de sus clientes. Ubicada estrat\u00e9gicamente <a class=\"read-more\" href=\"https:\/\/elmetropolitano.com.gt\/es\/maxi-despensa-minerva-abre-sus-puertas-como-el-nuevo-destino-de-compras-en-mixco\/\">Leer m\u00e1s<\/a><\/p>\n","protected":false},"author":1,"featured_media":85595,"comment_status":"open","ping_status":"closed","sticky":false,"template":"","format":"standard","meta":{"footnotes":""},"categories":[31],"tags":[32],"class_list":["post-85594","post","type-post","status-publish","format-standard","has-post-thumbnail","hentry","category-metroimpulso","tag-metroimpulso"],"_links":{"self":[{"href":"https:\/\/elmetropolitano.com.gt\/es\/wp-json\/wp\/v2\/posts\/85594","targetHints":{"allow":["GET"]}}],"collection":[{"href":"https:\/\/elmetropolitano.com.gt\/es\/wp-json\/wp\/v2\/posts"}],"about":[{"href":"https:\/\/elmetropolitano.com.gt\/es\/wp-json\/wp\/v2\/types\/post"}],"author":[{"embeddable":true,"href":"https:\/\/elmetropolitano.com.gt\/es\/wp-json\/wp\/v2\/users\/1"}],"replies":[{"embeddable":true,"href":"https:\/\/elmetropolitano.com.gt\/es\/wp-json\/wp\/v2\/comments?post=85594"}],"version-history":[{"count":1,"href":"https:\/\/elmetropolitano.com.gt\/es\/wp-json\/wp\/v2\/posts\/85594\/revisions"}],"predecessor-version":[{"id":85600,"href":"https:\/\/elmetropolitano.com.gt\/es\/wp-json\/wp\/v2\/posts\/85594\/revisions\/85600"}],"wp:featuredmedia":[{"embeddable":true,"href":"https:\/\/elmetropolitano.com.gt\/es\/wp-json\/wp\/v2\/media\/85595"}],"wp:attachment":[{"href":"https:\/\/elmetropolitano.com.gt\/es\/wp-json\/wp\/v2\/media?parent=85594"}],"wp:term":[{"taxonomy":"category","embeddable":true,"href":"https:\/\/elmetropolitano.com.gt\/es\/wp-json\/wp\/v2\/categories?post=85594"},{"taxonomy":"post_tag","embeddable":true,"href":"https:\/\/elmetropolitano.com.gt\/es\/wp-json\/wp\/v2\/tags?post=85594"}],"curies":[{"name":"wp","href":"https:\/\/api.w.org\/{rel}","templated":true}]}}