{"id":85613,"date":"2024-07-04T10:37:16","date_gmt":"2024-07-04T16:37:16","guid":{"rendered":"https:\/\/elmetropolitano.com.gt\/es\/?p=85613"},"modified":"2024-07-04T10:37:17","modified_gmt":"2024-07-04T16:37:17","slug":"calidad-inmobiliaria-coloca-la-primera-piedra-de-era-10","status":"publish","type":"post","link":"https:\/\/elmetropolitano.com.gt\/es\/calidad-inmobiliaria-coloca-la-primera-piedra-de-era-10\/","title":{"rendered":"Calidad Inmobiliaria coloca la primera piedra de Era 10"},"content":{"rendered":"\n<p>Calidad Inmobiliaria anuncia con mucho orgullo la colocaci\u00f3n de la primera piedra de Era 10, que representa la modernidad de un edificio de uso mixto, el cual estar\u00e1 conformado por vivienda, comercio y oficinas en el centro de la zona viva.<\/p>\n\n\n\n<p>\u201cPor <a><\/a>m\u00e1s de 20 a\u00f1os, en Calidad Inmobiliaria siempre nos hemos caracterizado por construir proyectos con innovaci\u00f3n y excelencia, tanto en Guatemala como en El Salvador. Por ello, Era 10 continuar\u00e1 marcando el legado que con esfuerzo y dedicaci\u00f3n estamos construyendo\u201d, expres\u00f3 Ursula Estrada L\u00edder Comercial de Calidad Inmobiliaria.<\/p><div class=\"elmet-contenido\" id=\"elmet-916888412\"><div class=\"elmet-adlabel\">Anuncios<\/div><div style=\"margin-top: 20px;margin-right: 20px;margin-bottom: 20px;margin-left: 20px;\" id=\"elmet-3414420131\"><a href=\"https:\/\/www.facebook.com\/arrincuanantigua\/\" aria-label=\"cintillo-arrin-cual\"><img loading=\"lazy\" decoding=\"async\" src=\"https:\/\/elmetropolitano.com.gt\/es\/wp-content\/uploads\/2021\/11\/cintillo-arrin-cual-1.jpg\" alt=\"\"  srcset=\"https:\/\/elmetropolitano.com.gt\/es\/wp-content\/uploads\/2021\/11\/cintillo-arrin-cual-1.jpg 750w, https:\/\/elmetropolitano.com.gt\/es\/wp-content\/uploads\/2021\/11\/cintillo-arrin-cual-1-300x36.jpg 300w, https:\/\/elmetropolitano.com.gt\/es\/wp-content\/uploads\/2021\/11\/cintillo-arrin-cual-1-600x72.jpg 600w\" sizes=\"(max-width: 750px) 100vw, 750px\" width=\"750\" height=\"90\"   \/><\/a><\/div><\/div>\n\n\n\n<p>Era 10 ser\u00e1 la mejor experiencia de vivir, ya que ha sido dise\u00f1ado para ofrecer 174 apartamentos de 1, 2 y 3 habitaciones, 12 espacios para oficinas y 7 para comercios, adem\u00e1s de amenidades como coworking, sunset lounge, piscina, gym, \u00e1rea de ni\u00f1os, lounge privado y cooking station.<\/p>\n\n\n\n<p>Este proyecto de vivienda vertical ser\u00e1 un reflejo de la vida urbana y activa de la zona viva, ya que al ser de utilizaci\u00f3n mixta, ofrecer\u00e1 22 niveles y 6 s\u00f3tanos de parqueo con espacio para visitas de los comercios, oficinas e inquilinos, convirti\u00e9ndose as\u00ed en uno de los edificios m\u00e1s altos de la zona.<\/p>\n\n\n\n<p>\u201cEs el hogar perfectamente dise\u00f1ado, fusionando funcionalidad, confort y estilo en una ubicaci\u00f3n privilegiada, que potenciar\u00e1 el estilo de vida cosmopolita de sus inquilinos y que actualmente tiene vendido el 80% de sus unidades lo que nos llena de mucha satisfacci\u00f3n\u201d, agreg\u00f3 Ursula Estrada L\u00edder Comercial de Calidad Inmobiliaria.<\/p>\n\n\n\n<p>Este desarrollo inmobiliario es ideal para quienes buscan invertir y ofrecer el servicio de Airbnb, por su excelente ubicaci\u00f3n, dise\u00f1o y acabados. Su entrega se tiene planificado para el a\u00f1o 2026 y a\u00fan hay unidades disponibles.<\/p>\n\n\n\n<p>Balance entre trabajo y relaciones sociales, simplificar las tareas del d\u00eda a d\u00eda, impulsar el \u00e9xito a trav\u00e9s de un dise\u00f1o altamente funcional enfocado en el usuario, servicios, gran detalle en acabados, tecnolog\u00edas eficientes y amenidades que se unifican con la calidad urbana del sector, son algunos de los atractivos que ofrece.<\/p>\n\n\n\n<p><a href=\"https:\/\/www.facebook.com\/hashtag\/calidadinmobiliaria?__eep__=6&amp;__cft__[0]=AZWXYsIOgLWJd21NzNOiUvYv0w0AF1y8_l5cKz8qVo2i9uykZ1qQpSDKtbiMKMY_6eDODjhXXvAGWEF9dyb0PmCpsHeo1xr9-kKTz8NzVziKA6KQgTzzVx4VxtUemrc57QrGFINlJxpwgoB5oZK_Bvrk1SHbuk1I3mxgS3Pwy7WXrOON7WtWQAxgOZebbdNBehCIva_r9gvF9SVHVW23zQjb&amp;__tn__=*NK-R\">#CalidadInmobiliaria<\/a><a href=\"https:\/\/www.facebook.com\/hashtag\/era10?__eep__=6&amp;__cft__[0]=AZWXYsIOgLWJd21NzNOiUvYv0w0AF1y8_l5cKz8qVo2i9uykZ1qQpSDKtbiMKMY_6eDODjhXXvAGWEF9dyb0PmCpsHeo1xr9-kKTz8NzVziKA6KQgTzzVx4VxtUemrc57QrGFINlJxpwgoB5oZK_Bvrk1SHbuk1I3mxgS3Pwy7WXrOON7WtWQAxgOZebbdNBehCIva_r9gvF9SVHVW23zQjb&amp;__tn__=*NK-R\">#era10<\/a><a href=\"https:\/\/www.facebook.com\/hashtag\/metroredes?__eep__=6&amp;__cft__[0]=AZWXYsIOgLWJd21NzNOiUvYv0w0AF1y8_l5cKz8qVo2i9uykZ1qQpSDKtbiMKMY_6eDODjhXXvAGWEF9dyb0PmCpsHeo1xr9-kKTz8NzVziKA6KQgTzzVx4VxtUemrc57QrGFINlJxpwgoB5oZK_Bvrk1SHbuk1I3mxgS3Pwy7WXrOON7WtWQAxgOZebbdNBehCIva_r9gvF9SVHVW23zQjb&amp;__tn__=*NK-R\">#metroredes<\/a><\/p>\n\n\n\n<figure class=\"wp-block-gallery has-nested-images columns-default is-cropped wp-block-gallery-1 is-layout-flex wp-block-gallery-is-layout-flex\">\n<figure class=\"wp-block-image size-large\"><img loading=\"lazy\" decoding=\"async\" width=\"1024\" height=\"1024\" data-id=\"85617\" src=\"https:\/\/elmetropolitano.com.gt\/es\/wp-content\/uploads\/2024\/07\/448366527_975720824554001_7910266471692352757_n-1024x1024.jpg\" alt=\"\" class=\"wp-image-85617\" srcset=\"https:\/\/elmetropolitano.com.gt\/es\/wp-content\/uploads\/2024\/07\/448366527_975720824554001_7910266471692352757_n-1024x1024.jpg 1024w, https:\/\/elmetropolitano.com.gt\/es\/wp-content\/uploads\/2024\/07\/448366527_975720824554001_7910266471692352757_n-300x300.jpg 300w, https:\/\/elmetropolitano.com.gt\/es\/wp-content\/uploads\/2024\/07\/448366527_975720824554001_7910266471692352757_n-150x150.jpg 150w, https:\/\/elmetropolitano.com.gt\/es\/wp-content\/uploads\/2024\/07\/448366527_975720824554001_7910266471692352757_n-768x768.jpg 768w, https:\/\/elmetropolitano.com.gt\/es\/wp-content\/uploads\/2024\/07\/448366527_975720824554001_7910266471692352757_n-1536x1536.jpg 1536w, https:\/\/elmetropolitano.com.gt\/es\/wp-content\/uploads\/2024\/07\/448366527_975720824554001_7910266471692352757_n.jpg 2048w\" sizes=\"auto, (max-width: 1024px) 100vw, 1024px\" \/><\/figure>\n\n\n\n<figure class=\"wp-block-image size-large\"><img loading=\"lazy\" decoding=\"async\" width=\"1024\" height=\"576\" data-id=\"85616\" src=\"https:\/\/elmetropolitano.com.gt\/es\/wp-content\/uploads\/2024\/07\/449599635_975720837887333_6705512241318920215_n-1024x576.jpg\" alt=\"\" class=\"wp-image-85616\" srcset=\"https:\/\/elmetropolitano.com.gt\/es\/wp-content\/uploads\/2024\/07\/449599635_975720837887333_6705512241318920215_n-1024x576.jpg 1024w, https:\/\/elmetropolitano.com.gt\/es\/wp-content\/uploads\/2024\/07\/449599635_975720837887333_6705512241318920215_n-300x169.jpg 300w, https:\/\/elmetropolitano.com.gt\/es\/wp-content\/uploads\/2024\/07\/449599635_975720837887333_6705512241318920215_n-768x432.jpg 768w, https:\/\/elmetropolitano.com.gt\/es\/wp-content\/uploads\/2024\/07\/449599635_975720837887333_6705512241318920215_n-1536x864.jpg 1536w, https:\/\/elmetropolitano.com.gt\/es\/wp-content\/uploads\/2024\/07\/449599635_975720837887333_6705512241318920215_n.jpg 2048w\" sizes=\"auto, (max-width: 1024px) 100vw, 1024px\" \/><\/figure>\n\n\n\n<figure class=\"wp-block-image size-large\"><img loading=\"lazy\" decoding=\"async\" width=\"1024\" height=\"576\" data-id=\"85615\" src=\"https:\/\/elmetropolitano.com.gt\/es\/wp-content\/uploads\/2024\/07\/449788918_975720994553984_6429978407759758352_n-1024x576.jpg\" alt=\"\" class=\"wp-image-85615\" srcset=\"https:\/\/elmetropolitano.com.gt\/es\/wp-content\/uploads\/2024\/07\/449788918_975720994553984_6429978407759758352_n-1024x576.jpg 1024w, https:\/\/elmetropolitano.com.gt\/es\/wp-content\/uploads\/2024\/07\/449788918_975720994553984_6429978407759758352_n-300x169.jpg 300w, https:\/\/elmetropolitano.com.gt\/es\/wp-content\/uploads\/2024\/07\/449788918_975720994553984_6429978407759758352_n-768x432.jpg 768w, https:\/\/elmetropolitano.com.gt\/es\/wp-content\/uploads\/2024\/07\/449788918_975720994553984_6429978407759758352_n-1536x864.jpg 1536w, https:\/\/elmetropolitano.com.gt\/es\/wp-content\/uploads\/2024\/07\/449788918_975720994553984_6429978407759758352_n.jpg 2048w\" sizes=\"auto, (max-width: 1024px) 100vw, 1024px\" \/><\/figure>\n<\/figure>\n","protected":false},"excerpt":{"rendered":"<p>Calidad Inmobiliaria anuncia con mucho orgullo la colocaci\u00f3n de la primera piedra de Era 10, que representa la modernidad de un edificio de uso mixto, el cual estar\u00e1 conformado por vivienda, comercio y oficinas en el centro de la zona viva. \u201cPor m\u00e1s de 20 a\u00f1os, en Calidad Inmobiliaria siempre nos hemos caracterizado por construir <a class=\"read-more\" href=\"https:\/\/elmetropolitano.com.gt\/es\/calidad-inmobiliaria-coloca-la-primera-piedra-de-era-10\/\">Leer m\u00e1s<\/a><\/p>\n","protected":false},"author":1,"featured_media":85614,"comment_status":"open","ping_status":"closed","sticky":false,"template":"","format":"standard","meta":{"footnotes":""},"categories":[31],"tags":[32],"class_list":["post-85613","post","type-post","status-publish","format-standard","has-post-thumbnail","hentry","category-metroimpulso","tag-metroimpulso"],"_links":{"self":[{"href":"https:\/\/elmetropolitano.com.gt\/es\/wp-json\/wp\/v2\/posts\/85613","targetHints":{"allow":["GET"]}}],"collection":[{"href":"https:\/\/elmetropolitano.com.gt\/es\/wp-json\/wp\/v2\/posts"}],"about":[{"href":"https:\/\/elmetropolitano.com.gt\/es\/wp-json\/wp\/v2\/types\/post"}],"author":[{"embeddable":true,"href":"https:\/\/elmetropolitano.com.gt\/es\/wp-json\/wp\/v2\/users\/1"}],"replies":[{"embeddable":true,"href":"https:\/\/elmetropolitano.com.gt\/es\/wp-json\/wp\/v2\/comments?post=85613"}],"version-history":[{"count":1,"href":"https:\/\/elmetropolitano.com.gt\/es\/wp-json\/wp\/v2\/posts\/85613\/revisions"}],"predecessor-version":[{"id":85618,"href":"https:\/\/elmetropolitano.com.gt\/es\/wp-json\/wp\/v2\/posts\/85613\/revisions\/85618"}],"wp:featuredmedia":[{"embeddable":true,"href":"https:\/\/elmetropolitano.com.gt\/es\/wp-json\/wp\/v2\/media\/85614"}],"wp:attachment":[{"href":"https:\/\/elmetropolitano.com.gt\/es\/wp-json\/wp\/v2\/media?parent=85613"}],"wp:term":[{"taxonomy":"category","embeddable":true,"href":"https:\/\/elmetropolitano.com.gt\/es\/wp-json\/wp\/v2\/categories?post=85613"},{"taxonomy":"post_tag","embeddable":true,"href":"https:\/\/elmetropolitano.com.gt\/es\/wp-json\/wp\/v2\/tags?post=85613"}],"curies":[{"name":"wp","href":"https:\/\/api.w.org\/{rel}","templated":true}]}}