{"id":85690,"date":"2024-07-04T14:50:49","date_gmt":"2024-07-04T20:50:49","guid":{"rendered":"https:\/\/elmetropolitano.com.gt\/es\/?p=85690"},"modified":"2024-07-04T14:50:49","modified_gmt":"2024-07-04T20:50:49","slug":"presidente-bernardo-arevalo-inaugura-xxi-feria-internacional-del-libro","status":"publish","type":"post","link":"https:\/\/elmetropolitano.com.gt\/es\/presidente-bernardo-arevalo-inaugura-xxi-feria-internacional-del-libro\/","title":{"rendered":"Presidente Bernardo Ar\u00e9valo inaugura XXI Feria Internacional del Libro"},"content":{"rendered":"\n<p>El presidente Bernardo Ar\u00e9valo particip\u00f3 este jueves en la inauguraci\u00f3n de la XXI Feria Internacional del Libro (Filgua) que se realizar\u00e1 del 4 al 14 de julio en F\u00f3rum Majadas, zona 11.<\/p>\n\n\n\n<p>\u201cAc\u00e1 est\u00e1 todo el mundo contenido en los libros, hay que venir, hay que venir a disfrutar es una feria de la cultura de Guatemala\u201d expres\u00f3 en su discurso el Presidente Ar\u00e9valo<\/p><div class=\"elmet-contenido\" id=\"elmet-2318329928\"><div class=\"elmet-adlabel\">Anuncios<\/div><div style=\"margin-top: 20px;margin-right: 20px;margin-bottom: 20px;margin-left: 20px;\" id=\"elmet-2663255231\"><a href=\"https:\/\/www.facebook.com\/arrincuanantigua\/\" aria-label=\"cintillo-arrin-cual\"><img loading=\"lazy\" decoding=\"async\" src=\"https:\/\/elmetropolitano.com.gt\/es\/wp-content\/uploads\/2021\/11\/cintillo-arrin-cual-1.jpg\" alt=\"\"  srcset=\"https:\/\/elmetropolitano.com.gt\/es\/wp-content\/uploads\/2021\/11\/cintillo-arrin-cual-1.jpg 750w, https:\/\/elmetropolitano.com.gt\/es\/wp-content\/uploads\/2021\/11\/cintillo-arrin-cual-1-300x36.jpg 300w, https:\/\/elmetropolitano.com.gt\/es\/wp-content\/uploads\/2021\/11\/cintillo-arrin-cual-1-600x72.jpg 600w\" sizes=\"(max-width: 750px) 100vw, 750px\" width=\"750\" height=\"90\"   \/><\/a><\/div><\/div>\n\n\n\n<p>El <a><\/a>mandatario destac\u00f3 que la tem\u00e1tica de las migraciones est\u00e1 presente en esta edici\u00f3n, dedicada al escritor Francisco P\u00e9rez de Ant\u00f3n.<\/p>\n\n\n\n<p>La Ministra de Cultura y Deporte, Liwy Grazioso, durante su intervenci\u00f3n puntualiz\u00f3 que la migraci\u00f3n, como tema de la Filgua 2024, atraviesa muchos temas, porque las historias de migrantes solo muestran la b\u00fasqueda de un futuro mejor.<\/p>\n\n\n\n<p>En el evento se cont\u00f3 con la participaci\u00f3n de la ministra de Cultura y Deportes, Liwy Grazioso, el alcalde de la ciudad capital, Ricardo Qui\u00f1\u00f3nez, el escritor Francisco P\u00e9rez de Ant\u00f3n e invitados especiales como Miguel \u00c1ngel Asturias Amado<\/p>\n\n\n\n<p>El escritor Francisco P\u00e9rez de Ant\u00f3n, a quien est\u00e1 Filgua es dedicada explic\u00f3 que \u00ablos libros, son una puerta de entrada a mundos que no se conocen\u00bb, durante su discurso de inauguraci\u00f3n.<\/p>\n\n\n\n<p>P\u00e9rez de Ant\u00f3n agreg\u00f3 \u00abDamas y caballeros, ni\u00f1os y ni\u00f1as, vengan a la Filgua, inicien el viaje m\u00e1s exitante de su vida\u00bb, donde prometi\u00f3 magn\u00edficas aventuras.<\/p>\n\n\n\n<p>Por su parte Miguel \u00c1ngel Asturias Amado, hijo del Nobel de Literatura Miguel \u00c1ngel Asturias, record\u00f3 que su padre vivi\u00f3 un exilio forzoso, pero record\u00f3 que el siempre llev\u00f3 a Guatemala en su coraz\u00f3n, \u00abQue est\u00e1 feria nos conceda reconstruir Guatemala, sin tener que emigrar\u00bb, dijo.<\/p>\n\n\n\n<p>Sobre el evento<\/p>\n\n\n\n<p>Diana L\u00f3pez, presidenta de la AGEG, explica que se organizan m\u00e1s de 350 actividades, 154 estands, concursos, foros, talleres, entre otras y con la participaci\u00f3n de aproximadamente 90 escritores.<\/p>\n\n\n\n<p>Entre los internacionales estar\u00e1n Dante Liano, Bobicraft, David Pastor, Eva Mu\u00f1oz, Alejandra Jaramillo y m\u00e1s. Tambi\u00e9n se anunci\u00f3 que el lanzamiento oficial de Filgua ser\u00e1 el 5 de junio, en el Palacio Nacional de la Cultura.<\/p>\n\n\n\n<p>\u201cEsperamos superar los 78 mil visitantes aproximadamente que se recibieron en la edici\u00f3n de 2023.<\/p>\n\n\n\n<p>Durante este acercamiento con los organizadores, estos han enfatizado sobre dos espect\u00e1culos musicales, dos noches tem\u00e1ticas (C\u00f3mic y Harry Potter) que se realizar\u00e1n el 9 y 10 de julio y que ser\u00e1n gratuitas\u201d resalt\u00f3 Diana L\u00f3pez<\/p>\n\n\n\n<p>Aparte, se presentar\u00e1 la Conferencia Internacional de Literatura Centroamericana Contempor\u00e1nea, dedicada a Miguel \u00c1ngel Asturias. Este a\u00f1o se cumplen 125 a\u00f1os del nacimiento y 25 del fallecimiento del insigne escritor y ganador del Premio Nobel de Literatura guatemalteco.<\/p>\n\n\n\n<p>El cierre<\/p>\n\n\n\n<p>Igualmente, ya han convocado a varios concursos como el de Migraci\u00f3n Ilustrada, el de Inter\u00e9s por la Lectura o Bibliotecas P\u00fablicas.<\/p>\n\n\n\n<p>Para cerrar esta festividad de las obras literarias, se presentar\u00e1 La noche de los libros, el 12 de abril, de 19:00 a 24:00 horas, con presentaciones variadas y conciertos.<\/p>\n\n\n\n<p><a href=\"https:\/\/www.facebook.com\/hashtag\/literatura?__eep__=6&amp;__cft__[0]=AZUy30a9f10DI65JBgiimlSUetXfGA3ACsKNoO69Klsae5HyLV5cbrDEq8xakSmfFJwO6Q-DdtRlno_jSEU1ECEG5nQAiiyEWk68VZEod2_40bRBQaq4phBCzeUWsGtU2KL-bUcK1Qr9OiOzL4W5eEXCtq4MJZ86wARJLYiT33eiUmrTiFQuoT-HB6Cz31u3LQNbo07pt8BRtAigCo20EUjs&amp;__tn__=*NK-R\">#Literatura<\/a><a href=\"https:\/\/www.facebook.com\/hashtag\/cultura?__eep__=6&amp;__cft__[0]=AZUy30a9f10DI65JBgiimlSUetXfGA3ACsKNoO69Klsae5HyLV5cbrDEq8xakSmfFJwO6Q-DdtRlno_jSEU1ECEG5nQAiiyEWk68VZEod2_40bRBQaq4phBCzeUWsGtU2KL-bUcK1Qr9OiOzL4W5eEXCtq4MJZ86wARJLYiT33eiUmrTiFQuoT-HB6Cz31u3LQNbo07pt8BRtAigCo20EUjs&amp;__tn__=*NK-R\">#Cultura<\/a><a href=\"https:\/\/www.facebook.com\/hashtag\/filgua?__eep__=6&amp;__cft__[0]=AZUy30a9f10DI65JBgiimlSUetXfGA3ACsKNoO69Klsae5HyLV5cbrDEq8xakSmfFJwO6Q-DdtRlno_jSEU1ECEG5nQAiiyEWk68VZEod2_40bRBQaq4phBCzeUWsGtU2KL-bUcK1Qr9OiOzL4W5eEXCtq4MJZ86wARJLYiT33eiUmrTiFQuoT-HB6Cz31u3LQNbo07pt8BRtAigCo20EUjs&amp;__tn__=*NK-R\">#Filgua<\/a><a href=\"https:\/\/www.facebook.com\/hashtag\/metroredes?__eep__=6&amp;__cft__[0]=AZUy30a9f10DI65JBgiimlSUetXfGA3ACsKNoO69Klsae5HyLV5cbrDEq8xakSmfFJwO6Q-DdtRlno_jSEU1ECEG5nQAiiyEWk68VZEod2_40bRBQaq4phBCzeUWsGtU2KL-bUcK1Qr9OiOzL4W5eEXCtq4MJZ86wARJLYiT33eiUmrTiFQuoT-HB6Cz31u3LQNbo07pt8BRtAigCo20EUjs&amp;__tn__=*NK-R\">#metroredes<\/a><a href=\"https:\/\/www.facebook.com\/hashtag\/elheraldogt?__eep__=6&amp;__cft__[0]=AZUy30a9f10DI65JBgiimlSUetXfGA3ACsKNoO69Klsae5HyLV5cbrDEq8xakSmfFJwO6Q-DdtRlno_jSEU1ECEG5nQAiiyEWk68VZEod2_40bRBQaq4phBCzeUWsGtU2KL-bUcK1Qr9OiOzL4W5eEXCtq4MJZ86wARJLYiT33eiUmrTiFQuoT-HB6Cz31u3LQNbo07pt8BRtAigCo20EUjs&amp;__tn__=*NK-R\">#ElHeraldoGT<\/a> <a href=\"http:\/\/www.elmetropolitano.com.gt\/?fbclid=IwZXh0bgNhZW0CMTAAAR36a6Itc3mjxgbIH7o23HVdUUFgWjC1dukPy8wQxDN6CXb52WYc3H0duAs_aem_kavjCyy-bslxTwRkW2pXMg\" target=\"_blank\" rel=\"noreferrer noopener\">Www.elmetropolitano.com.gt<\/a> <a href=\"https:\/\/l.facebook.com\/l.php?u=http%3A%2F%2FWww.metroredes.com%2F%3Ffbclid%3DIwZXh0bgNhZW0CMTAAAR1y0MELBA3_ilpTil9lmdwWcVxwIdl_qG7uY_wm-DBi5j1lUtd-9NS_iGo_aem_7GYNKMHnKeUrZxPZyZgJ8w&amp;h=AT0bbAKBLzseFWYp2LLEQeDdFRzonRAXTT58w-uNXJ9iGYOONoP50xDovqRhmsTMqug0BkoWvUpAWsnzZ80k1p6TLTB3mbHzhuqAPK56tuf70frmTiVEj0VFkq2eLckAM3el6KtYmJYKQgjG-K8Q&amp;__tn__=-UK-R&amp;c[0]=AT2bSYkM2-DvWDHumK_-OCl0N3gS0zA9EXWGX4ua8ZMA3owmufeh041LSdMLRrtCfdgJvlXpfsku6qLASykUzW8ek1S9It105o0zgsuC0SprKe_VbDpW04hDcpKLHF_b5Rk9yjIOU_MRr8DrsJtb5zI6Z31n2cD94yye-KTYBne7y0lLlmh5IhrNqcrYKmFKFVGE7U9xPiV4xjHd8SJn5Z45g4CvZtCilycM\" target=\"_blank\" rel=\"noreferrer noopener\">Www.metroredes.com<\/a><\/p>\n\n\n\n<figure class=\"wp-block-gallery has-nested-images columns-default is-cropped wp-block-gallery-1 is-layout-flex wp-block-gallery-is-layout-flex\">\n<figure class=\"wp-block-image size-large\"><img loading=\"lazy\" decoding=\"async\" width=\"1024\" height=\"683\" data-id=\"85694\" src=\"https:\/\/elmetropolitano.com.gt\/es\/wp-content\/uploads\/2024\/07\/448306954_976389607820456_2477301724926398726_n-1024x683.jpg\" alt=\"\" class=\"wp-image-85694\" srcset=\"https:\/\/elmetropolitano.com.gt\/es\/wp-content\/uploads\/2024\/07\/448306954_976389607820456_2477301724926398726_n-1024x683.jpg 1024w, https:\/\/elmetropolitano.com.gt\/es\/wp-content\/uploads\/2024\/07\/448306954_976389607820456_2477301724926398726_n-300x200.jpg 300w, https:\/\/elmetropolitano.com.gt\/es\/wp-content\/uploads\/2024\/07\/448306954_976389607820456_2477301724926398726_n-768x513.jpg 768w, https:\/\/elmetropolitano.com.gt\/es\/wp-content\/uploads\/2024\/07\/448306954_976389607820456_2477301724926398726_n.jpg 1440w\" sizes=\"auto, (max-width: 1024px) 100vw, 1024px\" \/><\/figure>\n\n\n\n<figure class=\"wp-block-image size-large\"><img loading=\"lazy\" decoding=\"async\" width=\"1024\" height=\"683\" data-id=\"85692\" src=\"https:\/\/elmetropolitano.com.gt\/es\/wp-content\/uploads\/2024\/07\/449782374_976389621153788_559126861335446207_n-1024x683.jpg\" alt=\"\" class=\"wp-image-85692\" srcset=\"https:\/\/elmetropolitano.com.gt\/es\/wp-content\/uploads\/2024\/07\/449782374_976389621153788_559126861335446207_n-1024x683.jpg 1024w, https:\/\/elmetropolitano.com.gt\/es\/wp-content\/uploads\/2024\/07\/449782374_976389621153788_559126861335446207_n-300x200.jpg 300w, https:\/\/elmetropolitano.com.gt\/es\/wp-content\/uploads\/2024\/07\/449782374_976389621153788_559126861335446207_n-768x513.jpg 768w, https:\/\/elmetropolitano.com.gt\/es\/wp-content\/uploads\/2024\/07\/449782374_976389621153788_559126861335446207_n.jpg 1440w\" sizes=\"auto, (max-width: 1024px) 100vw, 1024px\" \/><\/figure>\n\n\n\n<figure class=\"wp-block-image size-large\"><img loading=\"lazy\" decoding=\"async\" width=\"1024\" height=\"683\" data-id=\"85696\" src=\"https:\/\/elmetropolitano.com.gt\/es\/wp-content\/uploads\/2024\/07\/449788393_976389284487155_6925022260448233826_n-1024x683.jpg\" alt=\"\" class=\"wp-image-85696\" srcset=\"https:\/\/elmetropolitano.com.gt\/es\/wp-content\/uploads\/2024\/07\/449788393_976389284487155_6925022260448233826_n-1024x683.jpg 1024w, https:\/\/elmetropolitano.com.gt\/es\/wp-content\/uploads\/2024\/07\/449788393_976389284487155_6925022260448233826_n-300x200.jpg 300w, https:\/\/elmetropolitano.com.gt\/es\/wp-content\/uploads\/2024\/07\/449788393_976389284487155_6925022260448233826_n-768x512.jpg 768w, https:\/\/elmetropolitano.com.gt\/es\/wp-content\/uploads\/2024\/07\/449788393_976389284487155_6925022260448233826_n-1536x1025.jpg 1536w, https:\/\/elmetropolitano.com.gt\/es\/wp-content\/uploads\/2024\/07\/449788393_976389284487155_6925022260448233826_n.jpg 2048w\" sizes=\"auto, (max-width: 1024px) 100vw, 1024px\" \/><\/figure>\n\n\n\n<figure class=\"wp-block-image size-large\"><img loading=\"lazy\" decoding=\"async\" width=\"1024\" height=\"684\" data-id=\"85693\" src=\"https:\/\/elmetropolitano.com.gt\/es\/wp-content\/uploads\/2024\/07\/449790735_976389237820493_2129411887544302890_n-1024x684.jpg\" alt=\"\" class=\"wp-image-85693\" srcset=\"https:\/\/elmetropolitano.com.gt\/es\/wp-content\/uploads\/2024\/07\/449790735_976389237820493_2129411887544302890_n-1024x684.jpg 1024w, https:\/\/elmetropolitano.com.gt\/es\/wp-content\/uploads\/2024\/07\/449790735_976389237820493_2129411887544302890_n-300x200.jpg 300w, https:\/\/elmetropolitano.com.gt\/es\/wp-content\/uploads\/2024\/07\/449790735_976389237820493_2129411887544302890_n-768x513.jpg 768w, https:\/\/elmetropolitano.com.gt\/es\/wp-content\/uploads\/2024\/07\/449790735_976389237820493_2129411887544302890_n.jpg 1200w\" sizes=\"auto, (max-width: 1024px) 100vw, 1024px\" \/><\/figure>\n\n\n\n<figure class=\"wp-block-image size-large\"><img loading=\"lazy\" decoding=\"async\" width=\"1024\" height=\"683\" data-id=\"85695\" src=\"https:\/\/elmetropolitano.com.gt\/es\/wp-content\/uploads\/2024\/07\/449792529_976389271153823_9127784617371526841_n-1024x683.jpg\" alt=\"\" class=\"wp-image-85695\" srcset=\"https:\/\/elmetropolitano.com.gt\/es\/wp-content\/uploads\/2024\/07\/449792529_976389271153823_9127784617371526841_n-1024x683.jpg 1024w, https:\/\/elmetropolitano.com.gt\/es\/wp-content\/uploads\/2024\/07\/449792529_976389271153823_9127784617371526841_n-300x200.jpg 300w, https:\/\/elmetropolitano.com.gt\/es\/wp-content\/uploads\/2024\/07\/449792529_976389271153823_9127784617371526841_n-768x512.jpg 768w, https:\/\/elmetropolitano.com.gt\/es\/wp-content\/uploads\/2024\/07\/449792529_976389271153823_9127784617371526841_n-1536x1025.jpg 1536w, https:\/\/elmetropolitano.com.gt\/es\/wp-content\/uploads\/2024\/07\/449792529_976389271153823_9127784617371526841_n.jpg 2048w\" sizes=\"auto, (max-width: 1024px) 100vw, 1024px\" \/><\/figure>\n<\/figure>\n","protected":false},"excerpt":{"rendered":"<p>El presidente Bernardo Ar\u00e9valo particip\u00f3 este jueves en la inauguraci\u00f3n de la XXI Feria Internacional del Libro (Filgua) que se realizar\u00e1 del 4 al 14 de julio en F\u00f3rum Majadas, zona 11. \u201cAc\u00e1 est\u00e1 todo el mundo contenido en los libros, hay que venir, hay que venir a disfrutar es una feria de la cultura <a class=\"read-more\" href=\"https:\/\/elmetropolitano.com.gt\/es\/presidente-bernardo-arevalo-inaugura-xxi-feria-internacional-del-libro\/\">Leer m\u00e1s<\/a><\/p>\n","protected":false},"author":1,"featured_media":85691,"comment_status":"open","ping_status":"closed","sticky":false,"template":"","format":"standard","meta":{"footnotes":""},"categories":[29],"tags":[30],"class_list":["post-85690","post","type-post","status-publish","format-standard","has-post-thumbnail","hentry","category-culturales","tag-culturales"],"_links":{"self":[{"href":"https:\/\/elmetropolitano.com.gt\/es\/wp-json\/wp\/v2\/posts\/85690","targetHints":{"allow":["GET"]}}],"collection":[{"href":"https:\/\/elmetropolitano.com.gt\/es\/wp-json\/wp\/v2\/posts"}],"about":[{"href":"https:\/\/elmetropolitano.com.gt\/es\/wp-json\/wp\/v2\/types\/post"}],"author":[{"embeddable":true,"href":"https:\/\/elmetropolitano.com.gt\/es\/wp-json\/wp\/v2\/users\/1"}],"replies":[{"embeddable":true,"href":"https:\/\/elmetropolitano.com.gt\/es\/wp-json\/wp\/v2\/comments?post=85690"}],"version-history":[{"count":1,"href":"https:\/\/elmetropolitano.com.gt\/es\/wp-json\/wp\/v2\/posts\/85690\/revisions"}],"predecessor-version":[{"id":85697,"href":"https:\/\/elmetropolitano.com.gt\/es\/wp-json\/wp\/v2\/posts\/85690\/revisions\/85697"}],"wp:featuredmedia":[{"embeddable":true,"href":"https:\/\/elmetropolitano.com.gt\/es\/wp-json\/wp\/v2\/media\/85691"}],"wp:attachment":[{"href":"https:\/\/elmetropolitano.com.gt\/es\/wp-json\/wp\/v2\/media?parent=85690"}],"wp:term":[{"taxonomy":"category","embeddable":true,"href":"https:\/\/elmetropolitano.com.gt\/es\/wp-json\/wp\/v2\/categories?post=85690"},{"taxonomy":"post_tag","embeddable":true,"href":"https:\/\/elmetropolitano.com.gt\/es\/wp-json\/wp\/v2\/tags?post=85690"}],"curies":[{"name":"wp","href":"https:\/\/api.w.org\/{rel}","templated":true}]}}