{"id":85758,"date":"2024-07-06T09:42:01","date_gmt":"2024-07-06T15:42:01","guid":{"rendered":"https:\/\/elmetropolitano.com.gt\/es\/?p=85758"},"modified":"2024-07-06T09:42:02","modified_gmt":"2024-07-06T15:42:02","slug":"arevalo-sanciono-prorroga-para-pagar-el-impuesto-sobre-circulacion-de-vehiculos-hasta-el-30-de-septiembre","status":"publish","type":"post","link":"https:\/\/elmetropolitano.com.gt\/es\/arevalo-sanciono-prorroga-para-pagar-el-impuesto-sobre-circulacion-de-vehiculos-hasta-el-30-de-septiembre\/","title":{"rendered":"Ar\u00e9valo sancion\u00f3 prorroga para pagar el impuesto sobre circulaci\u00f3n de veh\u00edculos hasta el 30 de septiembre."},"content":{"rendered":"\n<p>El presidente Bernardo Ar\u00e9valo anunci\u00f3 que firm\u00f3 la ampliaci\u00f3n del plazo para pagar el impuesto sobre circulaci\u00f3n de veh\u00edculos hasta el 30 de septiembre.<\/p>\n\n\n\n<p>El mandatario inform\u00f3 al respecto durante su transmisi\u00f3n en vivo en TikTok, plataforma por medio de la cual ha tenido acercamientos con la ciudadan\u00eda cada viernes por la tarde.<\/p><div class=\"elmet-contenido\" id=\"elmet-2746107989\"><div class=\"elmet-adlabel\">Anuncios<\/div><div style=\"margin-top: 20px;margin-right: 20px;margin-bottom: 20px;margin-left: 20px;\" id=\"elmet-610194156\"><a href=\"https:\/\/www.facebook.com\/arrincuanantigua\/\" aria-label=\"cintillo-arrin-cual\"><img loading=\"lazy\" decoding=\"async\" src=\"https:\/\/elmetropolitano.com.gt\/es\/wp-content\/uploads\/2021\/11\/cintillo-arrin-cual-1.jpg\" alt=\"\"  srcset=\"https:\/\/elmetropolitano.com.gt\/es\/wp-content\/uploads\/2021\/11\/cintillo-arrin-cual-1.jpg 750w, https:\/\/elmetropolitano.com.gt\/es\/wp-content\/uploads\/2021\/11\/cintillo-arrin-cual-1-300x36.jpg 300w, https:\/\/elmetropolitano.com.gt\/es\/wp-content\/uploads\/2021\/11\/cintillo-arrin-cual-1-600x72.jpg 600w\" sizes=\"(max-width: 750px) 100vw, 750px\" width=\"750\" height=\"90\"   \/><\/a><\/div><\/div>\n\n\n\n<p>La <a><\/a>tardanza en la sanci\u00f3n dada al Decreto 13-2024 del Congreso de la Rep\u00fablica, aprobado el 20 de junio, se debe a que se recibi\u00f3 en Presidencia hasta este jueves, asever\u00f3 Ar\u00e9valo.<\/p>\n\n\n\n<p>Lo aprobaron el 20 (de junio), pero lo enviaron hasta ayer.<\/p>\n\n\n\n<p>Con la firma del Presidente culmina el camino de la pr\u00f3rroga para el pago de este tributo. El decreto sancionado saldr\u00e1 publicado el lunes en el Diario de Centro Am\u00e9rica, a\u00f1adi\u00f3, lo que permitir\u00e1 que entre en vigencia.<\/p>\n\n\n\n<p>Previo a la pr\u00f3rroga, el 31 de julio venc\u00eda el plazo para pagar el impuesto. Ahora, los propietarios de veh\u00edculos tendr\u00e1n el 30 de septiembre como fecha l\u00edmite para pagar el impuesto sin mora.<\/p>\n\n\n\n<p>Miles de veh\u00edculos pendientes de pago<\/p>\n\n\n\n<p>Seg\u00fan declaraciones del superintendente de Administraci\u00f3n Tributaria, Marco Livio D\u00edaz, hasta el 27 de junio hac\u00edan falta de pago m\u00e1s de 326 mil veh\u00edculos.<\/p>\n\n\n\n<p>Por regi\u00f3n, el total de estos<\/p>\n\n\n\n<p>veh\u00edculos se divide en:<\/p>\n\n\n\n<p>-central: 101 mil 580 veh\u00edculos (equivalentes a 38 millones 998 mil 18 quetzales)<\/p>\n\n\n\n<p>-nororiente: 77 mil 47 veh\u00edculos (24 millones 585 mil 261 quetzales)<\/p>\n\n\n\n<p>-sur: 69 mil 409 veh\u00edculos (19 millones 906 mil 306 quetzales)<\/p>\n\n\n\n<p>-occidente: 78 mil 37 veh\u00edculos (26 millones 794 mil 212 quetzales)<\/p>\n\n\n\n<p>Para este a\u00f1o, de la meta de recaudaci\u00f3n de mil 122 millones de quetzales en concepto de este impuesto, hasta el 27 de junio se alcanzaban los 585 millones de quetzales.<\/p>\n\n\n\n<p>En este sentido, D\u00edaz inst\u00f3 a los conductores a aprovechar el bono 14 para cumplir con esta responsabilidad tributaria<\/p>\n\n\n\n<p>Texto: Daniel Coromac<\/p>\n\n\n\n<p><a href=\"https:\/\/www.facebook.com\/hashtag\/inpuestos?__eep__=6&amp;__cft__[0]=AZWyGW5CcEGzcQODRMX13EdoVzlo-88Y8Ule4oUKRBrC36PfjYrd1dDZmuAgO-Z2Si6ssWPB7X7iIXqiUwtbRQklUDski6eTpvcj3VqdPGXIzmpHB52vf4SOlAFVpgcASk9Hotzvp1lHhYJ7SQ17LUbOLu6nsbDPPDJuklMX3cdB90fLv_sZq5cj3xz4YpO3e31lHNvttpRwmeR_KCE8v81a&amp;__tn__=*NK-R\">#inpuestos<\/a><a href=\"https:\/\/www.facebook.com\/hashtag\/metroredes?__eep__=6&amp;__cft__[0]=AZWyGW5CcEGzcQODRMX13EdoVzlo-88Y8Ule4oUKRBrC36PfjYrd1dDZmuAgO-Z2Si6ssWPB7X7iIXqiUwtbRQklUDski6eTpvcj3VqdPGXIzmpHB52vf4SOlAFVpgcASk9Hotzvp1lHhYJ7SQ17LUbOLu6nsbDPPDJuklMX3cdB90fLv_sZq5cj3xz4YpO3e31lHNvttpRwmeR_KCE8v81a&amp;__tn__=*NK-R\">#metroredes<\/a><\/p>\n","protected":false},"excerpt":{"rendered":"<p>El presidente Bernardo Ar\u00e9valo anunci\u00f3 que firm\u00f3 la ampliaci\u00f3n del plazo para pagar el impuesto sobre circulaci\u00f3n de veh\u00edculos hasta el 30 de septiembre. El mandatario inform\u00f3 al respecto durante su transmisi\u00f3n en vivo en TikTok, plataforma por medio de la cual ha tenido acercamientos con la ciudadan\u00eda cada viernes por la tarde. La tardanza <a class=\"read-more\" href=\"https:\/\/elmetropolitano.com.gt\/es\/arevalo-sanciono-prorroga-para-pagar-el-impuesto-sobre-circulacion-de-vehiculos-hasta-el-30-de-septiembre\/\">Leer m\u00e1s<\/a><\/p>\n","protected":false},"author":1,"featured_media":85759,"comment_status":"open","ping_status":"closed","sticky":false,"template":"","format":"standard","meta":{"footnotes":""},"categories":[2],"tags":[12],"class_list":["post-85758","post","type-post","status-publish","format-standard","has-post-thumbnail","hentry","category-nacionales","tag-nacionales"],"_links":{"self":[{"href":"https:\/\/elmetropolitano.com.gt\/es\/wp-json\/wp\/v2\/posts\/85758","targetHints":{"allow":["GET"]}}],"collection":[{"href":"https:\/\/elmetropolitano.com.gt\/es\/wp-json\/wp\/v2\/posts"}],"about":[{"href":"https:\/\/elmetropolitano.com.gt\/es\/wp-json\/wp\/v2\/types\/post"}],"author":[{"embeddable":true,"href":"https:\/\/elmetropolitano.com.gt\/es\/wp-json\/wp\/v2\/users\/1"}],"replies":[{"embeddable":true,"href":"https:\/\/elmetropolitano.com.gt\/es\/wp-json\/wp\/v2\/comments?post=85758"}],"version-history":[{"count":1,"href":"https:\/\/elmetropolitano.com.gt\/es\/wp-json\/wp\/v2\/posts\/85758\/revisions"}],"predecessor-version":[{"id":85760,"href":"https:\/\/elmetropolitano.com.gt\/es\/wp-json\/wp\/v2\/posts\/85758\/revisions\/85760"}],"wp:featuredmedia":[{"embeddable":true,"href":"https:\/\/elmetropolitano.com.gt\/es\/wp-json\/wp\/v2\/media\/85759"}],"wp:attachment":[{"href":"https:\/\/elmetropolitano.com.gt\/es\/wp-json\/wp\/v2\/media?parent=85758"}],"wp:term":[{"taxonomy":"category","embeddable":true,"href":"https:\/\/elmetropolitano.com.gt\/es\/wp-json\/wp\/v2\/categories?post=85758"},{"taxonomy":"post_tag","embeddable":true,"href":"https:\/\/elmetropolitano.com.gt\/es\/wp-json\/wp\/v2\/tags?post=85758"}],"curies":[{"name":"wp","href":"https:\/\/api.w.org\/{rel}","templated":true}]}}