{"id":85764,"date":"2024-07-06T14:05:33","date_gmt":"2024-07-06T20:05:33","guid":{"rendered":"https:\/\/elmetropolitano.com.gt\/es\/?p=85764"},"modified":"2024-07-06T14:05:33","modified_gmt":"2024-07-06T20:05:33","slug":"hugo-beteta-presenta-cartas-credenciales-como-nuevo-embajador-de-guatemala-ante-los-estados-unidos","status":"publish","type":"post","link":"https:\/\/elmetropolitano.com.gt\/es\/hugo-beteta-presenta-cartas-credenciales-como-nuevo-embajador-de-guatemala-ante-los-estados-unidos\/","title":{"rendered":"Hugo Beteta presenta cartas credenciales como nuevo embajador de Guatemala ante los Estados Unidos"},"content":{"rendered":"\n<p>Guatemala cuenta con un nuevo representante ante los Estados Unidos, el embajador Hugo Eduardo Beteta.<\/p>\n\n\n\n<p>El embajador present\u00f3 oficialmente sus Cartas Credenciales ante el presidente de los Estados Unidos, Joseph Biden, seg\u00fan inform\u00f3 el Ministerio de Relaciones Exteriores (Minex). El acto se llev\u00f3 a cabo en la Oficina Oval de la Casa Blanca en Washington el pasado el 17 de junio.<\/p><div class=\"elmet-contenido\" id=\"elmet-1940102994\"><div class=\"elmet-adlabel\">Anuncios<\/div><div style=\"margin-top: 20px;margin-right: 20px;margin-bottom: 20px;margin-left: 20px;\" id=\"elmet-4246192843\"><a href=\"https:\/\/www.facebook.com\/arrincuanantigua\/\" aria-label=\"cintillo-arrin-cual\"><img loading=\"lazy\" decoding=\"async\" src=\"https:\/\/elmetropolitano.com.gt\/es\/wp-content\/uploads\/2021\/11\/cintillo-arrin-cual-1.jpg\" alt=\"\"  srcset=\"https:\/\/elmetropolitano.com.gt\/es\/wp-content\/uploads\/2021\/11\/cintillo-arrin-cual-1.jpg 750w, https:\/\/elmetropolitano.com.gt\/es\/wp-content\/uploads\/2021\/11\/cintillo-arrin-cual-1-300x36.jpg 300w, https:\/\/elmetropolitano.com.gt\/es\/wp-content\/uploads\/2021\/11\/cintillo-arrin-cual-1-600x72.jpg 600w\" sizes=\"(max-width: 750px) 100vw, 750px\" width=\"750\" height=\"90\"   \/><\/a><\/div><\/div>\n\n\n\n<p>Al <a><\/a>entregar sus cartas, queda acreditado como Embajador Extraordinario y Plenipotenciario de Guatemala ante el pa\u00eds estadounidense, regi\u00f3n con la que tambi\u00e9n se comparten valores democr\u00e1ticos.<\/p>\n\n\n\n<p>Compromiso con la diplomacia<\/p>\n\n\n\n<p>El embajador Beteta refrend\u00f3 su compromiso, ante el presidente estadounidense, con el fortalecimiento de los lazos de amistad y cooperaci\u00f3n.<\/p>\n\n\n\n<p>Adem\u00e1s, expres\u00f3 su inter\u00e9s por mantener la relaci\u00f3n que ambas naciones han tenido durante m\u00e1s de 175 a\u00f1os, la cual ha permitido enriquecer la amplia y diversa agenda bilateral<\/p>\n\n\n\n<p>Entre sus principales objetivos est\u00e1 velar por los intereses del pa\u00eds, incluyendo dinamizar los v\u00ednculos comerciales y econ\u00f3micos, pero sobre todo, velar y promover el pleno respeto a los derechos de los guatemaltecos residentes en los Estados Unidos, as\u00ed como la b\u00fasqueda de mayores oportunidades regulares para la prevenci\u00f3n de la migraci\u00f3n irregular.<\/p>\n\n\n\n<p>Profesional al frente<\/p>\n\n\n\n<p>Beteta cuenta con gran experiencia en el sector acad\u00e9mico y la administraci\u00f3n. Ha estado al frente de distintas instituciones desempe\u00f1ando cargos de alta direcci\u00f3n a niel insternacional. Muestra de este liderazgo es que funji\u00f3 como Director de la Comisi\u00f3n Econ\u00f3mica para Am\u00e9rica Latina (CEPAL) y Secretario General del Banco Interamericano de Desarrollo.<\/p>\n\n\n\n<p>En Guatemala, fue ministro de Finanzas P\u00fablicas y secretario general de Planificaci\u00f3n y Programaci\u00f3n de la Presidencia<\/p>\n","protected":false},"excerpt":{"rendered":"<p>Guatemala cuenta con un nuevo representante ante los Estados Unidos, el embajador Hugo Eduardo Beteta. El embajador present\u00f3 oficialmente sus Cartas Credenciales ante el presidente de los Estados Unidos, Joseph Biden, seg\u00fan inform\u00f3 el Ministerio de Relaciones Exteriores (Minex). El acto se llev\u00f3 a cabo en la Oficina Oval de la Casa Blanca en Washington <a class=\"read-more\" href=\"https:\/\/elmetropolitano.com.gt\/es\/hugo-beteta-presenta-cartas-credenciales-como-nuevo-embajador-de-guatemala-ante-los-estados-unidos\/\">Leer m\u00e1s<\/a><\/p>\n","protected":false},"author":1,"featured_media":85765,"comment_status":"open","ping_status":"closed","sticky":false,"template":"","format":"standard","meta":{"footnotes":""},"categories":[2],"tags":[12],"class_list":["post-85764","post","type-post","status-publish","format-standard","has-post-thumbnail","hentry","category-nacionales","tag-nacionales"],"_links":{"self":[{"href":"https:\/\/elmetropolitano.com.gt\/es\/wp-json\/wp\/v2\/posts\/85764","targetHints":{"allow":["GET"]}}],"collection":[{"href":"https:\/\/elmetropolitano.com.gt\/es\/wp-json\/wp\/v2\/posts"}],"about":[{"href":"https:\/\/elmetropolitano.com.gt\/es\/wp-json\/wp\/v2\/types\/post"}],"author":[{"embeddable":true,"href":"https:\/\/elmetropolitano.com.gt\/es\/wp-json\/wp\/v2\/users\/1"}],"replies":[{"embeddable":true,"href":"https:\/\/elmetropolitano.com.gt\/es\/wp-json\/wp\/v2\/comments?post=85764"}],"version-history":[{"count":1,"href":"https:\/\/elmetropolitano.com.gt\/es\/wp-json\/wp\/v2\/posts\/85764\/revisions"}],"predecessor-version":[{"id":85766,"href":"https:\/\/elmetropolitano.com.gt\/es\/wp-json\/wp\/v2\/posts\/85764\/revisions\/85766"}],"wp:featuredmedia":[{"embeddable":true,"href":"https:\/\/elmetropolitano.com.gt\/es\/wp-json\/wp\/v2\/media\/85765"}],"wp:attachment":[{"href":"https:\/\/elmetropolitano.com.gt\/es\/wp-json\/wp\/v2\/media?parent=85764"}],"wp:term":[{"taxonomy":"category","embeddable":true,"href":"https:\/\/elmetropolitano.com.gt\/es\/wp-json\/wp\/v2\/categories?post=85764"},{"taxonomy":"post_tag","embeddable":true,"href":"https:\/\/elmetropolitano.com.gt\/es\/wp-json\/wp\/v2\/tags?post=85764"}],"curies":[{"name":"wp","href":"https:\/\/api.w.org\/{rel}","templated":true}]}}