{"id":85768,"date":"2024-07-06T17:18:55","date_gmt":"2024-07-06T23:18:55","guid":{"rendered":"https:\/\/elmetropolitano.com.gt\/es\/?p=85768"},"modified":"2024-07-06T17:18:55","modified_gmt":"2024-07-06T23:18:55","slug":"diputados-de-vamos-cabal-valorpretenden-causar-caosinestabilidad-asegura-diputado-rivera","status":"publish","type":"post","link":"https:\/\/elmetropolitano.com.gt\/es\/diputados-de-vamos-cabal-valorpretenden-causar-caosinestabilidad-asegura-diputado-rivera\/","title":{"rendered":"Diputados de Vamos, Cabal, Valor\u2026pretenden causar \u201ccaos,inestabilidad\u201d asegura diputado Rivera"},"content":{"rendered":"\n<p>El parlamentario del partido Victoria Juan Carlos Rivera a lanzado la voz de alerta que los diputados que aprobaron las reformas a ley que beneficia a los veteranos militares s\u00f3lo buscan causar en el pa\u00eds Caos e Inestabilidad por que la<\/p>\n\n\n\n<p>Ampliaci\u00f3n presupuestaria no especifica montos como manda ley y por ende es inconstitucional.<\/p><div class=\"elmet-contenido\" id=\"elmet-2583250157\"><div class=\"elmet-adlabel\">Anuncios<\/div><div style=\"margin-top: 20px;margin-right: 20px;margin-bottom: 20px;margin-left: 20px;\" id=\"elmet-4287197826\"><a href=\"https:\/\/www.facebook.com\/arrincuanantigua\/\" aria-label=\"cintillo-arrin-cual\"><img loading=\"lazy\" decoding=\"async\" src=\"https:\/\/elmetropolitano.com.gt\/es\/wp-content\/uploads\/2021\/11\/cintillo-arrin-cual-1.jpg\" alt=\"\"  srcset=\"https:\/\/elmetropolitano.com.gt\/es\/wp-content\/uploads\/2021\/11\/cintillo-arrin-cual-1.jpg 750w, https:\/\/elmetropolitano.com.gt\/es\/wp-content\/uploads\/2021\/11\/cintillo-arrin-cual-1-300x36.jpg 300w, https:\/\/elmetropolitano.com.gt\/es\/wp-content\/uploads\/2021\/11\/cintillo-arrin-cual-1-600x72.jpg 600w\" sizes=\"(max-width: 750px) 100vw, 750px\" width=\"750\" height=\"90\"   \/><\/a><\/div><\/div>\n\n\n\n<p>\u201cLos <a><\/a>diputados que votaron a favor del Decreto 14-2024 enga\u00f1an a la poblaci\u00f3n, solo pretenden causar caos, inestabilidad y falsas esperanzas a un grupo de valientes guatemaltecos que defendieron a nuestra naci\u00f3n\u201d expres\u00f3 el diputado Juan Carlos Rivera<\/p>\n\n\n\n<p>En el congreso votaron a favor de esta ampliaci\u00f3n diputados de los partidos Vamos, Cabal, Unionista, Valor, Une, Nosotros entre otros<\/p>\n\n\n\n<p>\u201cSaben que el decreto est\u00e1 mal formulado jur\u00eddica y t\u00e9cnicamente, pues no cumple con la normativa establecida en la Ley Org\u00e1nica del Presupuesto de Guatemala, Decreto 101-97, que exige montos espec\u00edficos para cualquier ampliaci\u00f3n presupuestaria\u201d explic\u00f3 el diputado de Victoria<\/p>\n\n\n\n<p>Enfatiz\u00f3 que \u201cLa aprobaci\u00f3n de esta ampliaci\u00f3n sin un monto definido puede ser considerada inconstitucional por no cumplir con los requisitos establecidos en la Constituci\u00f3n y la Ley Org\u00e1nica del Presupuesto\u201d<\/p>\n\n\n\n<p>Adem\u00e1s, dijo Rivera \u201cno cumple con el Art\u00edculo 240 de la Constituci\u00f3n, principalmente en la especificaci\u00f3n de las fuentes de financiaci\u00f3n y la falta de menci\u00f3n de la opini\u00f3n del Organismo Ejecutivo\u201d<\/p>\n\n\n\n<p>El Oarlamentario hizo una reflexi\u00f3n a sus compa\u00f1eros al indicarles que \u201csean responsables y trabajen por el bienestar de nuestra poblaci\u00f3n\u201d<\/p>\n\n\n\n<p><a href=\"https:\/\/www.facebook.com\/hashtag\/congresogt?__eep__=6&amp;__cft__[0]=AZVmolfW65xhjbGvsYYaMS1NhVLVV16PtWbvdgaQnwFGsQ_Iv5MVWDwyMe0efWJw1CV7Kou6FTpuN3MkoGme6IJtpFV2Crk8WsBttt2dEFSoGgRBPdj9oF3_BRP-uJWtyzp8wcPaor5DLtx-K1KA3le3YQKXPRcdQvdu_PqiPoPi8OGoeDXhdI2CNS9peJ5z210Y97lPKzEvW9mTEVHzlhU0&amp;__tn__=*NK-R\">#CongresoGT<\/a><a href=\"https:\/\/www.facebook.com\/hashtag\/partidovictoria?__eep__=6&amp;__cft__[0]=AZVmolfW65xhjbGvsYYaMS1NhVLVV16PtWbvdgaQnwFGsQ_Iv5MVWDwyMe0efWJw1CV7Kou6FTpuN3MkoGme6IJtpFV2Crk8WsBttt2dEFSoGgRBPdj9oF3_BRP-uJWtyzp8wcPaor5DLtx-K1KA3le3YQKXPRcdQvdu_PqiPoPi8OGoeDXhdI2CNS9peJ5z210Y97lPKzEvW9mTEVHzlhU0&amp;__tn__=*NK-R\">#PartidoVictoria<\/a><a href=\"https:\/\/www.facebook.com\/hashtag\/metroredes?__eep__=6&amp;__cft__[0]=AZVmolfW65xhjbGvsYYaMS1NhVLVV16PtWbvdgaQnwFGsQ_Iv5MVWDwyMe0efWJw1CV7Kou6FTpuN3MkoGme6IJtpFV2Crk8WsBttt2dEFSoGgRBPdj9oF3_BRP-uJWtyzp8wcPaor5DLtx-K1KA3le3YQKXPRcdQvdu_PqiPoPi8OGoeDXhdI2CNS9peJ5z210Y97lPKzEvW9mTEVHzlhU0&amp;__tn__=*NK-R\">#metroredes<\/a><a href=\"https:\/\/www.facebook.com\/hashtag\/veteranosmilitares?__eep__=6&amp;__cft__[0]=AZVmolfW65xhjbGvsYYaMS1NhVLVV16PtWbvdgaQnwFGsQ_Iv5MVWDwyMe0efWJw1CV7Kou6FTpuN3MkoGme6IJtpFV2Crk8WsBttt2dEFSoGgRBPdj9oF3_BRP-uJWtyzp8wcPaor5DLtx-K1KA3le3YQKXPRcdQvdu_PqiPoPi8OGoeDXhdI2CNS9peJ5z210Y97lPKzEvW9mTEVHzlhU0&amp;__tn__=*NK-R\">#VeteranosMilitares<\/a><\/p>\n\n\n\n<p><a href=\"http:\/\/invalid.invalid\/?fbclid=IwZXh0bgNhZW0CMTAAAR3b7VpjZDYmjsuXrUBB0OpoA0o6y8JumRz5y_lL_CNQDqfGuQrfrZJK4s4_aem_g2S1t74aiNrTgWCeGIUoRg\" rel=\"noreferrer noopener\" target=\"_blank\">Www.e\u00f1metropolitano.com.gt<\/a><\/p>\n\n\n\n<p><a href=\"https:\/\/l.facebook.com\/l.php?u=http%3A%2F%2FWww.metroredes.com%2F%3Ffbclid%3DIwZXh0bgNhZW0CMTAAAR3jj_iocYSj4xXzAUCd2kW4pQlUy0zql_LEY1WOatSElGUFRdVTUg6ACyo_aem_mzsVAfG4ktoMPeYwSG9iYw&amp;h=AT3Oq-RZBkLLEZHZoXxRpK0LThYXZUkP-eH784zt4B_VolCUBAqoy3eZ_LzKBKZ0645VrdZudrXNjQiJ4tDCS8TrMVewF2U_U1SuTnyegCy1kwUGdW20dfk7UV9WB4rmkEka&amp;__tn__=-UK-R&amp;c[0]=AT2-myzl268TTQs6E3U8k3I4le_f0xwqJ72SGUel9cKA-DhYTLnyo3Lb1gPRw24QERBl0I5RegL1ziu_7N45Dqm-QBqIdH0vOxtvfbv7X2Z2LFoCLgMDaRLm_jRyakdppbaG91NgohZkntHXJBZaW26f7F5kA7opj1ln0oUg2AzHLMPpganLr4xSWF_7hOB09jvJd_ghFdfroZt9Ky4lduadoBXgfhqzdMNP\" target=\"_blank\" rel=\"noreferrer noopener\">Www.metroredes.com<\/a><\/p>\n\n\n\n<figure class=\"wp-block-gallery has-nested-images columns-default is-cropped wp-block-gallery-1 is-layout-flex wp-block-gallery-is-layout-flex\">\n<figure class=\"wp-block-image size-large\"><img loading=\"lazy\" decoding=\"async\" width=\"566\" height=\"723\" data-id=\"85771\" src=\"https:\/\/elmetropolitano.com.gt\/es\/wp-content\/uploads\/2024\/07\/449528601_977774961015254_5889957916869847552_n.jpg\" alt=\"\" class=\"wp-image-85771\" srcset=\"https:\/\/elmetropolitano.com.gt\/es\/wp-content\/uploads\/2024\/07\/449528601_977774961015254_5889957916869847552_n.jpg 566w, https:\/\/elmetropolitano.com.gt\/es\/wp-content\/uploads\/2024\/07\/449528601_977774961015254_5889957916869847552_n-235x300.jpg 235w\" sizes=\"auto, (max-width: 566px) 100vw, 566px\" \/><\/figure>\n\n\n\n<figure class=\"wp-block-image size-large\"><img loading=\"lazy\" decoding=\"async\" width=\"400\" height=\"400\" data-id=\"85770\" src=\"https:\/\/elmetropolitano.com.gt\/es\/wp-content\/uploads\/2024\/07\/449821575_977775004348583_5675952489432924924_n.jpg\" alt=\"\" class=\"wp-image-85770\" srcset=\"https:\/\/elmetropolitano.com.gt\/es\/wp-content\/uploads\/2024\/07\/449821575_977775004348583_5675952489432924924_n.jpg 400w, https:\/\/elmetropolitano.com.gt\/es\/wp-content\/uploads\/2024\/07\/449821575_977775004348583_5675952489432924924_n-300x300.jpg 300w, https:\/\/elmetropolitano.com.gt\/es\/wp-content\/uploads\/2024\/07\/449821575_977775004348583_5675952489432924924_n-150x150.jpg 150w\" sizes=\"auto, (max-width: 400px) 100vw, 400px\" \/><\/figure>\n\n\n\n<figure class=\"wp-block-image size-large\"><img loading=\"lazy\" decoding=\"async\" width=\"567\" height=\"731\" data-id=\"85772\" src=\"https:\/\/elmetropolitano.com.gt\/es\/wp-content\/uploads\/2024\/07\/449839475_977774987681918_4140144171395024327_n.jpg\" alt=\"\" class=\"wp-image-85772\" srcset=\"https:\/\/elmetropolitano.com.gt\/es\/wp-content\/uploads\/2024\/07\/449839475_977774987681918_4140144171395024327_n.jpg 567w, https:\/\/elmetropolitano.com.gt\/es\/wp-content\/uploads\/2024\/07\/449839475_977774987681918_4140144171395024327_n-233x300.jpg 233w\" sizes=\"auto, (max-width: 567px) 100vw, 567px\" \/><\/figure>\n<\/figure>\n","protected":false},"excerpt":{"rendered":"<p>El parlamentario del partido Victoria Juan Carlos Rivera a lanzado la voz de alerta que los diputados que aprobaron las reformas a ley que beneficia a los veteranos militares s\u00f3lo buscan causar en el pa\u00eds Caos e Inestabilidad por que la Ampliaci\u00f3n presupuestaria no especifica montos como manda ley y por ende es inconstitucional. \u201cLos <a class=\"read-more\" href=\"https:\/\/elmetropolitano.com.gt\/es\/diputados-de-vamos-cabal-valorpretenden-causar-caosinestabilidad-asegura-diputado-rivera\/\">Leer m\u00e1s<\/a><\/p>\n","protected":false},"author":1,"featured_media":85769,"comment_status":"open","ping_status":"closed","sticky":false,"template":"","format":"standard","meta":{"footnotes":""},"categories":[2],"tags":[12],"class_list":["post-85768","post","type-post","status-publish","format-standard","has-post-thumbnail","hentry","category-nacionales","tag-nacionales"],"_links":{"self":[{"href":"https:\/\/elmetropolitano.com.gt\/es\/wp-json\/wp\/v2\/posts\/85768","targetHints":{"allow":["GET"]}}],"collection":[{"href":"https:\/\/elmetropolitano.com.gt\/es\/wp-json\/wp\/v2\/posts"}],"about":[{"href":"https:\/\/elmetropolitano.com.gt\/es\/wp-json\/wp\/v2\/types\/post"}],"author":[{"embeddable":true,"href":"https:\/\/elmetropolitano.com.gt\/es\/wp-json\/wp\/v2\/users\/1"}],"replies":[{"embeddable":true,"href":"https:\/\/elmetropolitano.com.gt\/es\/wp-json\/wp\/v2\/comments?post=85768"}],"version-history":[{"count":1,"href":"https:\/\/elmetropolitano.com.gt\/es\/wp-json\/wp\/v2\/posts\/85768\/revisions"}],"predecessor-version":[{"id":85773,"href":"https:\/\/elmetropolitano.com.gt\/es\/wp-json\/wp\/v2\/posts\/85768\/revisions\/85773"}],"wp:featuredmedia":[{"embeddable":true,"href":"https:\/\/elmetropolitano.com.gt\/es\/wp-json\/wp\/v2\/media\/85769"}],"wp:attachment":[{"href":"https:\/\/elmetropolitano.com.gt\/es\/wp-json\/wp\/v2\/media?parent=85768"}],"wp:term":[{"taxonomy":"category","embeddable":true,"href":"https:\/\/elmetropolitano.com.gt\/es\/wp-json\/wp\/v2\/categories?post=85768"},{"taxonomy":"post_tag","embeddable":true,"href":"https:\/\/elmetropolitano.com.gt\/es\/wp-json\/wp\/v2\/tags?post=85768"}],"curies":[{"name":"wp","href":"https:\/\/api.w.org\/{rel}","templated":true}]}}