{"id":85792,"date":"2024-07-07T09:04:52","date_gmt":"2024-07-07T15:04:52","guid":{"rendered":"https:\/\/elmetropolitano.com.gt\/es\/?p=85792"},"modified":"2024-07-07T09:04:52","modified_gmt":"2024-07-07T15:04:52","slug":"supermercado-la-torre-retira-de-la-venta-higado-de-res-contaminado-con-e-coli","status":"publish","type":"post","link":"https:\/\/elmetropolitano.com.gt\/es\/supermercado-la-torre-retira-de-la-venta-higado-de-res-contaminado-con-e-coli\/","title":{"rendered":"Supermercado La Torre retira de la venta h\u00edgado de res contaminado con E Coli"},"content":{"rendered":"\n<p>Supermercado La Torre rompe el silencio sobre carne contaminada que se a vendido en dos de sus tiendas una de Jutiapa y zona 11 de la ciudad capital y al no creer en los resultados del laboratorio nacional informa que a ordenado a un \u201claboratorio certificado independiente\u201d an\u00e1lisis de diferentes tipos de carne<\/p>\n\n\n\n<p>La Torre indica que a retirado de todas las tiendas el h\u00edgado de res mientras se investiga <a><\/a>el caso.<\/p><div class=\"elmet-contenido\" id=\"elmet-1553433287\"><div class=\"elmet-adlabel\">Anuncios<\/div><div style=\"margin-top: 20px;margin-right: 20px;margin-bottom: 20px;margin-left: 20px;\" id=\"elmet-3557691742\"><a href=\"https:\/\/www.facebook.com\/arrincuanantigua\/\" aria-label=\"cintillo-arrin-cual\"><img loading=\"lazy\" decoding=\"async\" src=\"https:\/\/elmetropolitano.com.gt\/es\/wp-content\/uploads\/2021\/11\/cintillo-arrin-cual-1.jpg\" alt=\"\"  srcset=\"https:\/\/elmetropolitano.com.gt\/es\/wp-content\/uploads\/2021\/11\/cintillo-arrin-cual-1.jpg 750w, https:\/\/elmetropolitano.com.gt\/es\/wp-content\/uploads\/2021\/11\/cintillo-arrin-cual-1-300x36.jpg 300w, https:\/\/elmetropolitano.com.gt\/es\/wp-content\/uploads\/2021\/11\/cintillo-arrin-cual-1-600x72.jpg 600w\" sizes=\"(max-width: 750px) 100vw, 750px\" width=\"750\" height=\"90\"   \/><\/a><\/div><\/div>\n\n\n\n<p>As\u00ed se pronuncia La Torre:<\/p>\n\n\n\n<p>Solicitaremos al Ministerio de Salud nos comparta los resultados t\u00e9cnicos de su evaluaci\u00f3n, ya que no hemos recibido dichos resultados.<\/p>\n\n\n\n<p>Hemos ordenado a un laboratorio certificado independiente realizar un an\u00e1lisis microbiol\u00f3gico de diferentes muestras de carne y superficies del \u00e1rea de carnicer\u00eda de la tienda mencionada en la publicaci\u00f3n.<\/p>\n\n\n\n<p>Como una medida de prevenci\u00f3n, hemos retirado de todas las tiendas el h\u00edgado de res, mientras se investiga el caso en menci\u00f3n.<\/p>\n\n\n\n<p>Por \u00faltimo, aclarar que no existe ninguna denuncia activa en relaci\u00f3n a casos de intoxicaci\u00f3n por E Coli de la que se nos haya notificado.<\/p>\n\n\n\n<p>Desde luego reiterar nuestro total compromiso con la calidad e inocuidad de los alimentos que ofrecemos a nuestros clientes, as\u00ed como la disposici\u00f3n total de colaborar con las autoridades en sus esfuerzos por el bien de la poblaci\u00f3n.<\/p>\n\n\n\n<p><a href=\"https:\/\/www.facebook.com\/hashtag\/supermercadoslatorre?__eep__=6&amp;__cft__[0]=AZXietLHrFA6dhYTnAPScfuz-Pr9JyG-Sl4mBDtwlRyteTq-n-Cl2wpStBhjbNMq2bFyhku1zFy7gMnstRTj6BWMfUIWE8WHGkLyYczEVHKiisDN8ruwufm46nzR9EKtZuyyUEqNn36-8UH9QOp97xKfatmcu1MIK8OxBm3ILoEnaQV55OAmmam3709lk75o39Zhmi8BWuR2KBFGPeKfYEB6&amp;__tn__=*NK-R\">#SupermercadosLaTorre<\/a><a href=\"https:\/\/www.facebook.com\/hashtag\/metroredes?__eep__=6&amp;__cft__[0]=AZXietLHrFA6dhYTnAPScfuz-Pr9JyG-Sl4mBDtwlRyteTq-n-Cl2wpStBhjbNMq2bFyhku1zFy7gMnstRTj6BWMfUIWE8WHGkLyYczEVHKiisDN8ruwufm46nzR9EKtZuyyUEqNn36-8UH9QOp97xKfatmcu1MIK8OxBm3ILoEnaQV55OAmmam3709lk75o39Zhmi8BWuR2KBFGPeKfYEB6&amp;__tn__=*NK-R\">#metroredes<\/a><a href=\"https:\/\/www.facebook.com\/hashtag\/saludparatodos?__eep__=6&amp;__cft__[0]=AZXietLHrFA6dhYTnAPScfuz-Pr9JyG-Sl4mBDtwlRyteTq-n-Cl2wpStBhjbNMq2bFyhku1zFy7gMnstRTj6BWMfUIWE8WHGkLyYczEVHKiisDN8ruwufm46nzR9EKtZuyyUEqNn36-8UH9QOp97xKfatmcu1MIK8OxBm3ILoEnaQV55OAmmam3709lk75o39Zhmi8BWuR2KBFGPeKfYEB6&amp;__tn__=*NK-R\">#SaludParaTodos<\/a> <a href=\"http:\/\/www.elmetropolitano.com.gt\/?fbclid=IwZXh0bgNhZW0CMTAAAR2bn_mCFHXaFA9gOyKeog88LqP03Y1vlqacbN9QeEvyQdRvSQGyy2yVJhs_aem_a2_YzFQrxDRQ8ZUNmGIzJQ\" target=\"_blank\" rel=\"noreferrer noopener\">Www.elmetropolitano.com.gt<\/a> <a href=\"http:\/\/www.metroredes.com\/?fbclid=IwZXh0bgNhZW0CMTAAAR1hqj77xdUXHNMmN_skD24yjog9-erwaHyIdJlffAwe692z-bFDX_h6KCY_aem_inT__7LL26FipRC-AQMwkA\" target=\"_blank\" rel=\"noreferrer noopener\">Www.metroredes.com<\/a><\/p>\n\n\n\n<figure class=\"wp-block-gallery has-nested-images columns-default is-cropped wp-block-gallery-1 is-layout-flex wp-block-gallery-is-layout-flex\">\n<figure class=\"wp-block-image size-large\"><img loading=\"lazy\" decoding=\"async\" width=\"1024\" height=\"1024\" data-id=\"85794\" src=\"https:\/\/elmetropolitano.com.gt\/es\/wp-content\/uploads\/2024\/07\/450103410_977976730995077_8710010003409606504_n-1024x1024.jpg\" alt=\"\" class=\"wp-image-85794\" srcset=\"https:\/\/elmetropolitano.com.gt\/es\/wp-content\/uploads\/2024\/07\/450103410_977976730995077_8710010003409606504_n-1024x1024.jpg 1024w, https:\/\/elmetropolitano.com.gt\/es\/wp-content\/uploads\/2024\/07\/450103410_977976730995077_8710010003409606504_n-300x300.jpg 300w, https:\/\/elmetropolitano.com.gt\/es\/wp-content\/uploads\/2024\/07\/450103410_977976730995077_8710010003409606504_n-150x150.jpg 150w, https:\/\/elmetropolitano.com.gt\/es\/wp-content\/uploads\/2024\/07\/450103410_977976730995077_8710010003409606504_n-768x768.jpg 768w, https:\/\/elmetropolitano.com.gt\/es\/wp-content\/uploads\/2024\/07\/450103410_977976730995077_8710010003409606504_n.jpg 1080w\" sizes=\"auto, (max-width: 1024px) 100vw, 1024px\" \/><\/figure>\n<\/figure>\n","protected":false},"excerpt":{"rendered":"<p>Supermercado La Torre rompe el silencio sobre carne contaminada que se a vendido en dos de sus tiendas una de Jutiapa y zona 11 de la ciudad capital y al no creer en los resultados del laboratorio nacional informa que a ordenado a un \u201claboratorio certificado independiente\u201d an\u00e1lisis de diferentes tipos de carne La Torre <a class=\"read-more\" href=\"https:\/\/elmetropolitano.com.gt\/es\/supermercado-la-torre-retira-de-la-venta-higado-de-res-contaminado-con-e-coli\/\">Leer m\u00e1s<\/a><\/p>\n","protected":false},"author":1,"featured_media":85793,"comment_status":"open","ping_status":"closed","sticky":false,"template":"","format":"standard","meta":{"footnotes":""},"categories":[2],"tags":[12],"class_list":["post-85792","post","type-post","status-publish","format-standard","has-post-thumbnail","hentry","category-nacionales","tag-nacionales"],"_links":{"self":[{"href":"https:\/\/elmetropolitano.com.gt\/es\/wp-json\/wp\/v2\/posts\/85792","targetHints":{"allow":["GET"]}}],"collection":[{"href":"https:\/\/elmetropolitano.com.gt\/es\/wp-json\/wp\/v2\/posts"}],"about":[{"href":"https:\/\/elmetropolitano.com.gt\/es\/wp-json\/wp\/v2\/types\/post"}],"author":[{"embeddable":true,"href":"https:\/\/elmetropolitano.com.gt\/es\/wp-json\/wp\/v2\/users\/1"}],"replies":[{"embeddable":true,"href":"https:\/\/elmetropolitano.com.gt\/es\/wp-json\/wp\/v2\/comments?post=85792"}],"version-history":[{"count":1,"href":"https:\/\/elmetropolitano.com.gt\/es\/wp-json\/wp\/v2\/posts\/85792\/revisions"}],"predecessor-version":[{"id":85795,"href":"https:\/\/elmetropolitano.com.gt\/es\/wp-json\/wp\/v2\/posts\/85792\/revisions\/85795"}],"wp:featuredmedia":[{"embeddable":true,"href":"https:\/\/elmetropolitano.com.gt\/es\/wp-json\/wp\/v2\/media\/85793"}],"wp:attachment":[{"href":"https:\/\/elmetropolitano.com.gt\/es\/wp-json\/wp\/v2\/media?parent=85792"}],"wp:term":[{"taxonomy":"category","embeddable":true,"href":"https:\/\/elmetropolitano.com.gt\/es\/wp-json\/wp\/v2\/categories?post=85792"},{"taxonomy":"post_tag","embeddable":true,"href":"https:\/\/elmetropolitano.com.gt\/es\/wp-json\/wp\/v2\/tags?post=85792"}],"curies":[{"name":"wp","href":"https:\/\/api.w.org\/{rel}","templated":true}]}}