{"id":85809,"date":"2024-07-07T18:33:23","date_gmt":"2024-07-08T00:33:23","guid":{"rendered":"https:\/\/elmetropolitano.com.gt\/es\/?p=85809"},"modified":"2024-07-07T18:33:23","modified_gmt":"2024-07-08T00:33:23","slug":"mas-de-19-mil-metros-cubicos-de-desechos-ha-retirado-del-lago-de-amatitlan-durante-2024","status":"publish","type":"post","link":"https:\/\/elmetropolitano.com.gt\/es\/mas-de-19-mil-metros-cubicos-de-desechos-ha-retirado-del-lago-de-amatitlan-durante-2024\/","title":{"rendered":"M\u00e1s de 19 mil metros c\u00fabicos de desechos ha retirado del  lago de Amatitl\u00e1n durante 2024"},"content":{"rendered":"\n<p>M\u00e1s de 19 mil metros c\u00fabicos de residuos y desechos s\u00f3lidos han sido extra\u00eddos del lago de Amatitl\u00e1n en lo que va de 2024. Esto es parte del plan de respuesta para la conservaci\u00f3n del lago.<\/p>\n\n\n\n<p>Solo en el mes de junio, se report\u00f3 la limpieza de 4 mil metros c\u00fabicos como parte de las acciones de contingencia que se tienen para atender la temporada de lluvias frente a la contaminaci\u00f3n y para la preservaci\u00f3n del lugar.<\/p><div class=\"elmet-contenido\" id=\"elmet-4094377250\"><div class=\"elmet-adlabel\">Anuncios<\/div><div style=\"margin-top: 20px;margin-right: 20px;margin-bottom: 20px;margin-left: 20px;\" id=\"elmet-4056295459\"><a href=\"https:\/\/www.facebook.com\/arrincuanantigua\/\" aria-label=\"cintillo-arrin-cual\"><img loading=\"lazy\" decoding=\"async\" src=\"https:\/\/elmetropolitano.com.gt\/es\/wp-content\/uploads\/2021\/11\/cintillo-arrin-cual-1.jpg\" alt=\"\"  srcset=\"https:\/\/elmetropolitano.com.gt\/es\/wp-content\/uploads\/2021\/11\/cintillo-arrin-cual-1.jpg 750w, https:\/\/elmetropolitano.com.gt\/es\/wp-content\/uploads\/2021\/11\/cintillo-arrin-cual-1-300x36.jpg 300w, https:\/\/elmetropolitano.com.gt\/es\/wp-content\/uploads\/2021\/11\/cintillo-arrin-cual-1-600x72.jpg 600w\" sizes=\"(max-width: 750px) 100vw, 750px\" width=\"750\" height=\"90\"   \/><\/a><\/div><\/div>\n\n\n\n<p>Las acciones coordinadas de la Autoridad para el Manejo Sustentable de la Cuenca y del Lago de Amatitl\u00e1n (AMSA) permitieron que durante el mes de junio se realizaran jornadas de extracci\u00f3n de desechos flotantes en este cuerpo de agua.<\/p>\n\n\n\n<p>AMSA detalla que estas acciones contin\u00faan y se realizan a trav\u00e9s de la unidad de Mantenimiento y Limpieza del Lago.<\/p>\n\n\n\n<p>En la \u00e9poca de lluvia, el lago de Amatitl\u00e1n no solo recibe m\u00e1s agua, sino tambi\u00e9n desechos que las personas arrojan a las calles, barrancos, desag\u00fces y m\u00e1s.<\/p>\n\n\n\n<p>Por ello, tambi\u00e9n se busca crear acciones en cuanto a educaci\u00f3n ambiental, reciclaje y tratamiento de aguas residuales.<\/p>\n\n\n\n<p>M\u00e9todos de extracci\u00f3n en el lago de Amatitl\u00e1n<\/p>\n\n\n\n<p>AMSA se\u00f1ala que para sacar los desechos s\u00f3lidos se han utilizando distintos m\u00e9todos de extracci\u00f3n.<\/p>\n\n\n\n<p>De esto se menciona la extracci\u00f3n manual que se desarrolla en 32 puntos entre los municipios de Amatitl\u00e1n, Villa Nueva, San Miguel Petapa y Villa Canales.<\/p>\n\n\n\n<p>El otro mecanismo es la extracci\u00f3n semiautomatizada a cargo del personal de AMSA, maquinaria y la barda de retenci\u00f3n fabricada por el mismo personal.<\/p>\n\n\n\n<p>Cuidado de los recursos<\/p>\n\n\n\n<p>Las autoridades hacen el llamado a la poblaci\u00f3n guatemalteca a tomar conciencia y apoyar en el cuidado del lago desechando de manera correcta su basura.<\/p>\n\n\n\n<p>El trabajo conjunto entre poblaci\u00f3n y autoridades contribuye a la obtenci\u00f3n de mejores resultados, por lo que la invitaci\u00f3n principal es a trabajar de la mano para recuperar y conservar la cuenca y el lago de Amatitl\u00e1n.<\/p>\n\n\n\n<p>Recientemente, se llev\u00f3 a cabo reuni\u00f3n de la junta de representantes de sectores involucrados en el control y recuperaci\u00f3n de la cuenca y del Lago de Amatitl\u00e1n. En ella, autoridades del Ejecutivo subrayaron su compromiso con la gesti\u00f3n ambiental y el desarrollo sostenible de la regi\u00f3n.<\/p>\n\n\n\n<p>Adem\u00e1s, los presentes destacaron que estas reuniones son vitales para el manejo adecuado de los bienes naturales y la implementaci\u00f3n de pol\u00edticas efectivas de gesti\u00f3n ambiental.<\/p>\n\n\n\n<p>Yuiza Mu\u00f1os<\/p>\n\n\n\n<p>#metroredes&nbsp; <a href=\"http:\/\/www.elmetropolitano.com.gt\">www.elmetropolitano.com.gt<\/a>&nbsp; <a href=\"http:\/\/www.metroredes.com\">www.metroredes.com<\/a><\/p>\n","protected":false},"excerpt":{"rendered":"<p>M\u00e1s de 19 mil metros c\u00fabicos de residuos y desechos s\u00f3lidos han sido extra\u00eddos del lago de Amatitl\u00e1n en lo que va de 2024. Esto es parte del plan de respuesta para la conservaci\u00f3n del lago. Solo en el mes de junio, se report\u00f3 la limpieza de 4 mil metros c\u00fabicos como parte de las <a class=\"read-more\" href=\"https:\/\/elmetropolitano.com.gt\/es\/mas-de-19-mil-metros-cubicos-de-desechos-ha-retirado-del-lago-de-amatitlan-durante-2024\/\">Leer m\u00e1s<\/a><\/p>\n","protected":false},"author":1,"featured_media":85810,"comment_status":"open","ping_status":"closed","sticky":false,"template":"","format":"standard","meta":{"footnotes":""},"categories":[3],"tags":[10],"class_list":["post-85809","post","type-post","status-publish","format-standard","has-post-thumbnail","hentry","category-locales","tag-locales"],"_links":{"self":[{"href":"https:\/\/elmetropolitano.com.gt\/es\/wp-json\/wp\/v2\/posts\/85809","targetHints":{"allow":["GET"]}}],"collection":[{"href":"https:\/\/elmetropolitano.com.gt\/es\/wp-json\/wp\/v2\/posts"}],"about":[{"href":"https:\/\/elmetropolitano.com.gt\/es\/wp-json\/wp\/v2\/types\/post"}],"author":[{"embeddable":true,"href":"https:\/\/elmetropolitano.com.gt\/es\/wp-json\/wp\/v2\/users\/1"}],"replies":[{"embeddable":true,"href":"https:\/\/elmetropolitano.com.gt\/es\/wp-json\/wp\/v2\/comments?post=85809"}],"version-history":[{"count":1,"href":"https:\/\/elmetropolitano.com.gt\/es\/wp-json\/wp\/v2\/posts\/85809\/revisions"}],"predecessor-version":[{"id":85811,"href":"https:\/\/elmetropolitano.com.gt\/es\/wp-json\/wp\/v2\/posts\/85809\/revisions\/85811"}],"wp:featuredmedia":[{"embeddable":true,"href":"https:\/\/elmetropolitano.com.gt\/es\/wp-json\/wp\/v2\/media\/85810"}],"wp:attachment":[{"href":"https:\/\/elmetropolitano.com.gt\/es\/wp-json\/wp\/v2\/media?parent=85809"}],"wp:term":[{"taxonomy":"category","embeddable":true,"href":"https:\/\/elmetropolitano.com.gt\/es\/wp-json\/wp\/v2\/categories?post=85809"},{"taxonomy":"post_tag","embeddable":true,"href":"https:\/\/elmetropolitano.com.gt\/es\/wp-json\/wp\/v2\/tags?post=85809"}],"curies":[{"name":"wp","href":"https:\/\/api.w.org\/{rel}","templated":true}]}}