{"id":85812,"date":"2024-07-07T19:31:43","date_gmt":"2024-07-08T01:31:43","guid":{"rendered":"https:\/\/elmetropolitano.com.gt\/es\/?p=85812"},"modified":"2024-07-07T19:31:43","modified_gmt":"2024-07-08T01:31:43","slug":"lluvias-con-actividad-electrica-asi-estara-el-clima-en-guatemala-durante-la-segunda-semana-de-julio","status":"publish","type":"post","link":"https:\/\/elmetropolitano.com.gt\/es\/lluvias-con-actividad-electrica-asi-estara-el-clima-en-guatemala-durante-la-segunda-semana-de-julio\/","title":{"rendered":"Lluvias con actividad el\u00e9ctrica: As\u00ed estar\u00e1 el clima en Guatemala durante la segunda semana de julio"},"content":{"rendered":"\n<p>El Instituto Nacional de Sismolog\u00eda, Vulcanolog\u00eda, Meteorolog\u00eda e Hidrolog\u00eda (Insivumeh) explica que julio habr\u00e1 lluvias arriba de lo normal en comparaci\u00f3n con a\u00f1os anteriores.<\/p>\n\n\n\n<p>El Insivumeh menciona que el pron\u00f3stico muestra condiciones de precipitaciones por arriba de lo normal en todo el territorio nacional, influenciadas por la llegada de una onda del este.<\/p><div class=\"elmet-contenido\" id=\"elmet-3529254401\"><div class=\"elmet-adlabel\">Anuncios<\/div><div style=\"margin-top: 20px;margin-right: 20px;margin-bottom: 20px;margin-left: 20px;\" id=\"elmet-3554765123\"><a href=\"https:\/\/www.facebook.com\/arrincuanantigua\/\" aria-label=\"cintillo-arrin-cual\"><img loading=\"lazy\" decoding=\"async\" src=\"https:\/\/elmetropolitano.com.gt\/es\/wp-content\/uploads\/2021\/11\/cintillo-arrin-cual-1.jpg\" alt=\"\"  srcset=\"https:\/\/elmetropolitano.com.gt\/es\/wp-content\/uploads\/2021\/11\/cintillo-arrin-cual-1.jpg 750w, https:\/\/elmetropolitano.com.gt\/es\/wp-content\/uploads\/2021\/11\/cintillo-arrin-cual-1-300x36.jpg 300w, https:\/\/elmetropolitano.com.gt\/es\/wp-content\/uploads\/2021\/11\/cintillo-arrin-cual-1-600x72.jpg 600w\" sizes=\"(max-width: 750px) 100vw, 750px\" width=\"750\" height=\"90\"   \/><\/a><\/div><\/div>\n\n\n\n<p>En ese sentido, se prev\u00e9 que las regiones con mayores acumulados de lluvia sean las zonas ubicadas en el altiplano central (Guatemala y Solol\u00e1), Bocacosta (Retalhuleu, Escuintla, Puerto Barrios, Livingston) y la Franja Transversal del Norte (Cob\u00e1n y Nebaj).<\/p>\n\n\n\n<p>Lluvias para las pr\u00f3ximas horas<\/p>\n\n\n\n<p>El bolet\u00edn de las condiciones atmosf\u00e9ricas del Insivumeh, se\u00f1ala que en las pr\u00f3ximas 24 horas se presentar\u00e1n nublados parciales, especialmente en horas de la ma\u00f1ana del 8 de julio.<\/p>\n\n\n\n<p>Por la tarde, se prev\u00e9n mayores acumulados de lluvia asociadas al acercamiento y paso de la onda del este n\u00famero 8 de la temporada. Esto significa la presencia de lluvias y viento fuerte con posible ca\u00edda de granizo.<\/p>\n\n\n\n<p>A partir del jueves 11 de julio se espera que las lluvias generalizadas disminuyan, excepto en la regi\u00f3n del Caribe, oriente y la Franja Transversal del Norte.<\/p>\n\n\n\n<p>Llamado a todos los sectores por las lluvias<\/p>\n\n\n\n<p>El Insivumeh ha recomendado a las instituciones gubernamentales y no gubernamentales, tomar en cuenta la informaci\u00f3n proporcionada para la planificaci\u00f3n y ejecuci\u00f3n de actividades.<\/p>\n\n\n\n<p>Asimismo, a las entidades encargadas de gesti\u00f3n de riesgos, las invita a mantenerse alerta y considerar los posibles eventos de inundaciones y deslizamientos originados por las lluvias durante el mes de julio.<\/p>\n\n\n\n<p>A estas recomendaciones se agrega, considerar las lluvias que pueden presentarse en la cadena volc\u00e1nica, ya que esta precipitaci\u00f3n puede favorecer la presencia de lahares.<\/p>\n\n\n\n<p>En cuanto al sector de salud hacen el llamado a difundir recomendaciones a la poblaci\u00f3n que permitan mitigar efectos de enfermedades respiratorias.<\/p>\n\n\n\n<p>Lluvias de la \u00faltima semana<\/p>\n\n\n\n<p>EL Insivumeh explic\u00f3 que las lluvias de la \u00faltima semana se vieron asociadas a efectos indirectos del hurac\u00e1n Beryl.<\/p>\n\n\n\n<p>El reporte semanal de la Instituci\u00f3n se\u00f1ala que del 29 de junio al 5 de julio los acumulados m\u00e1s importantes de lluvia se registraron al oeste del departamento de Pet\u00e9n, regi\u00f3n de Bocacosta, norte de Quich\u00e9 y Chiquimula.<\/p>\n\n\n\n<p>Durante la semana se presentaron ambientes h\u00famedos y frescos, y la mayor\u00eda de los d\u00edas estuvieron con cielos nublados acompa\u00f1ados de lloviznas y lluvias.<\/p>\n\n\n\n<p>Yuliza Mu\u00f1oz<\/p>\n\n\n\n<p>#metroredes&nbsp; <a href=\"http:\/\/www.elmetropolitano.com.gt\">www.elmetropolitano.com.gt<\/a>&nbsp; <a href=\"http:\/\/www.metroredes.com\">www.metroredes.com<\/a> <a href=\"http:\/\/www.elescuintleco.com\">www.elescuintleco.com<\/a><\/p>\n","protected":false},"excerpt":{"rendered":"<p>El Instituto Nacional de Sismolog\u00eda, Vulcanolog\u00eda, Meteorolog\u00eda e Hidrolog\u00eda (Insivumeh) explica que julio habr\u00e1 lluvias arriba de lo normal en comparaci\u00f3n con a\u00f1os anteriores. El Insivumeh menciona que el pron\u00f3stico muestra condiciones de precipitaciones por arriba de lo normal en todo el territorio nacional, influenciadas por la llegada de una onda del este. En ese <a class=\"read-more\" href=\"https:\/\/elmetropolitano.com.gt\/es\/lluvias-con-actividad-electrica-asi-estara-el-clima-en-guatemala-durante-la-segunda-semana-de-julio\/\">Leer m\u00e1s<\/a><\/p>\n","protected":false},"author":1,"featured_media":85813,"comment_status":"open","ping_status":"closed","sticky":false,"template":"","format":"standard","meta":{"footnotes":""},"categories":[2],"tags":[12],"class_list":["post-85812","post","type-post","status-publish","format-standard","has-post-thumbnail","hentry","category-nacionales","tag-nacionales"],"_links":{"self":[{"href":"https:\/\/elmetropolitano.com.gt\/es\/wp-json\/wp\/v2\/posts\/85812","targetHints":{"allow":["GET"]}}],"collection":[{"href":"https:\/\/elmetropolitano.com.gt\/es\/wp-json\/wp\/v2\/posts"}],"about":[{"href":"https:\/\/elmetropolitano.com.gt\/es\/wp-json\/wp\/v2\/types\/post"}],"author":[{"embeddable":true,"href":"https:\/\/elmetropolitano.com.gt\/es\/wp-json\/wp\/v2\/users\/1"}],"replies":[{"embeddable":true,"href":"https:\/\/elmetropolitano.com.gt\/es\/wp-json\/wp\/v2\/comments?post=85812"}],"version-history":[{"count":1,"href":"https:\/\/elmetropolitano.com.gt\/es\/wp-json\/wp\/v2\/posts\/85812\/revisions"}],"predecessor-version":[{"id":85814,"href":"https:\/\/elmetropolitano.com.gt\/es\/wp-json\/wp\/v2\/posts\/85812\/revisions\/85814"}],"wp:featuredmedia":[{"embeddable":true,"href":"https:\/\/elmetropolitano.com.gt\/es\/wp-json\/wp\/v2\/media\/85813"}],"wp:attachment":[{"href":"https:\/\/elmetropolitano.com.gt\/es\/wp-json\/wp\/v2\/media?parent=85812"}],"wp:term":[{"taxonomy":"category","embeddable":true,"href":"https:\/\/elmetropolitano.com.gt\/es\/wp-json\/wp\/v2\/categories?post=85812"},{"taxonomy":"post_tag","embeddable":true,"href":"https:\/\/elmetropolitano.com.gt\/es\/wp-json\/wp\/v2\/tags?post=85812"}],"curies":[{"name":"wp","href":"https:\/\/api.w.org\/{rel}","templated":true}]}}