{"id":85815,"date":"2024-07-08T09:57:01","date_gmt":"2024-07-08T15:57:01","guid":{"rendered":"https:\/\/elmetropolitano.com.gt\/es\/?p=85815"},"modified":"2024-07-08T09:57:01","modified_gmt":"2024-07-08T15:57:01","slug":"gobierno-decreta-estado-de-calamidad-en-todo-el-territorio-nacional","status":"publish","type":"post","link":"https:\/\/elmetropolitano.com.gt\/es\/gobierno-decreta-estado-de-calamidad-en-todo-el-territorio-nacional\/","title":{"rendered":"Gobierno decreta estado de Calamidad en todo el territorio nacional"},"content":{"rendered":"\n<p>El Gobierno de Guatemala, en Consejo de ministros decret\u00f3 Estado de Calamidad en todo el territorio nacional por medio del Decreto Gubernativo N\u00famero 2-2024, el cual se public\u00f3 este lunes en el Diario de Centro Am\u00e9rica (DCA).<\/p>\n\n\n\n<p>Se\u00f1ala el Decreto, que este estar\u00e1 vigente por un mes a partir de su entrada en vigor.<\/p><div class=\"elmet-contenido\" id=\"elmet-4056084696\"><div class=\"elmet-adlabel\">Anuncios<\/div><div style=\"margin-top: 20px;margin-right: 20px;margin-bottom: 20px;margin-left: 20px;\" id=\"elmet-1353818423\"><a href=\"https:\/\/www.facebook.com\/arrincuanantigua\/\" aria-label=\"cintillo-arrin-cual\"><img loading=\"lazy\" decoding=\"async\" src=\"https:\/\/elmetropolitano.com.gt\/es\/wp-content\/uploads\/2021\/11\/cintillo-arrin-cual-1.jpg\" alt=\"\"  srcset=\"https:\/\/elmetropolitano.com.gt\/es\/wp-content\/uploads\/2021\/11\/cintillo-arrin-cual-1.jpg 750w, https:\/\/elmetropolitano.com.gt\/es\/wp-content\/uploads\/2021\/11\/cintillo-arrin-cual-1-300x36.jpg 300w, https:\/\/elmetropolitano.com.gt\/es\/wp-content\/uploads\/2021\/11\/cintillo-arrin-cual-1-600x72.jpg 600w\" sizes=\"(max-width: 750px) 100vw, 750px\" width=\"750\" height=\"90\"   \/><\/a><\/div><\/div>\n\n\n\n<p>La decisi\u00f3n del Ejecutivo tiene como base informes detallados del Instituto Nacional de Sismolog\u00eda, Vulcanolog\u00eda, Meteorolog\u00eda e Hidrolog\u00eda (Insivumeh) y de la Coordinadora Nacional para la Reducci\u00f3n de Desastres (Conred).<\/p>\n\n\n\n<p>En estos se detalla informaci\u00f3n sobre las constantes lluvias que azotan al pa\u00eds, la saturaci\u00f3n de los suelos y los da\u00f1os que estas han causado en viviendas y en la infraestructura p\u00fablica.<\/p>\n\n\n\n<p>Derechos civiles<\/p>\n\n\n\n<p>Asimismo, el Decreto se\u00f1ala que se limitar\u00e1n las libertades civiles que establecen los art\u00edculos 5 y 26 de la Constituci\u00f3n Pol\u00edtica de la Rep\u00fablica. Aclara que esto se har\u00e1 solamente en los casos necesarios para implementar las medidas que se detalla esta norma temporal. Tambi\u00e9n explica que durante la vigencia de esa norma ninguna persona podr\u00e1 ser perseguida por sus opiniones o actos que no impliquen infracci\u00f3n a la ley.<\/p>\n\n\n\n<p>Por ello, quedan restringidos los derechos de locomoci\u00f3n, limitaci\u00f3n de la circulaci\u00f3n de veh\u00edculos o salida y entrada de personas a las zonas, caminos o carreteras afectadas.<\/p>\n\n\n\n<p>Tambi\u00e9n podr\u00e1n las autoridades ordenar evacuaciones de zonas en riesgo o afectadas por lluvias y da\u00f1os causados por estas.<\/p>\n\n\n\n<p>Adem\u00e1s, se\u00f1ala que la Conred deber\u00e1 llevar a cabo todas las acciones necesarias para prevenir o mitigar los da\u00f1os causados por la temporada de lluvias. Tambi\u00e9n deber\u00e1 coordinar con los albergues la protecci\u00f3n de personas afectadas.<\/p>\n\n\n\n<p>Igualmente, el Ministerio de Salud P\u00fablica y Asistencia Social atender\u00e1 a las personas afectadas por la temporada de lluvias con el apoyo de la Conred.<\/p>\n\n\n\n<p>Protecci\u00f3n de las personas<\/p>\n\n\n\n<p>Entre tanto, el Ministerio de Comunicaciones, Infraestructura y Vivienda (CIV) llevar\u00e1 a cabo todas las acciones necesarias para atender la circulaci\u00f3n vial de todas las personas en las zonas afectadas.<\/p>\n\n\n\n<p>Asimismo, se ordena a todos los servidores p\u00fablicos del Organismo Ejecutivo a prestar el auxilio y la cooperaci\u00f3n necesarias a las personas afectadas siempre que las circunstancias lo demanden. Tambi\u00e9n se incluye el requerimiento de apoyo de particulares, municipalidades y otras entidades para controlar la situaci\u00f3n en zonas afectadas.<\/p>\n\n\n\n<p>Adem\u00e1s, ordena a todas las autoridades militares y civiles, con el apoyo de la Conred, implementar las medidas necesarias para proteger la vida e integridad de las personas y sus vienes en las zonas afectadas por las lluvias.<\/p>\n\n\n\n<p>Acciones<\/p>\n\n\n\n<p>Igualmente, autoriza al CIV, Ministerio de Agricultura, Ganader\u00eda y Alimentaci\u00f3n (MAGA) y a la Conred para adquirir los bienes y suministros necesarios, as\u00ed como ejecutar las obras pertinentes para atender solucionar y mitigar los da\u00f1os a la poblaci\u00f3n e infraestructura afectada por las lluvias. Sin embargo, estas acciones deber\u00e1n publicarse en las plataformas habilitadas para tal efecto.<\/p>\n\n\n\n<p>No obstante, una vez que concluya el estado de Calamidad, las entidades podr\u00e1n continuar con los eventos de adquisici\u00f3n, siempre que la adjudicaci\u00f3n de estos ya se haya publicado en Guatecompras.<\/p>\n\n\n\n<p>Asimismo, todas las donaciones nacionales que se reciban deber\u00e1n registrarse a nombre del Estado en coordinaci\u00f3n con la Secretar\u00eda Ejecutiva de la Conred.<\/p>\n\n\n\n<p>Todas las entidades involucradas deber\u00e1n liquidar las donaciones en un plazo no mayor de 90 d\u00edas a partir de su recepci\u00f3n.<\/p>\n\n\n\n<p>Adem\u00e1s, el decreto de estado de Calamidad para hacer las asignaciones necesarias a las entidades involucradas para atender la emergencia ocasionada por la temporada de lluvias.<\/p>\n\n\n\n<p>Tambi\u00e9n se\u00f1ala que en su oportunidad se presentar\u00e1 al Congreso un informe circunstanciado de todas las acciones ejecutadas de acuerdo con lo que para el efecto estipula la ley.<\/p>\n\n\n\n<p>Igualmente, convoca al Congreso de la Rep\u00fablica para que apruebe, modifique o impruebe el estado de Calamidad contenido en el decreto mencionado.<\/p>\n\n\n\n<p>Por \u00faltimo, se\u00f1ala que el Acuerdo 2-2024 entra en vigencia de inmediato y deber\u00e1 publicarse<\/p>\n\n\n\n<p>R Morales<\/p>\n\n\n\n<p>#metroredes www.elmetropolitano.com.gt www.metroredes.com<\/p>\n","protected":false},"excerpt":{"rendered":"<p>El Gobierno de Guatemala, en Consejo de ministros decret\u00f3 Estado de Calamidad en todo el territorio nacional por medio del Decreto Gubernativo N\u00famero 2-2024, el cual se public\u00f3 este lunes en el Diario de Centro Am\u00e9rica (DCA). Se\u00f1ala el Decreto, que este estar\u00e1 vigente por un mes a partir de su entrada en vigor. La <a class=\"read-more\" href=\"https:\/\/elmetropolitano.com.gt\/es\/gobierno-decreta-estado-de-calamidad-en-todo-el-territorio-nacional\/\">Leer m\u00e1s<\/a><\/p>\n","protected":false},"author":1,"featured_media":85816,"comment_status":"open","ping_status":"closed","sticky":false,"template":"","format":"standard","meta":{"footnotes":""},"categories":[2],"tags":[12],"class_list":["post-85815","post","type-post","status-publish","format-standard","has-post-thumbnail","hentry","category-nacionales","tag-nacionales"],"_links":{"self":[{"href":"https:\/\/elmetropolitano.com.gt\/es\/wp-json\/wp\/v2\/posts\/85815","targetHints":{"allow":["GET"]}}],"collection":[{"href":"https:\/\/elmetropolitano.com.gt\/es\/wp-json\/wp\/v2\/posts"}],"about":[{"href":"https:\/\/elmetropolitano.com.gt\/es\/wp-json\/wp\/v2\/types\/post"}],"author":[{"embeddable":true,"href":"https:\/\/elmetropolitano.com.gt\/es\/wp-json\/wp\/v2\/users\/1"}],"replies":[{"embeddable":true,"href":"https:\/\/elmetropolitano.com.gt\/es\/wp-json\/wp\/v2\/comments?post=85815"}],"version-history":[{"count":1,"href":"https:\/\/elmetropolitano.com.gt\/es\/wp-json\/wp\/v2\/posts\/85815\/revisions"}],"predecessor-version":[{"id":85817,"href":"https:\/\/elmetropolitano.com.gt\/es\/wp-json\/wp\/v2\/posts\/85815\/revisions\/85817"}],"wp:featuredmedia":[{"embeddable":true,"href":"https:\/\/elmetropolitano.com.gt\/es\/wp-json\/wp\/v2\/media\/85816"}],"wp:attachment":[{"href":"https:\/\/elmetropolitano.com.gt\/es\/wp-json\/wp\/v2\/media?parent=85815"}],"wp:term":[{"taxonomy":"category","embeddable":true,"href":"https:\/\/elmetropolitano.com.gt\/es\/wp-json\/wp\/v2\/categories?post=85815"},{"taxonomy":"post_tag","embeddable":true,"href":"https:\/\/elmetropolitano.com.gt\/es\/wp-json\/wp\/v2\/tags?post=85815"}],"curies":[{"name":"wp","href":"https:\/\/api.w.org\/{rel}","templated":true}]}}