{"id":85873,"date":"2024-07-09T15:57:27","date_gmt":"2024-07-09T21:57:27","guid":{"rendered":"https:\/\/elmetropolitano.com.gt\/es\/?p=85873"},"modified":"2024-07-09T15:57:27","modified_gmt":"2024-07-09T21:57:27","slug":"conred-mantiene-coordinacion-de-la-busqueda-de-aeronave-que-lleva-desaparecida-24-horas","status":"publish","type":"post","link":"https:\/\/elmetropolitano.com.gt\/es\/conred-mantiene-coordinacion-de-la-busqueda-de-aeronave-que-lleva-desaparecida-24-horas\/","title":{"rendered":"Conred mantiene coordinaci\u00f3n de la b\u00fasqueda de aeronave que lleva desaparecida 24 horas"},"content":{"rendered":"\n<p>Tras m\u00e1s de 24 horas de que se perdiera contacto con los tripulantes de una avioneta, las labores de b\u00fasqueda y rescate contin\u00faan por parte de los cuerpos de socorro en las faldas del volc\u00e1n de Agua.<\/p>\n\n\n\n<p>En el segundo d\u00eda de b\u00fasqueda, los integrantes de la Patrulla Especial de Rescate de la Asociaci\u00f3n Nacional de Bomberos Municipales Departamentales (Asonbomd), de la regi\u00f3n Central del Cuerpo Voluntario de Bomberos (CVB) y de la estaci\u00f3n de Sacatep\u00e9quez fueron activados nuevamente desde las 4:00 de la madrugada para reiniciar la b\u00fasqueda de los tripulantes de la aeronave desaparecida.<\/p><div class=\"elmet-contenido\" id=\"elmet-1762726282\"><div class=\"elmet-adlabel\">Anuncios<\/div><div style=\"margin-top: 20px;margin-right: 20px;margin-bottom: 20px;margin-left: 20px;\" id=\"elmet-1261651948\"><a href=\"https:\/\/www.facebook.com\/arrincuanantigua\/\" aria-label=\"cintillo-arrin-cual\"><img loading=\"lazy\" decoding=\"async\" src=\"https:\/\/elmetropolitano.com.gt\/es\/wp-content\/uploads\/2021\/11\/cintillo-arrin-cual-1.jpg\" alt=\"\"  srcset=\"https:\/\/elmetropolitano.com.gt\/es\/wp-content\/uploads\/2021\/11\/cintillo-arrin-cual-1.jpg 750w, https:\/\/elmetropolitano.com.gt\/es\/wp-content\/uploads\/2021\/11\/cintillo-arrin-cual-1-300x36.jpg 300w, https:\/\/elmetropolitano.com.gt\/es\/wp-content\/uploads\/2021\/11\/cintillo-arrin-cual-1-600x72.jpg 600w\" sizes=\"(max-width: 750px) 100vw, 750px\" width=\"750\" height=\"90\"   \/><\/a><\/div><\/div>\n\n\n\n<p>Asimismo, la Coordinadora Nacional para la Reducci\u00f3n de Desastres instal\u00f3 un puesto de mando para coordinar a la fuerza de tarea que se moviliza hacia la parte suroeste del volc\u00e1n de Agua para trabajar en la b\u00fasqueda y localizaci\u00f3n de las dos personas desaparecidas.<\/p>\n\n\n\n<p>Aeronave perdi\u00f3 contacto<\/p>\n\n\n\n<p>Adem\u00e1s, la informaci\u00f3n proporcionada por la Direcci\u00f3n General de Aeron\u00e1utica Civil (DGAC) asegura que la torre de control a\u00e9reo perdi\u00f3 contacto a las 10:30 horas del lunes con los tripulantes de la aeronave matr\u00edcula C172-TGDUL cuando sobrevolaba por el volc\u00e1n de Agua.<\/p>\n\n\n\n<p>As\u00ed tambi\u00e9n, dieron a conocer que la aeronave parti\u00f3 del Aeropuerto Internacional La Aurora con destino a Retalhuleu y en ella viajaban el piloto \u00c9dgar Ren\u00e9 Reyes Garzona y Fernando Antonio M\u00e9ndez, como acompa\u00f1ante.<\/p>\n\n\n\n<p>Agregaron que la avioneta contaba con el suficiente combustible como para sobrevolar por m\u00e1s de tres horas, pero que desconocen hasta el momento qu\u00e9 pudo ocurrirles antes de perder contacto con la torre de control.<\/p>\n\n\n\n<p>Contin\u00faan b\u00fasqueda<\/p>\n\n\n\n<p>Mientras tanto, los socorristas contin\u00faan la b\u00fasqueda de los tripulantes en las faldas del volc\u00e1n de Agua. Tambi\u00e9n se dio a conocer que para avanzar en el barrido de b\u00fasqueda se utilizar\u00e1n drones para localizarlos.<\/p>\n\n\n\n<p>Estuardo Mart\u00ednez<\/p>\n\n\n\n<p>#metroredes <a href=\"http:\/\/www.elmetropolitano.com.gt\">www.elmetropolitano.com.gt<\/a> <a href=\"http:\/\/www.metroredes.com\">www.metroredes.com<\/a> <a href=\"http:\/\/www.elescuintleco.com\">www.elescuintleco.com<\/a><\/p>\n\n\n\n<figure class=\"wp-block-gallery has-nested-images columns-default is-cropped wp-block-gallery-1 is-layout-flex wp-block-gallery-is-layout-flex\">\n<figure class=\"wp-block-image size-large\"><img loading=\"lazy\" decoding=\"async\" width=\"720\" height=\"720\" data-id=\"85875\" src=\"https:\/\/elmetropolitano.com.gt\/es\/wp-content\/uploads\/2024\/07\/450212348_122153056346134468_7616968961686396735_n.jpg\" alt=\"\" class=\"wp-image-85875\" srcset=\"https:\/\/elmetropolitano.com.gt\/es\/wp-content\/uploads\/2024\/07\/450212348_122153056346134468_7616968961686396735_n.jpg 720w, https:\/\/elmetropolitano.com.gt\/es\/wp-content\/uploads\/2024\/07\/450212348_122153056346134468_7616968961686396735_n-300x300.jpg 300w, https:\/\/elmetropolitano.com.gt\/es\/wp-content\/uploads\/2024\/07\/450212348_122153056346134468_7616968961686396735_n-150x150.jpg 150w\" sizes=\"auto, (max-width: 720px) 100vw, 720px\" \/><\/figure>\n\n\n\n<figure class=\"wp-block-image size-large\"><img loading=\"lazy\" decoding=\"async\" width=\"640\" height=\"360\" data-id=\"85876\" src=\"https:\/\/elmetropolitano.com.gt\/es\/wp-content\/uploads\/2024\/07\/450479190_122153056412134468_4089310945971522330_n.jpg\" alt=\"\" class=\"wp-image-85876\" srcset=\"https:\/\/elmetropolitano.com.gt\/es\/wp-content\/uploads\/2024\/07\/450479190_122153056412134468_4089310945971522330_n.jpg 640w, https:\/\/elmetropolitano.com.gt\/es\/wp-content\/uploads\/2024\/07\/450479190_122153056412134468_4089310945971522330_n-300x169.jpg 300w\" sizes=\"auto, (max-width: 640px) 100vw, 640px\" \/><\/figure>\n\n\n\n<figure class=\"wp-block-image size-large\"><img loading=\"lazy\" decoding=\"async\" width=\"910\" height=\"1024\" data-id=\"85877\" src=\"https:\/\/elmetropolitano.com.gt\/es\/wp-content\/uploads\/2024\/07\/450534507_122153056508134468_6016428296561062694_n-910x1024.jpg\" alt=\"\" class=\"wp-image-85877\" srcset=\"https:\/\/elmetropolitano.com.gt\/es\/wp-content\/uploads\/2024\/07\/450534507_122153056508134468_6016428296561062694_n-910x1024.jpg 910w, https:\/\/elmetropolitano.com.gt\/es\/wp-content\/uploads\/2024\/07\/450534507_122153056508134468_6016428296561062694_n-267x300.jpg 267w, https:\/\/elmetropolitano.com.gt\/es\/wp-content\/uploads\/2024\/07\/450534507_122153056508134468_6016428296561062694_n-768x864.jpg 768w, https:\/\/elmetropolitano.com.gt\/es\/wp-content\/uploads\/2024\/07\/450534507_122153056508134468_6016428296561062694_n.jpg 1289w\" sizes=\"auto, (max-width: 910px) 100vw, 910px\" \/><\/figure>\n\n\n\n<figure class=\"wp-block-image size-large\"><img loading=\"lazy\" decoding=\"async\" width=\"1024\" height=\"768\" data-id=\"85878\" src=\"https:\/\/elmetropolitano.com.gt\/es\/wp-content\/uploads\/2024\/07\/GSDZss-WUAA2ROZ-1024x768.jpg\" alt=\"\" class=\"wp-image-85878\" srcset=\"https:\/\/elmetropolitano.com.gt\/es\/wp-content\/uploads\/2024\/07\/GSDZss-WUAA2ROZ-1024x768.jpg 1024w, https:\/\/elmetropolitano.com.gt\/es\/wp-content\/uploads\/2024\/07\/GSDZss-WUAA2ROZ-300x225.jpg 300w, https:\/\/elmetropolitano.com.gt\/es\/wp-content\/uploads\/2024\/07\/GSDZss-WUAA2ROZ-768x576.jpg 768w, https:\/\/elmetropolitano.com.gt\/es\/wp-content\/uploads\/2024\/07\/GSDZss-WUAA2ROZ.jpg 1280w\" sizes=\"auto, (max-width: 1024px) 100vw, 1024px\" \/><\/figure>\n<\/figure>\n","protected":false},"excerpt":{"rendered":"<p>Tras m\u00e1s de 24 horas de que se perdiera contacto con los tripulantes de una avioneta, las labores de b\u00fasqueda y rescate contin\u00faan por parte de los cuerpos de socorro en las faldas del volc\u00e1n de Agua. En el segundo d\u00eda de b\u00fasqueda, los integrantes de la Patrulla Especial de Rescate de la Asociaci\u00f3n Nacional <a class=\"read-more\" href=\"https:\/\/elmetropolitano.com.gt\/es\/conred-mantiene-coordinacion-de-la-busqueda-de-aeronave-que-lleva-desaparecida-24-horas\/\">Leer m\u00e1s<\/a><\/p>\n","protected":false},"author":1,"featured_media":85874,"comment_status":"open","ping_status":"closed","sticky":false,"template":"","format":"standard","meta":{"footnotes":""},"categories":[4],"tags":[13],"class_list":["post-85873","post","type-post","status-publish","format-standard","has-post-thumbnail","hentry","category-departamentales","tag-departamentales"],"_links":{"self":[{"href":"https:\/\/elmetropolitano.com.gt\/es\/wp-json\/wp\/v2\/posts\/85873","targetHints":{"allow":["GET"]}}],"collection":[{"href":"https:\/\/elmetropolitano.com.gt\/es\/wp-json\/wp\/v2\/posts"}],"about":[{"href":"https:\/\/elmetropolitano.com.gt\/es\/wp-json\/wp\/v2\/types\/post"}],"author":[{"embeddable":true,"href":"https:\/\/elmetropolitano.com.gt\/es\/wp-json\/wp\/v2\/users\/1"}],"replies":[{"embeddable":true,"href":"https:\/\/elmetropolitano.com.gt\/es\/wp-json\/wp\/v2\/comments?post=85873"}],"version-history":[{"count":1,"href":"https:\/\/elmetropolitano.com.gt\/es\/wp-json\/wp\/v2\/posts\/85873\/revisions"}],"predecessor-version":[{"id":85879,"href":"https:\/\/elmetropolitano.com.gt\/es\/wp-json\/wp\/v2\/posts\/85873\/revisions\/85879"}],"wp:featuredmedia":[{"embeddable":true,"href":"https:\/\/elmetropolitano.com.gt\/es\/wp-json\/wp\/v2\/media\/85874"}],"wp:attachment":[{"href":"https:\/\/elmetropolitano.com.gt\/es\/wp-json\/wp\/v2\/media?parent=85873"}],"wp:term":[{"taxonomy":"category","embeddable":true,"href":"https:\/\/elmetropolitano.com.gt\/es\/wp-json\/wp\/v2\/categories?post=85873"},{"taxonomy":"post_tag","embeddable":true,"href":"https:\/\/elmetropolitano.com.gt\/es\/wp-json\/wp\/v2\/tags?post=85873"}],"curies":[{"name":"wp","href":"https:\/\/api.w.org\/{rel}","templated":true}]}}