{"id":86189,"date":"2024-07-16T10:35:23","date_gmt":"2024-07-16T16:35:23","guid":{"rendered":"https:\/\/elmetropolitano.com.gt\/es\/?p=86189"},"modified":"2024-07-16T10:35:23","modified_gmt":"2024-07-16T16:35:23","slug":"la-importancia-del-derecho-laboral-como-un-derecho-humano","status":"publish","type":"post","link":"https:\/\/elmetropolitano.com.gt\/es\/la-importancia-del-derecho-laboral-como-un-derecho-humano\/","title":{"rendered":"La Importancia del Derecho Laboral como un derecho Humano"},"content":{"rendered":"\n<p>En el vasto y complejo entramado de los Derechos Humanos, el Derecho Laboral se erige como una columna vertebral esencial. No solo protege las condiciones de trabajo, sino que tambi\u00e9n garantiza la dignidad y el bienestar de millones de<\/p>\n\n\n\n<p>trabajadores en todo el mundo.<\/p><div class=\"elmet-contenido\" id=\"elmet-2959897480\"><div class=\"elmet-adlabel\">Anuncios<\/div><div style=\"margin-top: 20px;margin-right: 20px;margin-bottom: 20px;margin-left: 20px;\" id=\"elmet-3987651067\"><a href=\"https:\/\/www.facebook.com\/arrincuanantigua\/\" aria-label=\"cintillo-arrin-cual\"><img loading=\"lazy\" decoding=\"async\" src=\"https:\/\/elmetropolitano.com.gt\/es\/wp-content\/uploads\/2021\/11\/cintillo-arrin-cual-1.jpg\" alt=\"\"  srcset=\"https:\/\/elmetropolitano.com.gt\/es\/wp-content\/uploads\/2021\/11\/cintillo-arrin-cual-1.jpg 750w, https:\/\/elmetropolitano.com.gt\/es\/wp-content\/uploads\/2021\/11\/cintillo-arrin-cual-1-300x36.jpg 300w, https:\/\/elmetropolitano.com.gt\/es\/wp-content\/uploads\/2021\/11\/cintillo-arrin-cual-1-600x72.jpg 600w\" sizes=\"(max-width: 750px) 100vw, 750px\" width=\"750\" height=\"90\"   \/><\/a><\/div><\/div>\n\n\n\n<p>Su <a><\/a>importancia, sin embargo, va mucho m\u00e1s all\u00e1 de los aspectos puramente laborales, abarcando dimensiones fundamentales de<\/p>\n\n\n\n<p>justicia social y equidad.<\/p>\n\n\n\n<p>El Derecho Laboral, en su esencia, se centra en la protecci\u00f3n del trabajador frente a los abusos potenciales del empleador, asegurando condiciones de trabajo justas y equitativas.<\/p>\n\n\n\n<p>Esto incluye aspectos como el salario digno, la seguridad en el lugar de trabajo, la jornada laboral razonable y la protecci\u00f3n contra el despido<\/p>\n\n\n\n<p>injustificado. Estas garant\u00edas no solo buscan equilibrar la relaci\u00f3n de poder entre empleador y empleado, sino que tambi\u00e9n permiten que los trabajadores vivan con dignidad y seguridad.<\/p>\n\n\n\n<p>Un aspecto crucial del Derecho Laboral es su relaci\u00f3n directa con la justicia social. En sociedades donde la desigualdad econ\u00f3mica es pronunciada, las leyes laborales juegan un papel esencial en la redistribuci\u00f3n de la riqueza y en la reducci\u00f3n de la pobreza. Al garantizar un salario m\u00ednimo y condiciones de trabajo<\/p>\n\n\n\n<p>dignas, el derecho laboral ayuda a cerrar la brecha entre ricos y pobres,<\/p>\n\n\n\n<p>promoviendo una sociedad m\u00e1s justa y equitativa.<\/p>\n\n\n\n<p>Adem\u00e1s, el Derecho Laboral es un instrumento fundamental para la estabilidad social. Cuando los trabajadores sienten que sus derechos est\u00e1n protegidos y que sus voces son escuchadas, hay una mayor cohesi\u00f3n social y una menor propensi\u00f3n a los conflictos laborales. Esto, a su vez, contribuye a un entorno econ\u00f3mico m\u00e1s estable y predecible, beneficioso tanto para los empleados como<\/p>\n\n\n\n<p>para los empleadores.<\/p>\n\n\n\n<p>La globalizaci\u00f3n y las din\u00e1micas cambiantes del mercado laboral presentan nuevos desaf\u00edos para el Derecho Laboral. En muchos pa\u00edses, la creciente informalidad del trabajo y las pr\u00e1cticas laborales precarias est\u00e1n erosionando los derechos de los trabajadores. En este contexto, es crucial reforzar las leyes laborales y adaptarlas a las nuevas realidades econ\u00f3micas. Esto no solo proteger\u00e1<\/p>\n\n\n\n<p>a los trabajadores, sino que tambi\u00e9n fomentar\u00e1 un desarrollo econ\u00f3mico m\u00e1s sostenible y humano.<\/p>\n\n\n\n<p>El Derecho Laboral no debe ser visto simplemente como un conjunto de normas t\u00e9cnicas o burocr\u00e1ticas. Es una manifestaci\u00f3n concreta de la dignidad humana y un reflejo de los valores de justicia y equidad que toda sociedad debe aspirar a alcanzar. Cada vez que se asegura un salario justo, se garantiza un ambiente de trabajo seguro o se protege a un trabajador de un despido injusto, se est\u00e1 dando<\/p>\n\n\n\n<p>un paso hacia una sociedad m\u00e1s humana y justa.<\/p>\n\n\n\n<p>En conclusi\u00f3n, el Derecho Laboral es una piedra angular de los derechos<\/p>\n\n\n\n<p>humanos. Su importancia radica no solo en la protecci\u00f3n de los trabajadores, sino tambi\u00e9n en su capacidad para promover la justicia social, la estabilidad econ\u00f3mica y la cohesi\u00f3n social. En un mundo en constante cambio, es esencial<\/p>\n\n\n\n<p>que sigamos defendiendo y fortaleciendo estos derechos, reconociendo que la dignidad y el bienestar de los trabajadores son fundamentales para el progreso y<\/p>\n\n\n\n<p>la humanidad de nuestras sociedades.<\/p>\n","protected":false},"excerpt":{"rendered":"<p>En el vasto y complejo entramado de los Derechos Humanos, el Derecho Laboral se erige como una columna vertebral esencial. No solo protege las condiciones de trabajo, sino que tambi\u00e9n garantiza la dignidad y el bienestar de millones de trabajadores en todo el mundo. Su importancia, sin embargo, va mucho m\u00e1s all\u00e1 de los aspectos <a class=\"read-more\" href=\"https:\/\/elmetropolitano.com.gt\/es\/la-importancia-del-derecho-laboral-como-un-derecho-humano\/\">Leer m\u00e1s<\/a><\/p>\n","protected":false},"author":1,"featured_media":86190,"comment_status":"open","ping_status":"closed","sticky":false,"template":"","format":"standard","meta":{"footnotes":""},"categories":[23],"tags":[25],"class_list":["post-86189","post","type-post","status-publish","format-standard","has-post-thumbnail","hentry","category-opinion","tag-opinion"],"_links":{"self":[{"href":"https:\/\/elmetropolitano.com.gt\/es\/wp-json\/wp\/v2\/posts\/86189","targetHints":{"allow":["GET"]}}],"collection":[{"href":"https:\/\/elmetropolitano.com.gt\/es\/wp-json\/wp\/v2\/posts"}],"about":[{"href":"https:\/\/elmetropolitano.com.gt\/es\/wp-json\/wp\/v2\/types\/post"}],"author":[{"embeddable":true,"href":"https:\/\/elmetropolitano.com.gt\/es\/wp-json\/wp\/v2\/users\/1"}],"replies":[{"embeddable":true,"href":"https:\/\/elmetropolitano.com.gt\/es\/wp-json\/wp\/v2\/comments?post=86189"}],"version-history":[{"count":1,"href":"https:\/\/elmetropolitano.com.gt\/es\/wp-json\/wp\/v2\/posts\/86189\/revisions"}],"predecessor-version":[{"id":86191,"href":"https:\/\/elmetropolitano.com.gt\/es\/wp-json\/wp\/v2\/posts\/86189\/revisions\/86191"}],"wp:featuredmedia":[{"embeddable":true,"href":"https:\/\/elmetropolitano.com.gt\/es\/wp-json\/wp\/v2\/media\/86190"}],"wp:attachment":[{"href":"https:\/\/elmetropolitano.com.gt\/es\/wp-json\/wp\/v2\/media?parent=86189"}],"wp:term":[{"taxonomy":"category","embeddable":true,"href":"https:\/\/elmetropolitano.com.gt\/es\/wp-json\/wp\/v2\/categories?post=86189"},{"taxonomy":"post_tag","embeddable":true,"href":"https:\/\/elmetropolitano.com.gt\/es\/wp-json\/wp\/v2\/tags?post=86189"}],"curies":[{"name":"wp","href":"https:\/\/api.w.org\/{rel}","templated":true}]}}