{"id":86192,"date":"2024-07-16T10:37:28","date_gmt":"2024-07-16T16:37:28","guid":{"rendered":"https:\/\/elmetropolitano.com.gt\/es\/?p=86192"},"modified":"2024-07-16T10:37:29","modified_gmt":"2024-07-16T16:37:29","slug":"restriccion-de-transporte-pesado-en-santa-lucia-milpas-altas","status":"publish","type":"post","link":"https:\/\/elmetropolitano.com.gt\/es\/restriccion-de-transporte-pesado-en-santa-lucia-milpas-altas\/","title":{"rendered":"Restricci\u00f3n de transporte pesado en Santa Luc\u00eda Milpas Altas"},"content":{"rendered":"\n<p>El Concejo Municipal de Santa Lucia Milpas Altas y el alcalde Luis Orlando Guerra, acordaron restringir la circulaci\u00f3n y paso de veh\u00edculos del transporte pesado de carga y descarga por este municipio en tres diferentes horarios.<\/p>\n\n\n\n<p><a><\/a>Debido al da\u00f1o que han sufrido las rutas y carreteras principales del pa\u00eds, sobre todo las que conducen y permiten circular al transporte de carga, hacia la costa sur de Guatemala, las calles y v\u00edas urbanas de Santa Lucia Milpas Altas se han visto saturadas y altamente congestionadas, afectando la movilidad y la circulaci\u00f3n vehicular, adem\u00e1s de poner en alto riesgo peatonal a nuestros j\u00f3venes y ni\u00f1os en horarios de ingreso y egreso a sus centros educativos.<\/p><div class=\"elmet-contenido\" id=\"elmet-3114780791\"><div class=\"elmet-adlabel\">Anuncios<\/div><div style=\"margin-top: 20px;margin-right: 20px;margin-bottom: 20px;margin-left: 20px;\" id=\"elmet-2662200911\"><a href=\"https:\/\/www.facebook.com\/arrincuanantigua\/\" aria-label=\"cintillo-arrin-cual\"><img loading=\"lazy\" decoding=\"async\" src=\"https:\/\/elmetropolitano.com.gt\/es\/wp-content\/uploads\/2021\/11\/cintillo-arrin-cual-1.jpg\" alt=\"\"  srcset=\"https:\/\/elmetropolitano.com.gt\/es\/wp-content\/uploads\/2021\/11\/cintillo-arrin-cual-1.jpg 750w, https:\/\/elmetropolitano.com.gt\/es\/wp-content\/uploads\/2021\/11\/cintillo-arrin-cual-1-300x36.jpg 300w, https:\/\/elmetropolitano.com.gt\/es\/wp-content\/uploads\/2021\/11\/cintillo-arrin-cual-1-600x72.jpg 600w\" sizes=\"(max-width: 750px) 100vw, 750px\" width=\"750\" height=\"90\"   \/><\/a><\/div><\/div>\n\n\n\n<p>Por esta raz\u00f3n el consejo municipal en pleno, acord\u00f3 restringir el paso y la circulaci\u00f3n de veh\u00edculos del transporte pesado en el casco urbano y rutas aleda\u00f1as del municipio de Santa Lucia Milpas Altas en el departamento de Sacatep\u00e9quez, en los siguientes horarios, de 06:00 a 8:00 am de 12:00 a 14:00 pm y de 17:00 a 20:00 horas, estos horarios estar\u00e1n vigentes de lunes a viernes.<\/p>\n\n\n\n<p>Estas restricciones aplican para el transporte desde 6 toneladas en adelante, como los son los conocidos tr\u00e1iler que transportan plataformas y furgones de hasta 53 pies, as\u00ed tambi\u00e9n pipas de combustible, camiones de volteo y maquinaria pesada adem\u00e1s de este tipo de transporte tambi\u00e9n est\u00e1 prohibida la circulaci\u00f3n de veh\u00edculos que transporten alimentos no precederos y que abastezcan tiendas y comercios<\/p>\n\n\n\n<p>Los veh\u00edculos que si podr\u00e1n circular sin ninguna prohibici\u00f3n ser\u00e1n los siguientes; camiones que abastezcan de agua potable, camiones recolectores de basura, as\u00ed como los transportes que trasladen productos precederos como, carnes, pollo, helados, embutidos l\u00e1cteos y las llamadas gr\u00faas, estas \u00faltimas tendr\u00e1n que comprobar que se dirigen a asistir a alg\u00fan veh\u00edculo que est\u00e9 sufriendo fallas o desperfectos mec\u00e1nicos y que se encuentre obstaculizando la v\u00eda publica.<\/p>\n\n\n\n<p>Los conductores de este tipo de transporte que no acaten estas medidas y horarios de restricci\u00f3n estar\u00e1n recibiendo multas econ\u00f3micas, por parte de las autoridades municipales encargadas de hacer cumplir estas medidas, las multas podr\u00e1n ir desde los Q. 2,000.00 hasta los Q. 5,000.00. estas medidas entran en vigencia a partir del d\u00eda lunes 15 de julio del 2024, pues ya ha sido publicado en el diario oficial o Diario de Centro Am\u00e9rica, como lo manda y lo establece la ley.<\/p>\n\n\n\n<p>Texto: Estuardo Villalobos Roca<\/p>\n\n\n\n<p><a href=\"https:\/\/www.facebook.com\/hashtag\/munisantaluciamilpasaltas?__eep__=6&amp;__cft__[0]=AZXYelgCHntlfj2ssmjwVjk4S6ux-VQdNatkX6zSsu_i8Mez7d_mbchGwGqej0r3QZVo94NtP-pjFPcrh2rteBf8WO_V1c1R4FTw8Yj8MzI8FngNyKi5S-yndMRl2eC3EkilBWQZM5MH938g8wTuj18140qkcHANDuQ7s87XikJ1U0uWtWDcOhWMARGqhIQ-K7sitB25SrVGgm71zfHGDCgF&amp;__tn__=*NK-R\">#MuniSantaLuciaMilpasAltas<\/a><a href=\"https:\/\/www.facebook.com\/hashtag\/metroredes?__eep__=6&amp;__cft__[0]=AZXYelgCHntlfj2ssmjwVjk4S6ux-VQdNatkX6zSsu_i8Mez7d_mbchGwGqej0r3QZVo94NtP-pjFPcrh2rteBf8WO_V1c1R4FTw8Yj8MzI8FngNyKi5S-yndMRl2eC3EkilBWQZM5MH938g8wTuj18140qkcHANDuQ7s87XikJ1U0uWtWDcOhWMARGqhIQ-K7sitB25SrVGgm71zfHGDCgF&amp;__tn__=*NK-R\">#metroredes<\/a><a href=\"https:\/\/www.facebook.com\/hashtag\/caosvial?__eep__=6&amp;__cft__[0]=AZXYelgCHntlfj2ssmjwVjk4S6ux-VQdNatkX6zSsu_i8Mez7d_mbchGwGqej0r3QZVo94NtP-pjFPcrh2rteBf8WO_V1c1R4FTw8Yj8MzI8FngNyKi5S-yndMRl2eC3EkilBWQZM5MH938g8wTuj18140qkcHANDuQ7s87XikJ1U0uWtWDcOhWMARGqhIQ-K7sitB25SrVGgm71zfHGDCgF&amp;__tn__=*NK-R\">#CaosVial<\/a><\/p>\n\n\n\n<p><\/p>\n","protected":false},"excerpt":{"rendered":"<p>El Concejo Municipal de Santa Lucia Milpas Altas y el alcalde Luis Orlando Guerra, acordaron restringir la circulaci\u00f3n y paso de veh\u00edculos del transporte pesado de carga y descarga por este municipio en tres diferentes horarios. Debido al da\u00f1o que han sufrido las rutas y carreteras principales del pa\u00eds, sobre todo las que conducen y <a class=\"read-more\" href=\"https:\/\/elmetropolitano.com.gt\/es\/restriccion-de-transporte-pesado-en-santa-lucia-milpas-altas\/\">Leer m\u00e1s<\/a><\/p>\n","protected":false},"author":1,"featured_media":86193,"comment_status":"open","ping_status":"closed","sticky":false,"template":"","format":"standard","meta":{"footnotes":""},"categories":[119],"tags":[120],"class_list":["post-86192","post","type-post","status-publish","format-standard","has-post-thumbnail","hentry","category-municipales","tag-municipales"],"_links":{"self":[{"href":"https:\/\/elmetropolitano.com.gt\/es\/wp-json\/wp\/v2\/posts\/86192","targetHints":{"allow":["GET"]}}],"collection":[{"href":"https:\/\/elmetropolitano.com.gt\/es\/wp-json\/wp\/v2\/posts"}],"about":[{"href":"https:\/\/elmetropolitano.com.gt\/es\/wp-json\/wp\/v2\/types\/post"}],"author":[{"embeddable":true,"href":"https:\/\/elmetropolitano.com.gt\/es\/wp-json\/wp\/v2\/users\/1"}],"replies":[{"embeddable":true,"href":"https:\/\/elmetropolitano.com.gt\/es\/wp-json\/wp\/v2\/comments?post=86192"}],"version-history":[{"count":1,"href":"https:\/\/elmetropolitano.com.gt\/es\/wp-json\/wp\/v2\/posts\/86192\/revisions"}],"predecessor-version":[{"id":86194,"href":"https:\/\/elmetropolitano.com.gt\/es\/wp-json\/wp\/v2\/posts\/86192\/revisions\/86194"}],"wp:featuredmedia":[{"embeddable":true,"href":"https:\/\/elmetropolitano.com.gt\/es\/wp-json\/wp\/v2\/media\/86193"}],"wp:attachment":[{"href":"https:\/\/elmetropolitano.com.gt\/es\/wp-json\/wp\/v2\/media?parent=86192"}],"wp:term":[{"taxonomy":"category","embeddable":true,"href":"https:\/\/elmetropolitano.com.gt\/es\/wp-json\/wp\/v2\/categories?post=86192"},{"taxonomy":"post_tag","embeddable":true,"href":"https:\/\/elmetropolitano.com.gt\/es\/wp-json\/wp\/v2\/tags?post=86192"}],"curies":[{"name":"wp","href":"https:\/\/api.w.org\/{rel}","templated":true}]}}