{"id":86267,"date":"2024-07-16T14:19:32","date_gmt":"2024-07-16T20:19:32","guid":{"rendered":"https:\/\/elmetropolitano.com.gt\/es\/?p=86267"},"modified":"2024-07-16T14:19:32","modified_gmt":"2024-07-16T20:19:32","slug":"este-sabado-es-la-feria-artesanal-bazar-de-calzado-en-el-municipio-de-pastores","status":"publish","type":"post","link":"https:\/\/elmetropolitano.com.gt\/es\/este-sabado-es-la-feria-artesanal-bazar-de-calzado-en-el-municipio-de-pastores\/","title":{"rendered":"Este s\u00e1bado es la feria artesanal Bazar de calzado en el municipio de Pastores"},"content":{"rendered":"\n<p>El Instituto Guatemalteco de Turismo (Inguat invit\u00f3 a la poblaci\u00f3n guatemalteca a participar en la primera feria artesanal Bazar de Calzado 2024, que tendr\u00e1 lugar en el municipio de Pastores, Sacatep\u00e9quez.<\/p>\n\n\n\n<p>La <a><\/a>feria se llevar\u00e1 a cabo el 20 y 21 de julio de 8:00 a 18:00 horas en la Calle Real de Pastores y contar\u00e1 con la participaci\u00f3n de zapateros artesanos de la regi\u00f3n, quienes ofrecer\u00e1n sus productos de gran calidad a excelentes precios.<\/p><div class=\"elmet-contenido\" id=\"elmet-4064482791\"><div class=\"elmet-adlabel\">Anuncios<\/div><div style=\"margin-top: 20px;margin-right: 20px;margin-bottom: 20px;margin-left: 20px;\" id=\"elmet-3857100993\"><a href=\"https:\/\/www.facebook.com\/arrincuanantigua\/\" aria-label=\"cintillo-arrin-cual\"><img loading=\"lazy\" decoding=\"async\" src=\"https:\/\/elmetropolitano.com.gt\/es\/wp-content\/uploads\/2021\/11\/cintillo-arrin-cual-1.jpg\" alt=\"\"  srcset=\"https:\/\/elmetropolitano.com.gt\/es\/wp-content\/uploads\/2021\/11\/cintillo-arrin-cual-1.jpg 750w, https:\/\/elmetropolitano.com.gt\/es\/wp-content\/uploads\/2021\/11\/cintillo-arrin-cual-1-300x36.jpg 300w, https:\/\/elmetropolitano.com.gt\/es\/wp-content\/uploads\/2021\/11\/cintillo-arrin-cual-1-600x72.jpg 600w\" sizes=\"(max-width: 750px) 100vw, 750px\" width=\"750\" height=\"90\"   \/><\/a><\/div><\/div>\n\n\n\n<p>De esa cuenta, el Inguat destaca que estos espacios tienen como finalidad dar a conocer la variedad de productos que Guatemala ofrece. Por lo tanto, se invita a descubrir estos art\u00edculos de calidad y durabilidad elaborados por artesanos de Pastores.<\/p>\n\n\n\n<p>Las mejores botas se fabrican en Pastores<\/p>\n\n\n\n<p>El municipio de San Dionisio Pastores es un referente de la talabarter\u00eda, especialmente en la fabricaci\u00f3n de botas de cuero. Este lugar es famoso por la elaboraci\u00f3n de estos productos artesanales y que han sido solicitados por nacionales y extranjeros debido a su calidad.<\/p>\n\n\n\n<p>Los artesanos de Pastores ofrecen una gran variedad de objetos de cuero, los cuales est\u00e1n hechos por profesionales con gran experiencia en el manejo de este material y que fabrican cuidadosamente y a mano cada uno de los art\u00edculos.<\/p>\n\n\n\n<p>La historia cuenta que fue en el a\u00f1o de 1965 que seis j\u00f3venes originarios de Pastores aprendieron el oficio de fabricaci\u00f3n de botas en la Antigua Guatemala.<\/p>\n\n\n\n<p>Estos j\u00f3venes pusieron en pr\u00e1ctica los conocimientos adquiridos, perfeccionaron la t\u00e9cnica y avanzaron creando su propio taller. Esto provoc\u00f3 que m\u00e1s personas se unieran al oficio, populariz\u00e1ndolo y adquiriendo su propio taller para comercializar los productos que de ah\u00ed resultaban.<\/p>\n\n\n\n<p><a href=\"https:\/\/www.facebook.com\/hashtag\/pastores?__eep__=6&amp;__cft__[0]=AZVHs5vGbu5Pj6rAXcq8xvqpIW0T6ELaSs4O9mmLNruGGvGxaWyB6RsnwkYGS32lxvsxioEnZKR3y2Dm3LY7oxu386MDYMD0Z_MpZfIw-Xtn2AA8Cd8mXHSolD8E-lmhv0msuVYhwa6NYezH6oA_RQjoQqNqmfvfaJL51mvIRTAyE9k5sKfOeP0A_0IW2JZLu9vZJHjhi0JM-kPttC2M-LZN&amp;__tn__=*NK-R\">#pastores<\/a><a href=\"https:\/\/www.facebook.com\/hashtag\/metroredes?__eep__=6&amp;__cft__[0]=AZVHs5vGbu5Pj6rAXcq8xvqpIW0T6ELaSs4O9mmLNruGGvGxaWyB6RsnwkYGS32lxvsxioEnZKR3y2Dm3LY7oxu386MDYMD0Z_MpZfIw-Xtn2AA8Cd8mXHSolD8E-lmhv0msuVYhwa6NYezH6oA_RQjoQqNqmfvfaJL51mvIRTAyE9k5sKfOeP0A_0IW2JZLu9vZJHjhi0JM-kPttC2M-LZN&amp;__tn__=*NK-R\">#metroredes<\/a><a href=\"https:\/\/www.facebook.com\/hashtag\/feriadelcalzado?__eep__=6&amp;__cft__[0]=AZVHs5vGbu5Pj6rAXcq8xvqpIW0T6ELaSs4O9mmLNruGGvGxaWyB6RsnwkYGS32lxvsxioEnZKR3y2Dm3LY7oxu386MDYMD0Z_MpZfIw-Xtn2AA8Cd8mXHSolD8E-lmhv0msuVYhwa6NYezH6oA_RQjoQqNqmfvfaJL51mvIRTAyE9k5sKfOeP0A_0IW2JZLu9vZJHjhi0JM-kPttC2M-LZN&amp;__tn__=*NK-R\">#feriadelcalzado<\/a><\/p>\n\n\n\n<p><\/p>\n","protected":false},"excerpt":{"rendered":"<p>El Instituto Guatemalteco de Turismo (Inguat invit\u00f3 a la poblaci\u00f3n guatemalteca a participar en la primera feria artesanal Bazar de Calzado 2024, que tendr\u00e1 lugar en el municipio de Pastores, Sacatep\u00e9quez. La feria se llevar\u00e1 a cabo el 20 y 21 de julio de 8:00 a 18:00 horas en la Calle Real de Pastores y <a class=\"read-more\" href=\"https:\/\/elmetropolitano.com.gt\/es\/este-sabado-es-la-feria-artesanal-bazar-de-calzado-en-el-municipio-de-pastores\/\">Leer m\u00e1s<\/a><\/p>\n","protected":false},"author":1,"featured_media":86268,"comment_status":"open","ping_status":"closed","sticky":false,"template":"","format":"standard","meta":{"footnotes":""},"categories":[3],"tags":[10],"class_list":["post-86267","post","type-post","status-publish","format-standard","has-post-thumbnail","hentry","category-locales","tag-locales"],"_links":{"self":[{"href":"https:\/\/elmetropolitano.com.gt\/es\/wp-json\/wp\/v2\/posts\/86267","targetHints":{"allow":["GET"]}}],"collection":[{"href":"https:\/\/elmetropolitano.com.gt\/es\/wp-json\/wp\/v2\/posts"}],"about":[{"href":"https:\/\/elmetropolitano.com.gt\/es\/wp-json\/wp\/v2\/types\/post"}],"author":[{"embeddable":true,"href":"https:\/\/elmetropolitano.com.gt\/es\/wp-json\/wp\/v2\/users\/1"}],"replies":[{"embeddable":true,"href":"https:\/\/elmetropolitano.com.gt\/es\/wp-json\/wp\/v2\/comments?post=86267"}],"version-history":[{"count":1,"href":"https:\/\/elmetropolitano.com.gt\/es\/wp-json\/wp\/v2\/posts\/86267\/revisions"}],"predecessor-version":[{"id":86269,"href":"https:\/\/elmetropolitano.com.gt\/es\/wp-json\/wp\/v2\/posts\/86267\/revisions\/86269"}],"wp:featuredmedia":[{"embeddable":true,"href":"https:\/\/elmetropolitano.com.gt\/es\/wp-json\/wp\/v2\/media\/86268"}],"wp:attachment":[{"href":"https:\/\/elmetropolitano.com.gt\/es\/wp-json\/wp\/v2\/media?parent=86267"}],"wp:term":[{"taxonomy":"category","embeddable":true,"href":"https:\/\/elmetropolitano.com.gt\/es\/wp-json\/wp\/v2\/categories?post=86267"},{"taxonomy":"post_tag","embeddable":true,"href":"https:\/\/elmetropolitano.com.gt\/es\/wp-json\/wp\/v2\/tags?post=86267"}],"curies":[{"name":"wp","href":"https:\/\/api.w.org\/{rel}","templated":true}]}}