{"id":86684,"date":"2024-07-25T09:46:10","date_gmt":"2024-07-25T15:46:10","guid":{"rendered":"https:\/\/elmetropolitano.com.gt\/es\/?p=86684"},"modified":"2024-07-25T09:46:11","modified_gmt":"2024-07-25T15:46:11","slug":"hasta-la-medula-un-libro-para-replantear-la-lucha-y-el-crecimiento-personal","status":"publish","type":"post","link":"https:\/\/elmetropolitano.com.gt\/es\/hasta-la-medula-un-libro-para-replantear-la-lucha-y-el-crecimiento-personal\/","title":{"rendered":"Hasta la m\u00e9dula, un libro para replantear la lucha y el crecimiento personal"},"content":{"rendered":"\n<p>Es la historia de un joven que a pesar de las adversidades nos demuestra que, \u201csin pausa, pero sin prisa\u201d, se lucha por los sue\u00f1os.<\/p>\n\n\n\n<p>Juan Diego Granai, es un joven guatemalteco y apasionado por la vida, que luego de una dif\u00edcil experiencia, encontr\u00f3 fuerza y resiliencia para seguir luchando.<\/p><div class=\"elmet-contenido\" id=\"elmet-2679173062\"><div class=\"elmet-adlabel\">Anuncios<\/div><div style=\"margin-top: 20px;margin-right: 20px;margin-bottom: 20px;margin-left: 20px;\" id=\"elmet-3696332055\"><a href=\"https:\/\/www.facebook.com\/arrincuanantigua\/\" aria-label=\"cintillo-arrin-cual\"><img loading=\"lazy\" decoding=\"async\" src=\"https:\/\/elmetropolitano.com.gt\/es\/wp-content\/uploads\/2021\/11\/cintillo-arrin-cual-1.jpg\" alt=\"\"  srcset=\"https:\/\/elmetropolitano.com.gt\/es\/wp-content\/uploads\/2021\/11\/cintillo-arrin-cual-1.jpg 750w, https:\/\/elmetropolitano.com.gt\/es\/wp-content\/uploads\/2021\/11\/cintillo-arrin-cual-1-300x36.jpg 300w, https:\/\/elmetropolitano.com.gt\/es\/wp-content\/uploads\/2021\/11\/cintillo-arrin-cual-1-600x72.jpg 600w\" sizes=\"(max-width: 750px) 100vw, 750px\" width=\"750\" height=\"90\"   \/><\/a><\/div><\/div>\n\n\n\n<p>Basado <a><\/a>en su historia, Juan Diego escribe el libro titulado: \u201cHasta la M\u00e9dula\u201d en d\u00f3nde a trav\u00e9s de 154 p\u00e1ginas y espacios de reflexi\u00f3n breve, busca motivar a los lectores y a encontrar esa luz para afrontar la realidad con la mayor fuerza posible y con un prop\u00f3sito.<\/p>\n\n\n\n<p>\u201cEl libro, no solamente es una reflexi\u00f3n personal para el lector, sino que es una historia de c\u00f3mo no rendirse a pesar de los momentos dif\u00edciles que se puede atravesar. Estas p\u00e1ginas buscan contar una historia de la vida real, en donde la vulnerabilidad es su esencia\u201d afirma Juan Diego Granai.<\/p>\n\n\n\n<p>Sobre el libro<\/p>\n\n\n\n<p>Narra la vida de su autor, Juan Diego Granai y c\u00f3mo enfrent\u00f3 un accidente que lo llev\u00f3 a conocer la fortaleza que tiene, la resiliencia para no dejarse vencer y, todas las experiencias que lo llevaron a afrontar su recuperaci\u00f3n y proceso de sanaci\u00f3n f\u00edsica y mental.<\/p>\n\n\n\n<p>El libro tambi\u00e9n nos muestra una cr\u00f3nica del d\u00eda del accidente, desde el momento que se levant\u00f3 hasta el protagonista entrando a la sala de operaciones. Luego contin\u00faa la historia describiendo la lucha posterior a los diagn\u00f3sticos m\u00e9dicos.<\/p>\n\n\n\n<p>\u201cDentro de todos los cap\u00edtulos hay espacios para breves reflexiones en forma de preguntas. Es un libro de mucha introspecci\u00f3n personal para el lector, siendo la base una historia de vida real que describe desde mi ni\u00f1ez hasta el presente, afirma Juan Diego Granai.<\/p>\n\n\n\n<p>Sin pausa, pero sin prisa<\/p>\n\n\n\n<p>En el proceso de escritura y motivado a continuar ayudando a quienes no tienen acceso a un seguimiento completo en el contexto m\u00e9dico, Juan Diego crea la fundaci\u00f3n \u201cSin pausa, pero sin prisa\u201d.<\/p>\n\n\n\n<p>Esta busca darle una oportunidad de recuperaci\u00f3n a quienes no cuentan con los medios para recibirla y busca ayudar a personas con lesiones medulares para que su proceso no solamente se va enfocado en una recuperaci\u00f3n muscular, sino que tambi\u00e9n sea integral.<\/p>\n\n\n\n<p>La instituci\u00f3n brindar\u00e1 servicios de terapia, educaci\u00f3n y capacitaci\u00f3n de personal hospitalario y se tiene previsto iniciar labores a partir del 2025.<\/p>\n\n\n\n<p>\u201cSin pausa, pero sin prisa, busca ser un centro de terapia para todos los guatemaltecos, que los ayude a encontrar su fuerza f\u00edsica e interna para superar todas las adversidades, para encontrar la verdadera felicidad\u201d expres\u00f3 Granai.<\/p>\n\n\n\n<p>El libro estar\u00e1 a la venta a partir del 25 de julio con un precio de US$4.99 en kindle, US$29.99 en Amazon y Q250 en Sophos.<\/p>\n\n\n\n<p>Sobre Juan Diego Granai<\/p>\n\n\n\n<p>Guatemalteco, Analista de planeaci\u00f3n financiera y escritor. Un joven resiliente amante de los deportes y activo. Tambi\u00e9n se ha caracterizado por ser positivo y ver el lado bueno de las cosas. Tras su accidente ha buscado involucrarse en ayudar a m\u00e1s personas y contar su historia para inspirar a que con determinaci\u00f3n, trabajo duro y fe se puede salir adelante.<\/p>\n\n\n\n<p><a href=\"https:\/\/www.facebook.com\/hashtag\/hastalamedula?__eep__=6&amp;__cft__[0]=AZXdX7I-LadI5B5f3TR8e_EqWtdARmv9bQyRYOZPiLvJXMUMBd9CXX8GWzkeLi5ER1a11uEm0LKm14nwAbRPFU_Oxfr1KnPks-qAXGCggHm8GR67kJC-6cXHm6fKuupn45mv-WL9EO4B9ySGFnaQZ_5pfR-eTWzAVMTNyXn9Rs9R1r_UlGzFcguiQvxK5QLDSnDVFjgYSMrWAVt-hBTv4SC-&amp;__tn__=*NK-R\">#HastaLaMedula<\/a><a href=\"https:\/\/www.facebook.com\/hashtag\/metroredes?__eep__=6&amp;__cft__[0]=AZXdX7I-LadI5B5f3TR8e_EqWtdARmv9bQyRYOZPiLvJXMUMBd9CXX8GWzkeLi5ER1a11uEm0LKm14nwAbRPFU_Oxfr1KnPks-qAXGCggHm8GR67kJC-6cXHm6fKuupn45mv-WL9EO4B9ySGFnaQZ_5pfR-eTWzAVMTNyXn9Rs9R1r_UlGzFcguiQvxK5QLDSnDVFjgYSMrWAVt-hBTv4SC-&amp;__tn__=*NK-R\">#metroredes<\/a><\/p>\n\n\n\n<figure class=\"wp-block-gallery has-nested-images columns-default is-cropped wp-block-gallery-1 is-layout-flex wp-block-gallery-is-layout-flex\">\n<figure class=\"wp-block-image size-large\"><img loading=\"lazy\" decoding=\"async\" width=\"768\" height=\"1024\" data-id=\"86686\" src=\"https:\/\/elmetropolitano.com.gt\/es\/wp-content\/uploads\/2024\/07\/452234994_989894919803258_6646371165170767538_n-1-768x1024.jpg\" alt=\"\" class=\"wp-image-86686\" srcset=\"https:\/\/elmetropolitano.com.gt\/es\/wp-content\/uploads\/2024\/07\/452234994_989894919803258_6646371165170767538_n-1-768x1024.jpg 768w, https:\/\/elmetropolitano.com.gt\/es\/wp-content\/uploads\/2024\/07\/452234994_989894919803258_6646371165170767538_n-1-225x300.jpg 225w, https:\/\/elmetropolitano.com.gt\/es\/wp-content\/uploads\/2024\/07\/452234994_989894919803258_6646371165170767538_n-1-1152x1536.jpg 1152w, https:\/\/elmetropolitano.com.gt\/es\/wp-content\/uploads\/2024\/07\/452234994_989894919803258_6646371165170767538_n-1.jpg 1536w\" sizes=\"auto, (max-width: 768px) 100vw, 768px\" \/><\/figure>\n<\/figure>\n","protected":false},"excerpt":{"rendered":"<p>Es la historia de un joven que a pesar de las adversidades nos demuestra que, \u201csin pausa, pero sin prisa\u201d, se lucha por los sue\u00f1os. Juan Diego Granai, es un joven guatemalteco y apasionado por la vida, que luego de una dif\u00edcil experiencia, encontr\u00f3 fuerza y resiliencia para seguir luchando. Basado en su historia, Juan <a class=\"read-more\" href=\"https:\/\/elmetropolitano.com.gt\/es\/hasta-la-medula-un-libro-para-replantear-la-lucha-y-el-crecimiento-personal\/\">Leer m\u00e1s<\/a><\/p>\n","protected":false},"author":1,"featured_media":86685,"comment_status":"open","ping_status":"closed","sticky":false,"template":"","format":"standard","meta":{"footnotes":""},"categories":[29],"tags":[30],"class_list":["post-86684","post","type-post","status-publish","format-standard","has-post-thumbnail","hentry","category-culturales","tag-culturales"],"_links":{"self":[{"href":"https:\/\/elmetropolitano.com.gt\/es\/wp-json\/wp\/v2\/posts\/86684","targetHints":{"allow":["GET"]}}],"collection":[{"href":"https:\/\/elmetropolitano.com.gt\/es\/wp-json\/wp\/v2\/posts"}],"about":[{"href":"https:\/\/elmetropolitano.com.gt\/es\/wp-json\/wp\/v2\/types\/post"}],"author":[{"embeddable":true,"href":"https:\/\/elmetropolitano.com.gt\/es\/wp-json\/wp\/v2\/users\/1"}],"replies":[{"embeddable":true,"href":"https:\/\/elmetropolitano.com.gt\/es\/wp-json\/wp\/v2\/comments?post=86684"}],"version-history":[{"count":1,"href":"https:\/\/elmetropolitano.com.gt\/es\/wp-json\/wp\/v2\/posts\/86684\/revisions"}],"predecessor-version":[{"id":86687,"href":"https:\/\/elmetropolitano.com.gt\/es\/wp-json\/wp\/v2\/posts\/86684\/revisions\/86687"}],"wp:featuredmedia":[{"embeddable":true,"href":"https:\/\/elmetropolitano.com.gt\/es\/wp-json\/wp\/v2\/media\/86685"}],"wp:attachment":[{"href":"https:\/\/elmetropolitano.com.gt\/es\/wp-json\/wp\/v2\/media?parent=86684"}],"wp:term":[{"taxonomy":"category","embeddable":true,"href":"https:\/\/elmetropolitano.com.gt\/es\/wp-json\/wp\/v2\/categories?post=86684"},{"taxonomy":"post_tag","embeddable":true,"href":"https:\/\/elmetropolitano.com.gt\/es\/wp-json\/wp\/v2\/tags?post=86684"}],"curies":[{"name":"wp","href":"https:\/\/api.w.org\/{rel}","templated":true}]}}