{"id":86688,"date":"2024-07-25T09:48:55","date_gmt":"2024-07-25T15:48:55","guid":{"rendered":"https:\/\/elmetropolitano.com.gt\/es\/?p=86688"},"modified":"2024-07-25T09:48:55","modified_gmt":"2024-07-25T15:48:55","slug":"grupo-aje-aporta-al-museo-de-los-ninos-a-traves-de-aeroaventura-pulp","status":"publish","type":"post","link":"https:\/\/elmetropolitano.com.gt\/es\/grupo-aje-aporta-al-museo-de-los-ninos-a-traves-de-aeroaventura-pulp\/","title":{"rendered":"Grupo AJE aporta al Museo de los Ni\u00f1os a trav\u00e9s de AEROAVENTURA-PULP"},"content":{"rendered":"\n<p>\u2022 El proyecto es consistente con el compromiso de la marca de fomentar la educaci\u00f3n de la ni\u00f1ez guatemalteca de cara al futuro.<\/p>\n\n\n\n<p>\u2022 PULP ser\u00e1 la marca que acompa\u00f1e esta atracci\u00f3n educativa del Museo de los Ni\u00f1os que busca despertar en las nuevas generaciones el deseo de aprender y descubrir por s\u00ed mismos.<\/p><div class=\"elmet-contenido\" id=\"elmet-376666468\"><div class=\"elmet-adlabel\">Anuncios<\/div><div style=\"margin-top: 20px;margin-right: 20px;margin-bottom: 20px;margin-left: 20px;\" id=\"elmet-397946866\"><a href=\"https:\/\/www.facebook.com\/arrincuanantigua\/\" aria-label=\"cintillo-arrin-cual\"><img loading=\"lazy\" decoding=\"async\" src=\"https:\/\/elmetropolitano.com.gt\/es\/wp-content\/uploads\/2021\/11\/cintillo-arrin-cual-1.jpg\" alt=\"\"  srcset=\"https:\/\/elmetropolitano.com.gt\/es\/wp-content\/uploads\/2021\/11\/cintillo-arrin-cual-1.jpg 750w, https:\/\/elmetropolitano.com.gt\/es\/wp-content\/uploads\/2021\/11\/cintillo-arrin-cual-1-300x36.jpg 300w, https:\/\/elmetropolitano.com.gt\/es\/wp-content\/uploads\/2021\/11\/cintillo-arrin-cual-1-600x72.jpg 600w\" sizes=\"(max-width: 750px) 100vw, 750px\" width=\"750\" height=\"90\"   \/><\/a><\/div><\/div>\n\n\n\n<p>Guatemala, 23 de julio 2024. A trav\u00e9s de su marca PULP, Grupo AJE anunci\u00f3 hoy su alianza con el Museo de <a><\/a>los Ni\u00f1os y la Fuerza A\u00e9rea Guatemalteca durante la inauguraci\u00f3n de AEROAVENTURA-PULP, una forma divertida de aprender sobre aviaci\u00f3n, que reci\u00e9n abri\u00f3 sus puertas para la ni\u00f1ez guatemalteca.<\/p>\n\n\n\n<p>Consistente con el compromiso de Grupo AJE de apoyar iniciativas que contribuyan a educar y transformar as\u00ed las vidas de ni\u00f1os y ni\u00f1as de la regi\u00f3n de cara a un mejor futuro, la empresa se involucr\u00f3 en la creaci\u00f3n de esta atracci\u00f3n innovadora, apoyando con su marca PULP todo el proceso de su concepci\u00f3n y dise\u00f1o.<\/p>\n\n\n\n<p>\u201cCon este proyecto buscamos desarrollar una experiencia educativa para los m\u00e1s peque\u00f1os\u201d, dijo Gabriela Vides, Jefe de Marca para Grupo AJE. Explic\u00f3 que la iniciativa viene a sumarse al proyecto integral denominado -Colegios PULP-, a trav\u00e9s del cual la empresa se da a conocer a nivel nacional por medio de programas de reciclaje, apoyo al deporte y de visitas guiadas de estudiantes a la planta de producci\u00f3n, que s\u00f3lo durante el \u00faltimo a\u00f1o ha recibido a m\u00e1s de 5 mil ni\u00f1os.<\/p>\n\n\n\n<p>Adem\u00e1s de proporcionar un espacio seguro y divertido para aprender, AEROAVENTURA-PULP tambi\u00e9n fomenta en los ni\u00f1os la curiosidad y la pasi\u00f3n por descubrir el mundo, coincidiendo con la visi\u00f3n de Grupo AJE. Por lo anterior, la empresa ve en este apoyo una oportunidad de colocar a su marca PULP, en un sitio ideal para inspirar y crecer.<\/p>\n\n\n\n<p>Vides concluy\u00f3 diciendo que est\u00e1n muy orgullosos de esta iniciativa \u201cpues apunta justamente a nuestro compromiso de responsabilidad social y tiene el potencial de contribuir a formar generaciones conscientes, responsables y m\u00e1s s\u00f3lidas\u201d.<\/p>\n\n\n\n<p>Sobre Pulp<\/p>\n\n\n\n<p>La marca de n\u00e9ctares Pulp de Grupo AJE es una bebida dedicada a los ni\u00f1os, con ricos sabores a frutas que ofrecen una gran diversidad dentro de su portafolio.<\/p>\n\n\n\n<p>\u2022 Actualmente, est\u00e1 presente en 12 pa\u00edses de la regi\u00f3n, entre ellos Guatemala.<\/p>\n\n\n\n<p>\u2022 Aden\u00e1s de su rico sabor, es elaborada con pulpa de frutas y no contiene conservantes.<\/p>\n\n\n\n<p>\u2022 Se caracteriza por su autenticidad y uso de ingredientes naturales que contienen vitaminas C, B2 y B1.<\/p>\n\n\n\n<p>\u2022 La marca es parte del top 5 a nivel de Latinoam\u00e9rica, y es lider en Ecuador y Colombia, con el 76% y 46% de aceptaci\u00f3n en su categor\u00eda respectivamente.<\/p>\n\n\n\n<p>Su crecimiento en el \u00faltimo a\u00f1o fue de 12% respecto al periodo anterior, una tendencia que confirma su posicionamiento anual en el mercado<\/p>\n\n\n\n<figure class=\"wp-block-gallery has-nested-images columns-default is-cropped wp-block-gallery-1 is-layout-flex wp-block-gallery-is-layout-flex\">\n<figure class=\"wp-block-image size-large\"><img loading=\"lazy\" decoding=\"async\" width=\"769\" height=\"1024\" data-id=\"86691\" src=\"https:\/\/elmetropolitano.com.gt\/es\/wp-content\/uploads\/2024\/07\/451684318_989899426469474_2528921828851024061_n-769x1024.jpg\" alt=\"\" class=\"wp-image-86691\" srcset=\"https:\/\/elmetropolitano.com.gt\/es\/wp-content\/uploads\/2024\/07\/451684318_989899426469474_2528921828851024061_n-769x1024.jpg 769w, https:\/\/elmetropolitano.com.gt\/es\/wp-content\/uploads\/2024\/07\/451684318_989899426469474_2528921828851024061_n-225x300.jpg 225w, https:\/\/elmetropolitano.com.gt\/es\/wp-content\/uploads\/2024\/07\/451684318_989899426469474_2528921828851024061_n-768x1023.jpg 768w, https:\/\/elmetropolitano.com.gt\/es\/wp-content\/uploads\/2024\/07\/451684318_989899426469474_2528921828851024061_n-1153x1536.jpg 1153w, https:\/\/elmetropolitano.com.gt\/es\/wp-content\/uploads\/2024\/07\/451684318_989899426469474_2528921828851024061_n.jpg 1201w\" sizes=\"auto, (max-width: 769px) 100vw, 769px\" \/><\/figure>\n\n\n\n<figure class=\"wp-block-image size-large\"><img loading=\"lazy\" decoding=\"async\" width=\"1024\" height=\"769\" data-id=\"86690\" src=\"https:\/\/elmetropolitano.com.gt\/es\/wp-content\/uploads\/2024\/07\/452030709_989899459802804_8282581648092904396_n-1024x769.jpg\" alt=\"\" class=\"wp-image-86690\" srcset=\"https:\/\/elmetropolitano.com.gt\/es\/wp-content\/uploads\/2024\/07\/452030709_989899459802804_8282581648092904396_n-1024x769.jpg 1024w, https:\/\/elmetropolitano.com.gt\/es\/wp-content\/uploads\/2024\/07\/452030709_989899459802804_8282581648092904396_n-300x225.jpg 300w, https:\/\/elmetropolitano.com.gt\/es\/wp-content\/uploads\/2024\/07\/452030709_989899459802804_8282581648092904396_n-768x577.jpg 768w, https:\/\/elmetropolitano.com.gt\/es\/wp-content\/uploads\/2024\/07\/452030709_989899459802804_8282581648092904396_n.jpg 1280w\" sizes=\"auto, (max-width: 1024px) 100vw, 1024px\" \/><\/figure>\n<\/figure>\n","protected":false},"excerpt":{"rendered":"<p>\u2022 El proyecto es consistente con el compromiso de la marca de fomentar la educaci\u00f3n de la ni\u00f1ez guatemalteca de cara al futuro. \u2022 PULP ser\u00e1 la marca que acompa\u00f1e esta atracci\u00f3n educativa del Museo de los Ni\u00f1os que busca despertar en las nuevas generaciones el deseo de aprender y descubrir por s\u00ed mismos. Guatemala, <a class=\"read-more\" href=\"https:\/\/elmetropolitano.com.gt\/es\/grupo-aje-aporta-al-museo-de-los-ninos-a-traves-de-aeroaventura-pulp\/\">Leer m\u00e1s<\/a><\/p>\n","protected":false},"author":1,"featured_media":86689,"comment_status":"open","ping_status":"closed","sticky":false,"template":"","format":"standard","meta":{"footnotes":""},"categories":[29],"tags":[30],"class_list":["post-86688","post","type-post","status-publish","format-standard","has-post-thumbnail","hentry","category-culturales","tag-culturales"],"_links":{"self":[{"href":"https:\/\/elmetropolitano.com.gt\/es\/wp-json\/wp\/v2\/posts\/86688","targetHints":{"allow":["GET"]}}],"collection":[{"href":"https:\/\/elmetropolitano.com.gt\/es\/wp-json\/wp\/v2\/posts"}],"about":[{"href":"https:\/\/elmetropolitano.com.gt\/es\/wp-json\/wp\/v2\/types\/post"}],"author":[{"embeddable":true,"href":"https:\/\/elmetropolitano.com.gt\/es\/wp-json\/wp\/v2\/users\/1"}],"replies":[{"embeddable":true,"href":"https:\/\/elmetropolitano.com.gt\/es\/wp-json\/wp\/v2\/comments?post=86688"}],"version-history":[{"count":1,"href":"https:\/\/elmetropolitano.com.gt\/es\/wp-json\/wp\/v2\/posts\/86688\/revisions"}],"predecessor-version":[{"id":86692,"href":"https:\/\/elmetropolitano.com.gt\/es\/wp-json\/wp\/v2\/posts\/86688\/revisions\/86692"}],"wp:featuredmedia":[{"embeddable":true,"href":"https:\/\/elmetropolitano.com.gt\/es\/wp-json\/wp\/v2\/media\/86689"}],"wp:attachment":[{"href":"https:\/\/elmetropolitano.com.gt\/es\/wp-json\/wp\/v2\/media?parent=86688"}],"wp:term":[{"taxonomy":"category","embeddable":true,"href":"https:\/\/elmetropolitano.com.gt\/es\/wp-json\/wp\/v2\/categories?post=86688"},{"taxonomy":"post_tag","embeddable":true,"href":"https:\/\/elmetropolitano.com.gt\/es\/wp-json\/wp\/v2\/tags?post=86688"}],"curies":[{"name":"wp","href":"https:\/\/api.w.org\/{rel}","templated":true}]}}