{"id":86747,"date":"2024-07-26T09:50:41","date_gmt":"2024-07-26T15:50:41","guid":{"rendered":"https:\/\/elmetropolitano.com.gt\/es\/?p=86747"},"modified":"2024-07-26T09:50:41","modified_gmt":"2024-07-26T15:50:41","slug":"ee-uu-detiene-a-mayo-zambada-cofundador-del-cartel-de-sinaloa-y-al-hijo-del-chapo","status":"publish","type":"post","link":"https:\/\/elmetropolitano.com.gt\/es\/ee-uu-detiene-a-mayo-zambada-cofundador-del-cartel-de-sinaloa-y-al-hijo-del-chapo\/","title":{"rendered":"EE. UU. detiene a \u201cMayo\u201d Zambada, cofundador del C\u00e1rtel de Sinaloa y al hijo del Chapo"},"content":{"rendered":"\n<p>Estados Unidos detuvo en Texas este jueves a Ismael Mayo Zambada, l\u00edder y cofundador del C\u00e1rtel de Sinaloa, quien era buscado por las autoridades estadounidenses desde hace d\u00e9cadas y ten\u00eda una recompensa de 15 millones de d\u00f3lares, seg\u00fan el Departamento de Justicia.<\/p>\n\n\n\n<p>Junto a Zambada se arrest\u00f3 a Joaqu\u00edn Guzm\u00e1n L\u00f3pez, uno de los hijos de Joaqu\u00edn el Chapo Guzm\u00e1n.<\/p><div class=\"elmet-contenido\" id=\"elmet-1150352063\"><div class=\"elmet-adlabel\">Anuncios<\/div><div style=\"margin-top: 20px;margin-right: 20px;margin-bottom: 20px;margin-left: 20px;\" id=\"elmet-543497576\"><a href=\"https:\/\/www.facebook.com\/arrincuanantigua\/\" aria-label=\"cintillo-arrin-cual\"><img loading=\"lazy\" decoding=\"async\" src=\"https:\/\/elmetropolitano.com.gt\/es\/wp-content\/uploads\/2021\/11\/cintillo-arrin-cual-1.jpg\" alt=\"\"  srcset=\"https:\/\/elmetropolitano.com.gt\/es\/wp-content\/uploads\/2021\/11\/cintillo-arrin-cual-1.jpg 750w, https:\/\/elmetropolitano.com.gt\/es\/wp-content\/uploads\/2021\/11\/cintillo-arrin-cual-1-300x36.jpg 300w, https:\/\/elmetropolitano.com.gt\/es\/wp-content\/uploads\/2021\/11\/cintillo-arrin-cual-1-600x72.jpg 600w\" sizes=\"(max-width: 750px) 100vw, 750px\" width=\"750\" height=\"90\"   \/><\/a><\/div><\/div>\n\n\n\n<p>\u201cEl <a><\/a>Departamento de Justicia ha detenido a otros dos presuntos l\u00edderes del C\u00e1rtel de Sinaloa, una de las organizaciones de narcotr\u00e1fico m\u00e1s violentas y poderosas del mundo. Ismael Zambada Garc\u00eda, o \u2018Mayo\u2019, cofundador del C\u00e1rtel, y Joaqu\u00edn Guzm\u00e1n L\u00f3pez, hijo de su otro cofundador, fueron arrestados hoy en El Paso, Texas\u201d expres\u00f3 el departamento de Justicia de los USA en un comunicado de prensa<\/p>\n\n\n\n<p>El departamento destaca tambi\u00e9n que ambos hombres enfrentan m\u00faltiples cargos en Estados Unidos por liderar las operaciones criminales del c\u00e1rtel, incluidas sus letales redes de fabricaci\u00f3n y tr\u00e1fico de fentanilo.<\/p>\n\n\n\n<p><a href=\"https:\/\/www.facebook.com\/hashtag\/narcotrafico?__eep__=6&amp;__cft__[0]=AZXHqeZazqnIUhGiT0De9IO4hGasql4aNP7s7jO6G9F4Wr61TfcqD02XNs8elje_kesfM9EB1WUbI34EzObYnwxIPzViJ4RLtW3-PtJT-x1Rmmn1nrJcVk-JuJ1QtJNHO5_AgkExYyryCfCG61_v-hmbRVe1YswjcoA6pBcCS8dvXtD7SXWBz9CVfVeynUriVy_3iDoQabfA4mbqsIo11VSA&amp;__tn__=*NK-R\">#Narcotrafico<\/a><a href=\"https:\/\/www.facebook.com\/hashtag\/metroredes?__eep__=6&amp;__cft__[0]=AZXHqeZazqnIUhGiT0De9IO4hGasql4aNP7s7jO6G9F4Wr61TfcqD02XNs8elje_kesfM9EB1WUbI34EzObYnwxIPzViJ4RLtW3-PtJT-x1Rmmn1nrJcVk-JuJ1QtJNHO5_AgkExYyryCfCG61_v-hmbRVe1YswjcoA6pBcCS8dvXtD7SXWBz9CVfVeynUriVy_3iDoQabfA4mbqsIo11VSA&amp;__tn__=*NK-R\">#metroredes<\/a><\/p>\n\n\n\n<figure class=\"wp-block-gallery has-nested-images columns-default is-cropped wp-block-gallery-1 is-layout-flex wp-block-gallery-is-layout-flex\">\n<figure class=\"wp-block-image size-large\"><img loading=\"lazy\" decoding=\"async\" width=\"1024\" height=\"703\" data-id=\"86749\" src=\"https:\/\/elmetropolitano.com.gt\/es\/wp-content\/uploads\/2024\/07\/452004683_990713916388025_5514010823137678785_n-1-1024x703.jpg\" alt=\"\" class=\"wp-image-86749\" srcset=\"https:\/\/elmetropolitano.com.gt\/es\/wp-content\/uploads\/2024\/07\/452004683_990713916388025_5514010823137678785_n-1-1024x703.jpg 1024w, https:\/\/elmetropolitano.com.gt\/es\/wp-content\/uploads\/2024\/07\/452004683_990713916388025_5514010823137678785_n-1-300x206.jpg 300w, https:\/\/elmetropolitano.com.gt\/es\/wp-content\/uploads\/2024\/07\/452004683_990713916388025_5514010823137678785_n-1-768x527.jpg 768w, https:\/\/elmetropolitano.com.gt\/es\/wp-content\/uploads\/2024\/07\/452004683_990713916388025_5514010823137678785_n-1.jpg 1066w\" sizes=\"auto, (max-width: 1024px) 100vw, 1024px\" \/><\/figure>\n\n\n\n<figure class=\"wp-block-image size-large\"><img loading=\"lazy\" decoding=\"async\" width=\"782\" height=\"984\" data-id=\"86750\" src=\"https:\/\/elmetropolitano.com.gt\/es\/wp-content\/uploads\/2024\/07\/452841888_990714003054683_2471421406706548136_n.jpg\" alt=\"\" class=\"wp-image-86750\" srcset=\"https:\/\/elmetropolitano.com.gt\/es\/wp-content\/uploads\/2024\/07\/452841888_990714003054683_2471421406706548136_n.jpg 782w, https:\/\/elmetropolitano.com.gt\/es\/wp-content\/uploads\/2024\/07\/452841888_990714003054683_2471421406706548136_n-238x300.jpg 238w, https:\/\/elmetropolitano.com.gt\/es\/wp-content\/uploads\/2024\/07\/452841888_990714003054683_2471421406706548136_n-768x966.jpg 768w\" sizes=\"auto, (max-width: 782px) 100vw, 782px\" \/><\/figure>\n<\/figure>\n","protected":false},"excerpt":{"rendered":"<p>Estados Unidos detuvo en Texas este jueves a Ismael Mayo Zambada, l\u00edder y cofundador del C\u00e1rtel de Sinaloa, quien era buscado por las autoridades estadounidenses desde hace d\u00e9cadas y ten\u00eda una recompensa de 15 millones de d\u00f3lares, seg\u00fan el Departamento de Justicia. Junto a Zambada se arrest\u00f3 a Joaqu\u00edn Guzm\u00e1n L\u00f3pez, uno de los hijos <a class=\"read-more\" href=\"https:\/\/elmetropolitano.com.gt\/es\/ee-uu-detiene-a-mayo-zambada-cofundador-del-cartel-de-sinaloa-y-al-hijo-del-chapo\/\">Leer m\u00e1s<\/a><\/p>\n","protected":false},"author":1,"featured_media":86748,"comment_status":"open","ping_status":"closed","sticky":false,"template":"","format":"standard","meta":{"footnotes":""},"categories":[14],"tags":[15],"class_list":["post-86747","post","type-post","status-publish","format-standard","has-post-thumbnail","hentry","category-internacionales","tag-internacionales"],"_links":{"self":[{"href":"https:\/\/elmetropolitano.com.gt\/es\/wp-json\/wp\/v2\/posts\/86747","targetHints":{"allow":["GET"]}}],"collection":[{"href":"https:\/\/elmetropolitano.com.gt\/es\/wp-json\/wp\/v2\/posts"}],"about":[{"href":"https:\/\/elmetropolitano.com.gt\/es\/wp-json\/wp\/v2\/types\/post"}],"author":[{"embeddable":true,"href":"https:\/\/elmetropolitano.com.gt\/es\/wp-json\/wp\/v2\/users\/1"}],"replies":[{"embeddable":true,"href":"https:\/\/elmetropolitano.com.gt\/es\/wp-json\/wp\/v2\/comments?post=86747"}],"version-history":[{"count":1,"href":"https:\/\/elmetropolitano.com.gt\/es\/wp-json\/wp\/v2\/posts\/86747\/revisions"}],"predecessor-version":[{"id":86751,"href":"https:\/\/elmetropolitano.com.gt\/es\/wp-json\/wp\/v2\/posts\/86747\/revisions\/86751"}],"wp:featuredmedia":[{"embeddable":true,"href":"https:\/\/elmetropolitano.com.gt\/es\/wp-json\/wp\/v2\/media\/86748"}],"wp:attachment":[{"href":"https:\/\/elmetropolitano.com.gt\/es\/wp-json\/wp\/v2\/media?parent=86747"}],"wp:term":[{"taxonomy":"category","embeddable":true,"href":"https:\/\/elmetropolitano.com.gt\/es\/wp-json\/wp\/v2\/categories?post=86747"},{"taxonomy":"post_tag","embeddable":true,"href":"https:\/\/elmetropolitano.com.gt\/es\/wp-json\/wp\/v2\/tags?post=86747"}],"curies":[{"name":"wp","href":"https:\/\/api.w.org\/{rel}","templated":true}]}}