{"id":88067,"date":"2024-08-28T21:33:11","date_gmt":"2024-08-29T03:33:11","guid":{"rendered":"https:\/\/elmetropolitano.com.gt\/es\/?p=88067"},"modified":"2024-08-28T21:33:12","modified_gmt":"2024-08-29T03:33:12","slug":"presidente-firma-plan-de-desarrollo-con-lideres-indigenas-de-chichicastenango","status":"publish","type":"post","link":"https:\/\/elmetropolitano.com.gt\/es\/presidente-firma-plan-de-desarrollo-con-lideres-indigenas-de-chichicastenango\/","title":{"rendered":"Presidente firma plan de desarrollo con l\u00edderes ind\u00edgenas de Chichicastenango"},"content":{"rendered":"\n<p>El presidente Bernardo Ar\u00e9valo firm\u00f3 este mi\u00e9rcoles un plan de trabajo para el desarrollo de entre el Gobierno de Guatemala y la organizaci\u00f3n Comunidades Ind\u00edgenas Aliadas de Chichicastenango.<\/p>\n\n\n\n<p>Durante el acto oficial en el municipio de Chichicastenango, Quich\u00e9, el Presidente destac\u00f3 que \u201chay que complementar esa belleza con bienestar para ustedes, sus familias y sus hijos con salud, educaci\u00f3n, <a><\/a>infraestructura. Hoy esta firma es el resultado del trabajo que hemos hecho desde hace meses\u201d<\/p><div class=\"elmet-contenido\" id=\"elmet-4074532873\"><div class=\"elmet-adlabel\">Anuncios<\/div><div style=\"margin-top: 20px;margin-right: 20px;margin-bottom: 20px;margin-left: 20px;\" id=\"elmet-597672818\"><a href=\"https:\/\/www.facebook.com\/arrincuanantigua\/\" aria-label=\"cintillo-arrin-cual\"><img loading=\"lazy\" decoding=\"async\" src=\"https:\/\/elmetropolitano.com.gt\/es\/wp-content\/uploads\/2021\/11\/cintillo-arrin-cual-1.jpg\" alt=\"\"  srcset=\"https:\/\/elmetropolitano.com.gt\/es\/wp-content\/uploads\/2021\/11\/cintillo-arrin-cual-1.jpg 750w, https:\/\/elmetropolitano.com.gt\/es\/wp-content\/uploads\/2021\/11\/cintillo-arrin-cual-1-300x36.jpg 300w, https:\/\/elmetropolitano.com.gt\/es\/wp-content\/uploads\/2021\/11\/cintillo-arrin-cual-1-600x72.jpg 600w\" sizes=\"(max-width: 750px) 100vw, 750px\" width=\"750\" height=\"90\"   \/><\/a><\/div><\/div>\n\n\n\n<p>Dicho plan los firmaron el mandatario Ar\u00e9valo, el presidente de las Comunidades Ind\u00edgenas Aliadas salientes (2023-2024), Juan Carlos Toj Tol, y el presidente ind\u00edgena actual ( 2024-2025), Juan Toj Chingo.<\/p>\n\n\n\n<p>Sobre el plan de desarrollo<\/p>\n\n\n\n<p>El plan de desarrollo para las comunidades ind\u00edgenas de Chichicastenango busca la inversi\u00f3n en obra p\u00fablica respetando la propiedad comunal, enfocada en:<\/p>\n\n\n\n<p>Salud: Revisar el funcionamiento del sistema de salud a nivel comunitario y municipal para garantizar el acceso a servicios de salud dignos con respeto de la identidad y la cultura.<\/p>\n\n\n\n<p>Agua y saneamiento: Promover el apoyo t\u00e9cnico y financiero necesario a trav\u00e9s del INFOM para la construcci\u00f3n de plantas de tratamiento, a fin de garantizar la calidad del agua para consumo humano y para el cuidado del medio ambiente.<\/p>\n\n\n\n<p>Ambiente y bosques: Promover mecanismos de coordinaci\u00f3n entre el Instituto Nacional de Bosques y las autoridades ind\u00edgenas, para el fomento de la protecci\u00f3n y manejo sostenible de los bosques.<\/p>\n\n\n\n<p>Educaci\u00f3n: Acercar la oferta de becas de estudio para j\u00f3venes hombres y mujeres ind\u00edgenas, para tener acceso a la educaci\u00f3n universitaria. Impulsar condiciones dignas para los ni\u00f1os y ni\u00f1as en las escuelas, tales como servicios sanitarios y alimentaci\u00f3n adecuada.<\/p>\n\n\n\n<p>Productividad: Incluir a las Comunidades Ind\u00edgenas Aliadas de Chichicastenango en el plan de reactivaci\u00f3n econ\u00f3mica que se desprenda de la Mesa T\u00e9cnica acordada en la Asamblea de Di\u00e1logo Permanente del presidente de la Rep\u00fablica con Autoridades Ind\u00edgenas y Ancestrales.<\/p>\n\n\n\n<p>Infraestructura y lucha contra la corrupci\u00f3n<\/p>\n\n\n\n<p>Infraestructura vial: Coordinar entre el Ministerio de Comunicaciones Infraestructura y Vivienda y las autoridades ind\u00edgenas la inversi\u00f3n en infraestructura de las carreteras nacionales y municipales de las comunidades de Chichicastenango, especialmente en caminos que pueden comunicar a los distintos cantones.<\/p>\n\n\n\n<p>Democracia y lucha contra la corrupci\u00f3n:<\/p>\n\n\n\n<p>Como Comunidades Ind\u00edgenas Aliadas de Chichicastenango, asumimos el compromiso de seguir generando propuestas para fortalecer la democracia, la correcta inversi\u00f3n p\u00fablica en nuestro territorio, la auditor\u00eda social, la rendici\u00f3n de cuentas y la lucha contra la corrupci\u00f3n.<\/p>\n\n\n\n<p>Estamos comprometidos con el bienestar comunitario, por lo que nuestro deber es luchar por la concreci\u00f3n de estos compromisos en consecuencia con las din\u00e1micas comunitarias.<\/p>\n\n\n\n<p>Beneficiarios<\/p>\n\n\n\n<p>Con este plan de trabajo para el desarrollo se beneficiar\u00e1n 91 cantones que integran Chichicastenango que trabajan por el bienestar de su municipio.<\/p>\n\n\n\n<p>As\u00ed lo explic\u00f3 el representante de los l\u00edderes ind\u00edgenas, Juan Toj Chingo al indicar que este \u201cplan tiene como objetivo contar con un documento que gu\u00ede el trabajo entre el Gobierno de Guatemala y las Comunidades Aliadas, en beneficio de la poblaci\u00f3n del municipio de Chichicastenango\u201d<\/p>\n\n\n\n<p>Cada uno tiene representantes y se encuentran articulados bajo la figura de las Comunidades Ind\u00edgenas Aliadas de Chichicastenango, que tiene como fin buscar y apoyar el bienestar de toda la poblaci\u00f3n.<\/p>\n\n\n\n<p>Las Comunidades Aliadas de Chichicastenango tienen una Asamblea General integrada por los representantes de los cantones, por comerciantes y maestros, y tiene una Junta Directiva que se elige cada dos a\u00f1os por la asamblea comunitaria.<\/p>\n\n\n\n<p>Este plan de trabajo se da en seguimiento a la priorizaci\u00f3n que llevan a cabo las comunidades de Chichicastenango y sus autoridades. Estas participan en la Asamblea de Di\u00e1logo Permanente del presidente de la Rep\u00fablica con las Autoridades Ind\u00edgenas y Ancestrales.<\/p>\n\n\n\n<p>Texto: Brenda Larios<\/p>\n\n\n\n<p><a href=\"https:\/\/www.facebook.com\/hashtag\/quiche?__eep__=6&amp;__cft__[0]=AZUfcd_GNMC66RjaUGb4AOZPGiOWm6BJaw1UD9MHd4S7Q0mXvh5xD8OEgReu_UMRS9nD2FzUh2DFhMKQk-OGkU_GpjV1Kl7errXrL8WxXmvnwI6vUKwGeco-HZF5Y-MKbHWbHH3svFvLwA4cbdiU874D2c6EDSQWEDTMw2Gqq1HLXu5KHAT-sxvd3vf_1UBkjg5DKfL2Np56OSge5zUT38fC&amp;__tn__=*NK-R\">#Quiche<\/a><a href=\"https:\/\/www.facebook.com\/hashtag\/chichicastenango?__eep__=6&amp;__cft__[0]=AZUfcd_GNMC66RjaUGb4AOZPGiOWm6BJaw1UD9MHd4S7Q0mXvh5xD8OEgReu_UMRS9nD2FzUh2DFhMKQk-OGkU_GpjV1Kl7errXrL8WxXmvnwI6vUKwGeco-HZF5Y-MKbHWbHH3svFvLwA4cbdiU874D2c6EDSQWEDTMw2Gqq1HLXu5KHAT-sxvd3vf_1UBkjg5DKfL2Np56OSge5zUT38fC&amp;__tn__=*NK-R\">#Chichicastenango<\/a><\/p>\n\n\n\n<figure class=\"wp-block-gallery has-nested-images columns-default is-cropped wp-block-gallery-1 is-layout-flex wp-block-gallery-is-layout-flex\">\n<figure class=\"wp-block-image size-large\"><img loading=\"lazy\" decoding=\"async\" width=\"1024\" height=\"683\" data-id=\"88070\" src=\"https:\/\/elmetropolitano.com.gt\/es\/wp-content\/uploads\/2024\/08\/457486754_1014889337303816_3036207549625104517_n-1024x683.jpg\" alt=\"\" class=\"wp-image-88070\" srcset=\"https:\/\/elmetropolitano.com.gt\/es\/wp-content\/uploads\/2024\/08\/457486754_1014889337303816_3036207549625104517_n-1024x683.jpg 1024w, https:\/\/elmetropolitano.com.gt\/es\/wp-content\/uploads\/2024\/08\/457486754_1014889337303816_3036207549625104517_n-300x200.jpg 300w, https:\/\/elmetropolitano.com.gt\/es\/wp-content\/uploads\/2024\/08\/457486754_1014889337303816_3036207549625104517_n-768x512.jpg 768w, https:\/\/elmetropolitano.com.gt\/es\/wp-content\/uploads\/2024\/08\/457486754_1014889337303816_3036207549625104517_n-1536x1024.jpg 1536w, https:\/\/elmetropolitano.com.gt\/es\/wp-content\/uploads\/2024\/08\/457486754_1014889337303816_3036207549625104517_n.jpg 1599w\" sizes=\"auto, (max-width: 1024px) 100vw, 1024px\" \/><\/figure>\n\n\n\n<figure class=\"wp-block-image size-large\"><img loading=\"lazy\" decoding=\"async\" width=\"1024\" height=\"683\" data-id=\"88072\" src=\"https:\/\/elmetropolitano.com.gt\/es\/wp-content\/uploads\/2024\/08\/457500250_1014889313970485_2320232580193129362_n-1024x683.jpg\" alt=\"\" class=\"wp-image-88072\" srcset=\"https:\/\/elmetropolitano.com.gt\/es\/wp-content\/uploads\/2024\/08\/457500250_1014889313970485_2320232580193129362_n-1024x683.jpg 1024w, https:\/\/elmetropolitano.com.gt\/es\/wp-content\/uploads\/2024\/08\/457500250_1014889313970485_2320232580193129362_n-300x200.jpg 300w, https:\/\/elmetropolitano.com.gt\/es\/wp-content\/uploads\/2024\/08\/457500250_1014889313970485_2320232580193129362_n-768x512.jpg 768w, https:\/\/elmetropolitano.com.gt\/es\/wp-content\/uploads\/2024\/08\/457500250_1014889313970485_2320232580193129362_n-1536x1024.jpg 1536w, https:\/\/elmetropolitano.com.gt\/es\/wp-content\/uploads\/2024\/08\/457500250_1014889313970485_2320232580193129362_n.jpg 1599w\" sizes=\"auto, (max-width: 1024px) 100vw, 1024px\" \/><\/figure>\n\n\n\n<figure class=\"wp-block-image size-large\"><img loading=\"lazy\" decoding=\"async\" width=\"1024\" height=\"683\" data-id=\"88073\" src=\"https:\/\/elmetropolitano.com.gt\/es\/wp-content\/uploads\/2024\/08\/457508075_1014889433970473_8697318256758963356_n-1024x683.jpg\" alt=\"\" class=\"wp-image-88073\" srcset=\"https:\/\/elmetropolitano.com.gt\/es\/wp-content\/uploads\/2024\/08\/457508075_1014889433970473_8697318256758963356_n-1024x683.jpg 1024w, https:\/\/elmetropolitano.com.gt\/es\/wp-content\/uploads\/2024\/08\/457508075_1014889433970473_8697318256758963356_n-300x200.jpg 300w, https:\/\/elmetropolitano.com.gt\/es\/wp-content\/uploads\/2024\/08\/457508075_1014889433970473_8697318256758963356_n-768x512.jpg 768w, https:\/\/elmetropolitano.com.gt\/es\/wp-content\/uploads\/2024\/08\/457508075_1014889433970473_8697318256758963356_n-1536x1025.jpg 1536w, https:\/\/elmetropolitano.com.gt\/es\/wp-content\/uploads\/2024\/08\/457508075_1014889433970473_8697318256758963356_n.jpg 2048w\" sizes=\"auto, (max-width: 1024px) 100vw, 1024px\" \/><\/figure>\n\n\n\n<figure class=\"wp-block-image size-large\"><img loading=\"lazy\" decoding=\"async\" width=\"1024\" height=\"683\" data-id=\"88071\" src=\"https:\/\/elmetropolitano.com.gt\/es\/wp-content\/uploads\/2024\/08\/457520593_1014889380637145_3415918350630045425_n-1024x683.jpg\" alt=\"\" class=\"wp-image-88071\" srcset=\"https:\/\/elmetropolitano.com.gt\/es\/wp-content\/uploads\/2024\/08\/457520593_1014889380637145_3415918350630045425_n-1024x683.jpg 1024w, https:\/\/elmetropolitano.com.gt\/es\/wp-content\/uploads\/2024\/08\/457520593_1014889380637145_3415918350630045425_n-300x200.jpg 300w, https:\/\/elmetropolitano.com.gt\/es\/wp-content\/uploads\/2024\/08\/457520593_1014889380637145_3415918350630045425_n-768x512.jpg 768w, https:\/\/elmetropolitano.com.gt\/es\/wp-content\/uploads\/2024\/08\/457520593_1014889380637145_3415918350630045425_n-1536x1025.jpg 1536w, https:\/\/elmetropolitano.com.gt\/es\/wp-content\/uploads\/2024\/08\/457520593_1014889380637145_3415918350630045425_n.jpg 2048w\" sizes=\"auto, (max-width: 1024px) 100vw, 1024px\" \/><\/figure>\n<\/figure>\n","protected":false},"excerpt":{"rendered":"<p>El presidente Bernardo Ar\u00e9valo firm\u00f3 este mi\u00e9rcoles un plan de trabajo para el desarrollo de entre el Gobierno de Guatemala y la organizaci\u00f3n Comunidades Ind\u00edgenas Aliadas de Chichicastenango. Durante el acto oficial en el municipio de Chichicastenango, Quich\u00e9, el Presidente destac\u00f3 que \u201chay que complementar esa belleza con bienestar para ustedes, sus familias y sus <a class=\"read-more\" href=\"https:\/\/elmetropolitano.com.gt\/es\/presidente-firma-plan-de-desarrollo-con-lideres-indigenas-de-chichicastenango\/\">Leer m\u00e1s<\/a><\/p>\n","protected":false},"author":1,"featured_media":88068,"comment_status":"open","ping_status":"closed","sticky":false,"template":"","format":"standard","meta":{"footnotes":""},"categories":[4],"tags":[13],"class_list":["post-88067","post","type-post","status-publish","format-standard","has-post-thumbnail","hentry","category-departamentales","tag-departamentales"],"_links":{"self":[{"href":"https:\/\/elmetropolitano.com.gt\/es\/wp-json\/wp\/v2\/posts\/88067","targetHints":{"allow":["GET"]}}],"collection":[{"href":"https:\/\/elmetropolitano.com.gt\/es\/wp-json\/wp\/v2\/posts"}],"about":[{"href":"https:\/\/elmetropolitano.com.gt\/es\/wp-json\/wp\/v2\/types\/post"}],"author":[{"embeddable":true,"href":"https:\/\/elmetropolitano.com.gt\/es\/wp-json\/wp\/v2\/users\/1"}],"replies":[{"embeddable":true,"href":"https:\/\/elmetropolitano.com.gt\/es\/wp-json\/wp\/v2\/comments?post=88067"}],"version-history":[{"count":1,"href":"https:\/\/elmetropolitano.com.gt\/es\/wp-json\/wp\/v2\/posts\/88067\/revisions"}],"predecessor-version":[{"id":88074,"href":"https:\/\/elmetropolitano.com.gt\/es\/wp-json\/wp\/v2\/posts\/88067\/revisions\/88074"}],"wp:featuredmedia":[{"embeddable":true,"href":"https:\/\/elmetropolitano.com.gt\/es\/wp-json\/wp\/v2\/media\/88068"}],"wp:attachment":[{"href":"https:\/\/elmetropolitano.com.gt\/es\/wp-json\/wp\/v2\/media?parent=88067"}],"wp:term":[{"taxonomy":"category","embeddable":true,"href":"https:\/\/elmetropolitano.com.gt\/es\/wp-json\/wp\/v2\/categories?post=88067"},{"taxonomy":"post_tag","embeddable":true,"href":"https:\/\/elmetropolitano.com.gt\/es\/wp-json\/wp\/v2\/tags?post=88067"}],"curies":[{"name":"wp","href":"https:\/\/api.w.org\/{rel}","templated":true}]}}