{"id":88127,"date":"2024-08-29T16:40:15","date_gmt":"2024-08-29T22:40:15","guid":{"rendered":"https:\/\/elmetropolitano.com.gt\/es\/?p=88127"},"modified":"2024-08-29T16:40:15","modified_gmt":"2024-08-29T22:40:15","slug":"cementos-progreso-presenta-una-mirada-clara-a-la-sostenibilidad-y-revela-a-su-nueva-embajadora-creada-con-inteligencia-artificial","status":"publish","type":"post","link":"https:\/\/elmetropolitano.com.gt\/es\/cementos-progreso-presenta-una-mirada-clara-a-la-sostenibilidad-y-revela-a-su-nueva-embajadora-creada-con-inteligencia-artificial\/","title":{"rendered":"Cementos Progreso presenta \u201cUna mirada Clara a la Sostenibilidad\u00bb y revela a su nueva embajadora creada con inteligencia artificial"},"content":{"rendered":"\n<p>En el lanzamiento desu Reporte de Sostenibilidad 2023: \u201cCrecimos para crear Valor\u201d, Cementos Progreso present\u00f3 a Clara, su nueva embajadora de sostenibilidad, para fortalecer su compromiso con latransparencia y el desarrollo sostenible.<\/p>\n\n\n\n<p>Cementos Progreso ha dado a conocer su desempe\u00f1o en materia ambiental, social y econ\u00f3mica para el a\u00f1o 2023 con la quinta edici\u00f3n de su Reporte de Sostenibilidad: \u201cCrecimos para Crear Valor\u201d. En un evento innovador, la compa\u00f1\u00eda revel\u00f3 a Clara, un avatar conversacional desarrollado con inteligencia artificial<a>.<\/a><\/p><div class=\"elmet-contenido\" id=\"elmet-3155648752\"><div class=\"elmet-adlabel\">Anuncios<\/div><div style=\"margin-top: 20px;margin-right: 20px;margin-bottom: 20px;margin-left: 20px;\" id=\"elmet-1286625428\"><a href=\"https:\/\/www.facebook.com\/arrincuanantigua\/\" aria-label=\"cintillo-arrin-cual\"><img loading=\"lazy\" decoding=\"async\" src=\"https:\/\/elmetropolitano.com.gt\/es\/wp-content\/uploads\/2021\/11\/cintillo-arrin-cual-1.jpg\" alt=\"\"  srcset=\"https:\/\/elmetropolitano.com.gt\/es\/wp-content\/uploads\/2021\/11\/cintillo-arrin-cual-1.jpg 750w, https:\/\/elmetropolitano.com.gt\/es\/wp-content\/uploads\/2021\/11\/cintillo-arrin-cual-1-300x36.jpg 300w, https:\/\/elmetropolitano.com.gt\/es\/wp-content\/uploads\/2021\/11\/cintillo-arrin-cual-1-600x72.jpg 600w\" sizes=\"(max-width: 750px) 100vw, 750px\" width=\"750\" height=\"90\"   \/><\/a><\/div><\/div>\n\n\n\n<p>Adem\u00e1s de compartir todos los detalles del nuevo Reporte de Sostenibilidad e interactuar con medios y asistentes al evento, Clara estar\u00e1 disponible en distintas plataformas digitales para promover las pr\u00e1cticas sostenibles de Cementos Progreso y su compromiso con la transparencia y el desarrollo. Con la incorporaci\u00f3n de Clara, la compa\u00f1\u00eda busca recibir retroalimentaci\u00f3n y fomentar un di\u00e1logo accesible y significativo sobre la importancia de la sostenibilidad y c\u00f3mo cada persona puede contribuir a un futuro mejor para todos.<\/p>\n\n\n\n<p>\u201cLa incorporaci\u00f3n de nuestra nueva embajadora de sostenibilidad es un hito significativo para la familia Progreso. Clara representa nuestra capacidad de integrar la innovaci\u00f3n en nuestros procesos y utilizar la tecnolog\u00eda para fortalecer nuestro compromiso con el desarrollo sostenible. Estamos emocionados de recibir a Clara y esperamos que facilite el di\u00e1logo e involucramiento con nuestros diversos grupos de inter\u00e9s,\u201d indic\u00f3 Stephanie Melville, presidente de Progreso.<\/p>\n\n\n\n<p>Este lanzamiento permite a la compa\u00f1\u00eda dejar una huella \u00fanica y duradera en un tema tan relevante en la actualidad. Clara y el Reporte de Sostenibilidad 2023 reflejan los valores instituidos por su fundador, Carlos F. Novella, quien hace casi 125 a\u00f1os estableci\u00f3 las bases de la sostenibilidad de la compa\u00f1\u00eda.<\/p>\n\n\n\n<p><br>\u201cCrecimos para Crear Valor\u201d<\/p>\n\n\n\n<p>Desde hace m\u00e1s de una d\u00e9cada, la compa\u00f1\u00eda ha implementado su Estrategia de Sostenibilidad con el objetivo de tener una visi\u00f3n a largo plazo y un proceso de mejora continua en la gesti\u00f3n del factor humano, comercial, social y ambiental en los pa\u00edses donde opera. Estos son algunos de los resultados m\u00e1s relevantes durante 2023:<\/p>\n\n\n\n<ul class=\"wp-block-list\">\n<li><a href=\"https:\/\/progreso.com\/sostenibilidad\/empleador-preferido\/\">Empleador Preferido<\/a>: Se generaron 938 nuevas plazas de trabajo, alcanzando un total de 4,760 colaboradores en los pa\u00edses abarcados por este reporte. En 2023, las mujeres representaron el 17.6% de los colaboradores y actualmente ocupan el 21.3% de los puestos de decisi\u00f3n y autoridad. Adem\u00e1s, el 65.3% de la fuerza laboral en las plantas proviene de las comunidades donde opera la compa\u00f1\u00eda.<\/li>\n<\/ul>\n\n\n\n<ul class=\"wp-block-list\">\n<li><a href=\"https:\/\/progreso.com\/sostenibilidad\/proveedor-favorito\/\">Proveedor Favorito<\/a>: Se increment\u00f3 significativamente la inversi\u00f3n en investigaci\u00f3n, desarrollo e innovaci\u00f3n de nuevas soluciones para la construcci\u00f3n. Adem\u00e1s, se promovieron soluciones habitacionales a trav\u00e9s del programa Construyamos, que gener\u00f3 2,018 nuevas viviendas. Cementos Progreso tambi\u00e9n obtuvo una calificaci\u00f3n del 93% en el indicador de experiencia del cliente.<\/li>\n<\/ul>\n\n\n\n<ul class=\"wp-block-list\">\n<li><a href=\"https:\/\/progreso.com\/sostenibilidad\/lider-ambiental\/\">L\u00edder Ambiental<\/a>: A trav\u00e9s de la prevenci\u00f3n, la responsabilidad compartida, la capacitaci\u00f3n, investigaci\u00f3n e innovaci\u00f3n en materia ambiental, Cementos Progreso busca consolidar su liderazgo regional. De las 53.16 kt de residuos ordinarios generados, se reutiliz\u00f3 el 27.0%, recicl\u00f3 el 1.3% y se coproces\u00f3 el 1.5%, generando 305.66 TJ de energ\u00eda a partir del coprocesamiento. Hasta la fecha, se han revalorizado 1,481.59 toneladas de desechos s\u00f3lidos captados del r\u00edo Motagua, evitando que aproximadamente 3.3 millones de libras de residuos desemboquen en el oc\u00e9ano Atl\u00e1ntico y asegurando una gesti\u00f3n ambientalmente segura.<\/li>\n<\/ul>\n\n\n\n<ul class=\"wp-block-list\">\n<li><a href=\"https:\/\/progreso.com\/sostenibilidad\/ciudadano-responsable\/\">Ciudadano Responsable<\/a>: Hasta la fecha, 1,400 familias han transformado sus vidas con la iniciativa \u00abHogaRES\u00bb, promoviendo espacios resilientes y saludables mediante la sustituci\u00f3n de pisos de tierra por pisos de concreto. A trav\u00e9s de AgroProgreso y Gesti\u00f3n Social, se promovieron cadenas productivas que impulsaron la autosostenibilidad de floricultores en Guatemala, logrando la exportaci\u00f3n de 17,000 docenas de rosas hacia Estados Unidos.<\/li>\n<\/ul>\n\n\n\n<p>\u201cA lo largo de nuestros casi 125 a\u00f1os de historia, hemos demostrado una capacidad \u00fanica para adaptarnos y perseverar frente a los desaf\u00edos m\u00e1s grandes, manteni\u00e9ndonos fieles a nuestros principios y valores fundamentales. Nuestro compromiso con el desarrollo sostenible se gu\u00eda por una mirada Clara hacia las siguientes generaciones, y no es solo una promesa, sino una pr\u00e1ctica diaria que nos permite seguir generando \u201cProgreso en todo lo que hacemos\u201d\u00bb, coment\u00f3 Jos\u00e9 Ra\u00fal Gonz\u00e1lez, CEO de Progreso.&nbsp;<\/p>\n\n\n\n<p>Para m\u00e1s informaci\u00f3n sobre el Reporte de Sostenibilidad 2023 y acceso para conversar con Clara visitehttps:\/\/reportedesostenibilidad.progreso.com\/<\/p>\n\n\n\n<p>#metroredes\u00a0 <a href=\"http:\/\/www.elmetropolitano.com.gt\">www.elmetropolitano.com.gt<\/a> <a href=\"http:\/\/www.metroredes.com\">www.metroredes.com<\/a><\/p>\n\n\n\n<figure class=\"wp-block-gallery has-nested-images columns-default is-cropped wp-block-gallery-1 is-layout-flex wp-block-gallery-is-layout-flex\">\n<figure class=\"wp-block-image size-large\"><img loading=\"lazy\" decoding=\"async\" width=\"1024\" height=\"683\" data-id=\"88129\" src=\"https:\/\/elmetropolitano.com.gt\/es\/wp-content\/uploads\/2024\/08\/mini_RS23-PROGRESO-001-1024x683.jpg\" alt=\"\" class=\"wp-image-88129\" srcset=\"https:\/\/elmetropolitano.com.gt\/es\/wp-content\/uploads\/2024\/08\/mini_RS23-PROGRESO-001-1024x683.jpg 1024w, https:\/\/elmetropolitano.com.gt\/es\/wp-content\/uploads\/2024\/08\/mini_RS23-PROGRESO-001-300x200.jpg 300w, https:\/\/elmetropolitano.com.gt\/es\/wp-content\/uploads\/2024\/08\/mini_RS23-PROGRESO-001-768x512.jpg 768w, https:\/\/elmetropolitano.com.gt\/es\/wp-content\/uploads\/2024\/08\/mini_RS23-PROGRESO-001.jpg 1151w\" sizes=\"auto, (max-width: 1024px) 100vw, 1024px\" \/><\/figure>\n\n\n\n<figure class=\"wp-block-image size-large\"><img loading=\"lazy\" decoding=\"async\" width=\"1024\" height=\"683\" data-id=\"88132\" src=\"https:\/\/elmetropolitano.com.gt\/es\/wp-content\/uploads\/2024\/08\/mini_RS23-PROGRESO-014-1024x683.jpg\" alt=\"\" class=\"wp-image-88132\" srcset=\"https:\/\/elmetropolitano.com.gt\/es\/wp-content\/uploads\/2024\/08\/mini_RS23-PROGRESO-014-1024x683.jpg 1024w, https:\/\/elmetropolitano.com.gt\/es\/wp-content\/uploads\/2024\/08\/mini_RS23-PROGRESO-014-300x200.jpg 300w, https:\/\/elmetropolitano.com.gt\/es\/wp-content\/uploads\/2024\/08\/mini_RS23-PROGRESO-014-768x512.jpg 768w, https:\/\/elmetropolitano.com.gt\/es\/wp-content\/uploads\/2024\/08\/mini_RS23-PROGRESO-014.jpg 1151w\" sizes=\"auto, (max-width: 1024px) 100vw, 1024px\" \/><\/figure>\n\n\n\n<figure class=\"wp-block-image size-large\"><img loading=\"lazy\" decoding=\"async\" width=\"1024\" height=\"756\" data-id=\"88130\" src=\"https:\/\/elmetropolitano.com.gt\/es\/wp-content\/uploads\/2024\/08\/mini_RS23-PROGRESO-015-1024x756.jpg\" alt=\"\" class=\"wp-image-88130\" srcset=\"https:\/\/elmetropolitano.com.gt\/es\/wp-content\/uploads\/2024\/08\/mini_RS23-PROGRESO-015-1024x756.jpg 1024w, https:\/\/elmetropolitano.com.gt\/es\/wp-content\/uploads\/2024\/08\/mini_RS23-PROGRESO-015-300x222.jpg 300w, https:\/\/elmetropolitano.com.gt\/es\/wp-content\/uploads\/2024\/08\/mini_RS23-PROGRESO-015-768x567.jpg 768w, https:\/\/elmetropolitano.com.gt\/es\/wp-content\/uploads\/2024\/08\/mini_RS23-PROGRESO-015.jpg 1040w\" sizes=\"auto, (max-width: 1024px) 100vw, 1024px\" \/><\/figure>\n\n\n\n<figure class=\"wp-block-image size-large\"><img loading=\"lazy\" decoding=\"async\" width=\"1024\" height=\"683\" data-id=\"88133\" src=\"https:\/\/elmetropolitano.com.gt\/es\/wp-content\/uploads\/2024\/08\/mini_RS23-PROGRESO-023-1024x683.jpg\" alt=\"\" class=\"wp-image-88133\" srcset=\"https:\/\/elmetropolitano.com.gt\/es\/wp-content\/uploads\/2024\/08\/mini_RS23-PROGRESO-023-1024x683.jpg 1024w, https:\/\/elmetropolitano.com.gt\/es\/wp-content\/uploads\/2024\/08\/mini_RS23-PROGRESO-023-300x200.jpg 300w, https:\/\/elmetropolitano.com.gt\/es\/wp-content\/uploads\/2024\/08\/mini_RS23-PROGRESO-023-768x512.jpg 768w, https:\/\/elmetropolitano.com.gt\/es\/wp-content\/uploads\/2024\/08\/mini_RS23-PROGRESO-023.jpg 1151w\" sizes=\"auto, (max-width: 1024px) 100vw, 1024px\" \/><\/figure>\n<\/figure>\n","protected":false},"excerpt":{"rendered":"<p>En el lanzamiento desu Reporte de Sostenibilidad 2023: \u201cCrecimos para crear Valor\u201d, Cementos Progreso present\u00f3 a Clara, su nueva embajadora de sostenibilidad, para fortalecer su compromiso con latransparencia y el desarrollo sostenible. Cementos Progreso ha dado a conocer su desempe\u00f1o en materia ambiental, social y econ\u00f3mica para el a\u00f1o 2023 con la quinta edici\u00f3n de <a class=\"read-more\" href=\"https:\/\/elmetropolitano.com.gt\/es\/cementos-progreso-presenta-una-mirada-clara-a-la-sostenibilidad-y-revela-a-su-nueva-embajadora-creada-con-inteligencia-artificial\/\">Leer m\u00e1s<\/a><\/p>\n","protected":false},"author":1,"featured_media":88128,"comment_status":"open","ping_status":"closed","sticky":false,"template":"","format":"standard","meta":{"footnotes":""},"categories":[31],"tags":[32],"class_list":["post-88127","post","type-post","status-publish","format-standard","has-post-thumbnail","hentry","category-metroimpulso","tag-metroimpulso"],"_links":{"self":[{"href":"https:\/\/elmetropolitano.com.gt\/es\/wp-json\/wp\/v2\/posts\/88127","targetHints":{"allow":["GET"]}}],"collection":[{"href":"https:\/\/elmetropolitano.com.gt\/es\/wp-json\/wp\/v2\/posts"}],"about":[{"href":"https:\/\/elmetropolitano.com.gt\/es\/wp-json\/wp\/v2\/types\/post"}],"author":[{"embeddable":true,"href":"https:\/\/elmetropolitano.com.gt\/es\/wp-json\/wp\/v2\/users\/1"}],"replies":[{"embeddable":true,"href":"https:\/\/elmetropolitano.com.gt\/es\/wp-json\/wp\/v2\/comments?post=88127"}],"version-history":[{"count":1,"href":"https:\/\/elmetropolitano.com.gt\/es\/wp-json\/wp\/v2\/posts\/88127\/revisions"}],"predecessor-version":[{"id":88134,"href":"https:\/\/elmetropolitano.com.gt\/es\/wp-json\/wp\/v2\/posts\/88127\/revisions\/88134"}],"wp:featuredmedia":[{"embeddable":true,"href":"https:\/\/elmetropolitano.com.gt\/es\/wp-json\/wp\/v2\/media\/88128"}],"wp:attachment":[{"href":"https:\/\/elmetropolitano.com.gt\/es\/wp-json\/wp\/v2\/media?parent=88127"}],"wp:term":[{"taxonomy":"category","embeddable":true,"href":"https:\/\/elmetropolitano.com.gt\/es\/wp-json\/wp\/v2\/categories?post=88127"},{"taxonomy":"post_tag","embeddable":true,"href":"https:\/\/elmetropolitano.com.gt\/es\/wp-json\/wp\/v2\/tags?post=88127"}],"curies":[{"name":"wp","href":"https:\/\/api.w.org\/{rel}","templated":true}]}}