{"id":88135,"date":"2024-08-30T09:05:00","date_gmt":"2024-08-30T15:05:00","guid":{"rendered":"https:\/\/elmetropolitano.com.gt\/es\/?p=88135"},"modified":"2024-08-30T09:05:00","modified_gmt":"2024-08-30T15:05:00","slug":"vicepresidenta-anuncia-creacion-del-gabinete-del-agua","status":"publish","type":"post","link":"https:\/\/elmetropolitano.com.gt\/es\/vicepresidenta-anuncia-creacion-del-gabinete-del-agua\/","title":{"rendered":"Vicepresidenta anuncia creaci\u00f3n del Gabinete del Agua"},"content":{"rendered":"\n<p>La vicepresidenta Karin Herrera particip\u00f3 en el lanzamiento del proceso de ley de aguas bajo el lema Unidos por el agua, acompa\u00f1ada por la ministra de Ambiente y Recursos Naturales, Patty Orantes, as\u00ed como por representantes del sector p\u00fablico, privado y comunitario.<\/p>\n\n\n\n<p>En <a><\/a>su intervenci\u00f3n, la vicemandataria anunci\u00f3 la creaci\u00f3n del Gabinete del Agua:<\/p><div class=\"elmet-contenido\" id=\"elmet-2868400961\"><div class=\"elmet-adlabel\">Anuncios<\/div><div style=\"margin-top: 20px;margin-right: 20px;margin-bottom: 20px;margin-left: 20px;\" id=\"elmet-3853242346\"><a href=\"https:\/\/www.facebook.com\/arrincuanantigua\/\" aria-label=\"cintillo-arrin-cual\"><img loading=\"lazy\" decoding=\"async\" src=\"https:\/\/elmetropolitano.com.gt\/es\/wp-content\/uploads\/2021\/11\/cintillo-arrin-cual-1.jpg\" alt=\"\"  srcset=\"https:\/\/elmetropolitano.com.gt\/es\/wp-content\/uploads\/2021\/11\/cintillo-arrin-cual-1.jpg 750w, https:\/\/elmetropolitano.com.gt\/es\/wp-content\/uploads\/2021\/11\/cintillo-arrin-cual-1-300x36.jpg 300w, https:\/\/elmetropolitano.com.gt\/es\/wp-content\/uploads\/2021\/11\/cintillo-arrin-cual-1-600x72.jpg 600w\" sizes=\"(max-width: 750px) 100vw, 750px\" width=\"750\" height=\"90\"   \/><\/a><\/div><\/div>\n\n\n\n<p>\u201cEl Estado de Guatemala no ser\u00e1 un actor pasivo ante esta crisis, por eso hoy quiero anunciar que pronto se crear\u00e1 el Gabinete del agua, el cual tendr\u00e9 el honor y responsabilidad de presidir\u201d indic\u00f3 la vicepresidenta<\/p>\n\n\n\n<p>Este le dar\u00e1 acompa\u00f1amiento el Ministerio de Ambiente y Recursos Naturales (MARN), para generar la Pol\u00edtica Nacional del Agua e implementarla a nivel nacional a trav\u00e9s de un trabajo interinstitucional.<\/p>\n\n\n\n<p>El Gabinete del Agua trabajar\u00e1 para proteger r\u00edos y lagos, como el Atitl\u00e1n y el Motagua, y asegurar\u00e1 que el agua sea un derecho real, accesible y equitativo para todos los guatemaltecos.<\/p>\n\n\n\n<p>Ayuda a la desnutrici\u00f3n<\/p>\n\n\n\n<p>En su disertaci\u00f3n la vicepresidenta Herrera resalt\u00f3 la vital importancia del agua, describi\u00e9ndola como el alma de nuestra tierra.<\/p>\n\n\n\n<p>A pesar de ser reconocida como un derecho humano universal, la vicegobernante enfatiz\u00f3 que el acceso al agua sigue siendo una lucha constante, especialmente para las comunidades m\u00e1s vulnerables en Guatemala.<\/p>\n\n\n\n<p>Se deben hacer acciones concretas para el manejo sostenible de los recursos naturales que son vitales para reducir la desnutrici\u00f3n de los ni\u00f1os y ni\u00f1as del pa\u00eds.<\/p>\n\n\n\n<p>La Vicepresidenta subray\u00f3 que el agua es esencial para la vida y que la falta de acceso a este recurso puede condenar a las comunidades a condiciones de pobreza, enfermedad y desnutrici\u00f3n.<\/p>\n\n\n\n<p>Destac\u00f3 que el 90 % de las aguas superficiales en el pa\u00eds est\u00e1n contaminadas, lo que afecta el desarrollo integral de la ni\u00f1ez y contribuye a la generaci\u00f3n de problemas de salud, como lo evidencian los 364 mil 491 casos reportados de enfermedades transmitidas por agua y alimentos contaminados entre el 30 de junio y el 6 de julio de 2024.<\/p>\n\n\n\n<p>Para abordar esta crisis, la vicegobernante presidir\u00e1 personalmente el Gabinete del Agua.<\/p>\n\n\n\n<p>Este nuevo organismo interinstitucional tendr\u00e1 la misi\u00f3n de desarrollar y coordinar la Pol\u00edtica Nacional de Agua, enfoc\u00e1ndose en la conservaci\u00f3n y gesti\u00f3n sostenible de los recursos h\u00eddricos del pa\u00eds.<\/p>\n\n\n\n<p>Agradecimiento<\/p>\n\n\n\n<p>Adem\u00e1s, la Vicepresidenta rindi\u00f3 homenaje a los defensores de los recursos naturales, como Bernardo Caal y las comunidades que luchan por la protecci\u00f3n de sus r\u00edos. Destac\u00f3 el esfuerzo conjunto para conservar el lago de Atitl\u00e1n y el r\u00edo Motagua, mencionando la colaboraci\u00f3n con iniciativas como Boyan Slat The Ocean Clean Up para mitigar la contaminaci\u00f3n.<\/p>\n\n\n\n<p>Tambi\u00e9n hizo un llamado a la acci\u00f3n colectiva, instando a todos los sectores a unirse en la construcci\u00f3n de la Ley de Aguas, subrayando que esta no es solo una necesidad legal, sino una urgencia social, econ\u00f3mica y moral.<\/p>\n\n\n\n<p>La creaci\u00f3n del Gabinete del Agua representa un paso firme hacia un futuro en que el agua sea un s\u00edmbolo de vida, unidad y progreso.<\/p>\n\n\n\n<p>Finalmente, la Vicepresidenta hizo un llamado a los diputados para apoyar esta iniciativa legislativa que aborda una problem\u00e1tica cr\u00edtica que el pa\u00eds ha enfrentado durante d\u00e9cadas.<\/p>\n\n\n\n<p>Asegur\u00f3 a los guatemaltecos que el Gobierno est\u00e1 trabajando para que el agua sea un derecho universal, no un privilegio.<\/p>\n\n\n\n<p>Texto: Brenda Larios<\/p>\n\n\n\n<p><a href=\"https:\/\/www.facebook.com\/hashtag\/aguaparatodos?__eep__=6&amp;__cft__[0]=AZU8RnlHJED8La_TUIyu4s6KTSXAe1Z0pPPuYZ3g-a1DE9hDak8SuZN5VQo2TrGpVWKoY2Ybi4DyIor_t_catOK8SYrnE7i5yfiPJmDhbUwVp1ehGza7o1PKlm13p5mbFr4X55zzAqH8t3l0-S5xUUKgazJmZ8rphe5p8wIG2wJw_gpaPgthtTekjBP2XweQMDYloSAHY04IzsD3b7_2jMIe&amp;__tn__=*NK-R\">#AguaParaTodos<\/a><a href=\"https:\/\/www.facebook.com\/hashtag\/metroredes?__eep__=6&amp;__cft__[0]=AZU8RnlHJED8La_TUIyu4s6KTSXAe1Z0pPPuYZ3g-a1DE9hDak8SuZN5VQo2TrGpVWKoY2Ybi4DyIor_t_catOK8SYrnE7i5yfiPJmDhbUwVp1ehGza7o1PKlm13p5mbFr4X55zzAqH8t3l0-S5xUUKgazJmZ8rphe5p8wIG2wJw_gpaPgthtTekjBP2XweQMDYloSAHY04IzsD3b7_2jMIe&amp;__tn__=*NK-R\">#Metroredes<\/a><\/p>\n\n\n\n<p><\/p>\n","protected":false},"excerpt":{"rendered":"<p>La vicepresidenta Karin Herrera particip\u00f3 en el lanzamiento del proceso de ley de aguas bajo el lema Unidos por el agua, acompa\u00f1ada por la ministra de Ambiente y Recursos Naturales, Patty Orantes, as\u00ed como por representantes del sector p\u00fablico, privado y comunitario. En su intervenci\u00f3n, la vicemandataria anunci\u00f3 la creaci\u00f3n del Gabinete del Agua: \u201cEl <a class=\"read-more\" href=\"https:\/\/elmetropolitano.com.gt\/es\/vicepresidenta-anuncia-creacion-del-gabinete-del-agua\/\">Leer m\u00e1s<\/a><\/p>\n","protected":false},"author":1,"featured_media":88136,"comment_status":"open","ping_status":"closed","sticky":false,"template":"","format":"standard","meta":{"footnotes":""},"categories":[2],"tags":[12],"class_list":["post-88135","post","type-post","status-publish","format-standard","has-post-thumbnail","hentry","category-nacionales","tag-nacionales"],"_links":{"self":[{"href":"https:\/\/elmetropolitano.com.gt\/es\/wp-json\/wp\/v2\/posts\/88135","targetHints":{"allow":["GET"]}}],"collection":[{"href":"https:\/\/elmetropolitano.com.gt\/es\/wp-json\/wp\/v2\/posts"}],"about":[{"href":"https:\/\/elmetropolitano.com.gt\/es\/wp-json\/wp\/v2\/types\/post"}],"author":[{"embeddable":true,"href":"https:\/\/elmetropolitano.com.gt\/es\/wp-json\/wp\/v2\/users\/1"}],"replies":[{"embeddable":true,"href":"https:\/\/elmetropolitano.com.gt\/es\/wp-json\/wp\/v2\/comments?post=88135"}],"version-history":[{"count":1,"href":"https:\/\/elmetropolitano.com.gt\/es\/wp-json\/wp\/v2\/posts\/88135\/revisions"}],"predecessor-version":[{"id":88137,"href":"https:\/\/elmetropolitano.com.gt\/es\/wp-json\/wp\/v2\/posts\/88135\/revisions\/88137"}],"wp:featuredmedia":[{"embeddable":true,"href":"https:\/\/elmetropolitano.com.gt\/es\/wp-json\/wp\/v2\/media\/88136"}],"wp:attachment":[{"href":"https:\/\/elmetropolitano.com.gt\/es\/wp-json\/wp\/v2\/media?parent=88135"}],"wp:term":[{"taxonomy":"category","embeddable":true,"href":"https:\/\/elmetropolitano.com.gt\/es\/wp-json\/wp\/v2\/categories?post=88135"},{"taxonomy":"post_tag","embeddable":true,"href":"https:\/\/elmetropolitano.com.gt\/es\/wp-json\/wp\/v2\/tags?post=88135"}],"curies":[{"name":"wp","href":"https:\/\/api.w.org\/{rel}","templated":true}]}}