{"id":88250,"date":"2024-09-03T10:05:10","date_gmt":"2024-09-03T16:05:10","guid":{"rendered":"https:\/\/elmetropolitano.com.gt\/es\/?p=88250"},"modified":"2024-09-03T10:05:10","modified_gmt":"2024-09-03T16:05:10","slug":"conred-alerta-por-explosiones-y-caida-de-ceniza-emanadas-por-el-volcan-de-fuego","status":"publish","type":"post","link":"https:\/\/elmetropolitano.com.gt\/es\/conred-alerta-por-explosiones-y-caida-de-ceniza-emanadas-por-el-volcan-de-fuego\/","title":{"rendered":"Conred alerta por explosiones y ca\u00edda de ceniza emanadas por el volc\u00e1n de Fuego"},"content":{"rendered":"\n<p>El volc\u00e1n de Fuego registra entre 6 y 10 explosiones por hora con caracter\u00edsticas de d\u00e9biles a moderadas que generan retumbos y desgasificaci\u00f3n constantes a alturas de 4 mil 300 metros sobre el nivel del mar.<\/p>\n\n\n\n<p>A trav\u00e9s de un bolet\u00edn, la Coordinadora Nacional para la Reducci\u00f3n de Desastres (Conred) informa tambi\u00e9n que por la noche del domingo 1 de septiembre se observ\u00f3 incandescencia que cubri\u00f3 con <a><\/a>fragmentos de rocas ardientes la zona del cr\u00e1ter.<\/p><div class=\"elmet-contenido\" id=\"elmet-3282363636\"><div class=\"elmet-adlabel\">Anuncios<\/div><div style=\"margin-top: 20px;margin-right: 20px;margin-bottom: 20px;margin-left: 20px;\" id=\"elmet-2506145276\"><a href=\"https:\/\/www.facebook.com\/arrincuanantigua\/\" aria-label=\"cintillo-arrin-cual\"><img loading=\"lazy\" decoding=\"async\" src=\"https:\/\/elmetropolitano.com.gt\/es\/wp-content\/uploads\/2021\/11\/cintillo-arrin-cual-1.jpg\" alt=\"\"  srcset=\"https:\/\/elmetropolitano.com.gt\/es\/wp-content\/uploads\/2021\/11\/cintillo-arrin-cual-1.jpg 750w, https:\/\/elmetropolitano.com.gt\/es\/wp-content\/uploads\/2021\/11\/cintillo-arrin-cual-1-300x36.jpg 300w, https:\/\/elmetropolitano.com.gt\/es\/wp-content\/uploads\/2021\/11\/cintillo-arrin-cual-1-600x72.jpg 600w\" sizes=\"(max-width: 750px) 100vw, 750px\" width=\"750\" height=\"90\"   \/><\/a><\/div><\/div>\n\n\n\n<p>Seg\u00fan el bolet\u00edn vulcanol\u00f3gico emitido este 2 de septiembre por el Instituto Nacional de Sismolog\u00eda, Vulcanolog\u00eda, Meteorolog\u00eda e Hidrolog\u00eda (Insivumeh), se informa que las explosiones provocan la elevaci\u00f3n de columnas de gas y ceniza a alturas de hasta 4 mil 800 metros sobre el nivel del mar.<\/p>\n\n\n\n<p>Ca\u00edda de ceniza<\/p>\n\n\n\n<p>Adem\u00e1s, reportan que la ceniza se dispersa hacia el oeste y suroeste hasta 30 kil\u00f3metros de distancia, actualmente se reporta la ca\u00edda de part\u00edculas finas de ceniza sobre San Pedro Yepocapa, Sangre de Cristo, Palo Verde, El Porvenir, Panimach\u00e9 I y II, Morelia, entre otros.<\/p>\n\n\n\n<p>Recomendaciones<\/p>\n\n\n\n<p>Tambi\u00e9n, alertan sobre las lluvias pronosticadas que afectar\u00e1n la cadena volc\u00e1nica durante la tarde y noche, que podr\u00edan generar el descenso de lahares; por lo que la Secretar\u00eda Ejecutiva de la Conred recomienda a la poblaci\u00f3n no intentar cruzar ni mantenerse cerca de las barrancas o cauces del volc\u00e1n durante el descenso de lahar, as\u00ed como cubrir los dep\u00f3sitos de agua y utilizar mascarilla ante la ca\u00edda de ceniza.<\/p>\n\n\n\n<p>Texto: Eduardo Mart\u00ednez<\/p>\n\n\n\n<p><a href=\"https:\/\/www.facebook.com\/hashtag\/volcandefuego?__eep__=6&amp;__cft__[0]=AZVYpEjHN_lpjWHWxTKpccY4pbDQi9NLEs5R_PFDjQeqScml_8oxBWwoHRN6WHcifl_fF7ppi129OeU1R_7ockXLndoEBlltpqxKbXlFMBX1deud7O2OAkWWgLedl9pUc54DZhb1iPLAYnC3F3TgSxHwGwKvtKrClNmin5cySbASzsifTeLb7g_9EoOkd972o9qSTCnqKuAKNcQIGy89Vy7u&amp;__tn__=*NK-R\">#volcandefuego<\/a><a href=\"https:\/\/www.facebook.com\/hashtag\/metroredes?__eep__=6&amp;__cft__[0]=AZVYpEjHN_lpjWHWxTKpccY4pbDQi9NLEs5R_PFDjQeqScml_8oxBWwoHRN6WHcifl_fF7ppi129OeU1R_7ockXLndoEBlltpqxKbXlFMBX1deud7O2OAkWWgLedl9pUc54DZhb1iPLAYnC3F3TgSxHwGwKvtKrClNmin5cySbASzsifTeLb7g_9EoOkd972o9qSTCnqKuAKNcQIGy89Vy7u&amp;__tn__=*NK-R\">#metroredes<\/a><a href=\"https:\/\/www.facebook.com\/hashtag\/conred?__eep__=6&amp;__cft__[0]=AZVYpEjHN_lpjWHWxTKpccY4pbDQi9NLEs5R_PFDjQeqScml_8oxBWwoHRN6WHcifl_fF7ppi129OeU1R_7ockXLndoEBlltpqxKbXlFMBX1deud7O2OAkWWgLedl9pUc54DZhb1iPLAYnC3F3TgSxHwGwKvtKrClNmin5cySbASzsifTeLb7g_9EoOkd972o9qSTCnqKuAKNcQIGy89Vy7u&amp;__tn__=*NK-R\">#Conred<\/a><\/p>\n\n\n\n<p><a href=\"https:\/\/l.facebook.com\/l.php?u=http%3A%2F%2FWww.elescuintleco.com%2F%3Ffbclid%3DIwZXh0bgNhZW0CMTAAAR3Hgkvtg2epZBRl1S7sKScuAg0PBtI46OVIr-59ogwc9LHEA0zDnVPPnVI_aem_HkaWqeyE66zk3IGL5tZ0Ng&amp;h=AT0RO6yX8lhyvJjRsCnc-qalFLgkxikk6LP7uw2TY9_IvkjcpJFGpmL-wD_pfCCTA2135iX4x5KRjdou50XxFiw0qmK4y_kxt3QivdrBvfcB6nU_uxLG8-1I0LI_TqKQWHjlPkJfp6RvY8FNAp7m&amp;__tn__=-UK-R&amp;c[0]=AT3mamO9KdvCUVKzelLG6ssFCW4k3MEHf9ZXsXCN1SEHDzvPeAQgX_VzZ5Pzi-869IcmILs0jpNaXksk38rur7RgIsJA5P1HCq8EEYAeGPDieod9efp5sYu76HpLyeygdSVajOjOGfEdACbJTnLD3k7ajNl3wTzHISkiUGyoFCIioCX4joTxsHUSsB8yMVsqK6aTmNfrG7olbvsRib2M_21zvNvtP5wJL4NHig\" rel=\"noreferrer noopener\" target=\"_blank\">Www.elescuintleco.com<\/a><\/p>\n","protected":false},"excerpt":{"rendered":"<p>El volc\u00e1n de Fuego registra entre 6 y 10 explosiones por hora con caracter\u00edsticas de d\u00e9biles a moderadas que generan retumbos y desgasificaci\u00f3n constantes a alturas de 4 mil 300 metros sobre el nivel del mar. A trav\u00e9s de un bolet\u00edn, la Coordinadora Nacional para la Reducci\u00f3n de Desastres (Conred) informa tambi\u00e9n que por la <a class=\"read-more\" href=\"https:\/\/elmetropolitano.com.gt\/es\/conred-alerta-por-explosiones-y-caida-de-ceniza-emanadas-por-el-volcan-de-fuego\/\">Leer m\u00e1s<\/a><\/p>\n","protected":false},"author":1,"featured_media":88251,"comment_status":"open","ping_status":"closed","sticky":false,"template":"","format":"standard","meta":{"footnotes":""},"categories":[4],"tags":[13],"class_list":["post-88250","post","type-post","status-publish","format-standard","has-post-thumbnail","hentry","category-departamentales","tag-departamentales"],"_links":{"self":[{"href":"https:\/\/elmetropolitano.com.gt\/es\/wp-json\/wp\/v2\/posts\/88250","targetHints":{"allow":["GET"]}}],"collection":[{"href":"https:\/\/elmetropolitano.com.gt\/es\/wp-json\/wp\/v2\/posts"}],"about":[{"href":"https:\/\/elmetropolitano.com.gt\/es\/wp-json\/wp\/v2\/types\/post"}],"author":[{"embeddable":true,"href":"https:\/\/elmetropolitano.com.gt\/es\/wp-json\/wp\/v2\/users\/1"}],"replies":[{"embeddable":true,"href":"https:\/\/elmetropolitano.com.gt\/es\/wp-json\/wp\/v2\/comments?post=88250"}],"version-history":[{"count":1,"href":"https:\/\/elmetropolitano.com.gt\/es\/wp-json\/wp\/v2\/posts\/88250\/revisions"}],"predecessor-version":[{"id":88252,"href":"https:\/\/elmetropolitano.com.gt\/es\/wp-json\/wp\/v2\/posts\/88250\/revisions\/88252"}],"wp:featuredmedia":[{"embeddable":true,"href":"https:\/\/elmetropolitano.com.gt\/es\/wp-json\/wp\/v2\/media\/88251"}],"wp:attachment":[{"href":"https:\/\/elmetropolitano.com.gt\/es\/wp-json\/wp\/v2\/media?parent=88250"}],"wp:term":[{"taxonomy":"category","embeddable":true,"href":"https:\/\/elmetropolitano.com.gt\/es\/wp-json\/wp\/v2\/categories?post=88250"},{"taxonomy":"post_tag","embeddable":true,"href":"https:\/\/elmetropolitano.com.gt\/es\/wp-json\/wp\/v2\/tags?post=88250"}],"curies":[{"name":"wp","href":"https:\/\/api.w.org\/{rel}","templated":true}]}}