{"id":88281,"date":"2024-09-03T10:19:51","date_gmt":"2024-09-03T16:19:51","guid":{"rendered":"https:\/\/elmetropolitano.com.gt\/es\/?p=88281"},"modified":"2024-09-03T10:19:51","modified_gmt":"2024-09-03T16:19:51","slug":"ya-no-mas-motos-ruidosas-en-palin-ahora-estas-seran-decomisadas","status":"publish","type":"post","link":"https:\/\/elmetropolitano.com.gt\/es\/ya-no-mas-motos-ruidosas-en-palin-ahora-estas-seran-decomisadas\/","title":{"rendered":"Ya no m\u00e1s motos ruidosas en Pal\u00edn ahora estas ser\u00e1n decomisadas"},"content":{"rendered":"\n<p>El alcalde del municipio de Pal\u00edn Escuintla, Byron Rustr\u00edan, ha recibido m\u00faltiples quejas y solicitudes por parte de los vecinos, acerca de las molestias, inconvenientes y literalmente el ruido que producen las motocicletas que han estado circulando con el escape abierto en este municipio donde ahora rigen medidas dr\u00e1sticas como el decomiso de la misma.<\/p>\n\n\n\n<p>Raz\u00f3n por la cual el jefe edil decidi\u00f3 poner manos a la obra, atendiendo las peticiones de los buenos vecinos, solicito al Honorable Concejo Municipal de Pal\u00edn, que se atienda esta problem\u00e1tica que ha venido afectando la paz y la tranquilidad, adem\u00e1s de la salud de los palinecos.<\/p><div class=\"elmet-contenido\" id=\"elmet-3788816264\"><div class=\"elmet-adlabel\">Anuncios<\/div><div style=\"margin-top: 20px;margin-right: 20px;margin-bottom: 20px;margin-left: 20px;\" id=\"elmet-3224379671\"><a href=\"https:\/\/www.facebook.com\/arrincuanantigua\/\" aria-label=\"cintillo-arrin-cual\"><img loading=\"lazy\" decoding=\"async\" src=\"https:\/\/elmetropolitano.com.gt\/es\/wp-content\/uploads\/2021\/11\/cintillo-arrin-cual-1.jpg\" alt=\"\"  srcset=\"https:\/\/elmetropolitano.com.gt\/es\/wp-content\/uploads\/2021\/11\/cintillo-arrin-cual-1.jpg 750w, https:\/\/elmetropolitano.com.gt\/es\/wp-content\/uploads\/2021\/11\/cintillo-arrin-cual-1-300x36.jpg 300w, https:\/\/elmetropolitano.com.gt\/es\/wp-content\/uploads\/2021\/11\/cintillo-arrin-cual-1-600x72.jpg 600w\" sizes=\"(max-width: 750px) 100vw, 750px\" width=\"750\" height=\"90\"   \/><\/a><\/div><\/div>\n\n\n\n<p>Por esta raz\u00f3n, el honorable Concejo Municipal en pleno acord\u00f3 respaldar al alcalde municipal Byron Rustr\u00edan, y aprobar el control de estas motocicletas ruidosas que han estado afectando la tranquilidad de todo el casco urbano de esta cabecera municipal, adem\u00e1s de la contaminaci\u00f3n auditiva que han estado produciendo por tener los escapes de las motos abiertas o por la no utilizaci\u00f3n de los debidos silenciadores con los que deben de contar estos veh\u00edculos siempre.<\/p>\n\n\n\n<p>Multas y decomisos<\/p>\n\n\n\n<p>Amparados por La Constituci\u00f3n Pol\u00edtica De La Republica De Guatemala, adem\u00e1s del respaldo del C\u00f3digo Municipal, las autoridades mun\u00edcipes del municipio de Pal\u00edn, han acordado de manera un\u00e1nime, prohibir la circulaci\u00f3n de motocicletas con un escape estridente o que produzcan ruidos exagerados y amplificados que contaminen el medio ambiente.<\/p>\n\n\n\n<p>De la mano de esta prohibici\u00f3n para que circulen estas motocicletas, La PMT Polic\u00eda Municipal de Tr\u00e1nsito de Pal\u00edn, est\u00e1 facultada y estar\u00e1 multando y sancionando econ\u00f3micamente a los conductores que violen esta norma, pues estar\u00e1n recibiendo una infracci\u00f3n de Q, 3,000.00, adem\u00e1s del decomiso de las motocicletas, las cuales ser\u00e1n conducidas a los predios municipales correspondientes, donde quedar\u00e1n a la disposici\u00f3n de las autoridades y de los procesos legales pertinentes.<\/p>\n\n\n\n<p>Estas medidas municipales, acerca del control sobre las motocicletas sin silenciador, esta total y plenamente vigente a partir del d\u00eda 2 de septiembre, del presente a\u00f1o 2024, en todo el municipio de Pal\u00edn del departamento de Escuintla.<\/p>\n\n\n\n<p>Texto: Oscar Estuardo Villalobos<\/p>\n\n\n\n<figure class=\"wp-block-gallery has-nested-images columns-default is-cropped wp-block-gallery-1 is-layout-flex wp-block-gallery-is-layout-flex\">\n<figure class=\"wp-block-image size-large\"><img loading=\"lazy\" decoding=\"async\" width=\"1024\" height=\"576\" data-id=\"88285\" src=\"https:\/\/elmetropolitano.com.gt\/es\/wp-content\/uploads\/2024\/09\/457569589_1018890070237076_1551896026738592193_n-1024x576.jpg\" alt=\"\" class=\"wp-image-88285\" srcset=\"https:\/\/elmetropolitano.com.gt\/es\/wp-content\/uploads\/2024\/09\/457569589_1018890070237076_1551896026738592193_n-1024x576.jpg 1024w, https:\/\/elmetropolitano.com.gt\/es\/wp-content\/uploads\/2024\/09\/457569589_1018890070237076_1551896026738592193_n-300x169.jpg 300w, https:\/\/elmetropolitano.com.gt\/es\/wp-content\/uploads\/2024\/09\/457569589_1018890070237076_1551896026738592193_n-768x432.jpg 768w, https:\/\/elmetropolitano.com.gt\/es\/wp-content\/uploads\/2024\/09\/457569589_1018890070237076_1551896026738592193_n.jpg 1280w\" sizes=\"auto, (max-width: 1024px) 100vw, 1024px\" \/><\/figure>\n\n\n\n<figure class=\"wp-block-image size-large\"><img loading=\"lazy\" decoding=\"async\" width=\"500\" height=\"333\" data-id=\"88283\" src=\"https:\/\/elmetropolitano.com.gt\/es\/wp-content\/uploads\/2024\/09\/457656816_1018889896903760_1337722680678021252_n.jpg\" alt=\"\" class=\"wp-image-88283\" srcset=\"https:\/\/elmetropolitano.com.gt\/es\/wp-content\/uploads\/2024\/09\/457656816_1018889896903760_1337722680678021252_n.jpg 500w, https:\/\/elmetropolitano.com.gt\/es\/wp-content\/uploads\/2024\/09\/457656816_1018889896903760_1337722680678021252_n-300x200.jpg 300w\" sizes=\"auto, (max-width: 500px) 100vw, 500px\" \/><\/figure>\n\n\n\n<figure class=\"wp-block-image size-large\"><img loading=\"lazy\" decoding=\"async\" width=\"474\" height=\"272\" data-id=\"88284\" src=\"https:\/\/elmetropolitano.com.gt\/es\/wp-content\/uploads\/2024\/09\/458175012_1018889850237098_7314033166509422125_n.jpg\" alt=\"\" class=\"wp-image-88284\" srcset=\"https:\/\/elmetropolitano.com.gt\/es\/wp-content\/uploads\/2024\/09\/458175012_1018889850237098_7314033166509422125_n.jpg 474w, https:\/\/elmetropolitano.com.gt\/es\/wp-content\/uploads\/2024\/09\/458175012_1018889850237098_7314033166509422125_n-300x172.jpg 300w\" sizes=\"auto, (max-width: 474px) 100vw, 474px\" \/><\/figure>\n<\/figure>\n","protected":false},"excerpt":{"rendered":"<p>El alcalde del municipio de Pal\u00edn Escuintla, Byron Rustr\u00edan, ha recibido m\u00faltiples quejas y solicitudes por parte de los vecinos, acerca de las molestias, inconvenientes y literalmente el ruido que producen las motocicletas que han estado circulando con el escape abierto en este municipio donde ahora rigen medidas dr\u00e1sticas como el decomiso de la misma. <a class=\"read-more\" href=\"https:\/\/elmetropolitano.com.gt\/es\/ya-no-mas-motos-ruidosas-en-palin-ahora-estas-seran-decomisadas\/\">Leer m\u00e1s<\/a><\/p>\n","protected":false},"author":1,"featured_media":88282,"comment_status":"open","ping_status":"closed","sticky":false,"template":"","format":"standard","meta":{"footnotes":""},"categories":[4],"tags":[13],"class_list":["post-88281","post","type-post","status-publish","format-standard","has-post-thumbnail","hentry","category-departamentales","tag-departamentales"],"_links":{"self":[{"href":"https:\/\/elmetropolitano.com.gt\/es\/wp-json\/wp\/v2\/posts\/88281","targetHints":{"allow":["GET"]}}],"collection":[{"href":"https:\/\/elmetropolitano.com.gt\/es\/wp-json\/wp\/v2\/posts"}],"about":[{"href":"https:\/\/elmetropolitano.com.gt\/es\/wp-json\/wp\/v2\/types\/post"}],"author":[{"embeddable":true,"href":"https:\/\/elmetropolitano.com.gt\/es\/wp-json\/wp\/v2\/users\/1"}],"replies":[{"embeddable":true,"href":"https:\/\/elmetropolitano.com.gt\/es\/wp-json\/wp\/v2\/comments?post=88281"}],"version-history":[{"count":1,"href":"https:\/\/elmetropolitano.com.gt\/es\/wp-json\/wp\/v2\/posts\/88281\/revisions"}],"predecessor-version":[{"id":88286,"href":"https:\/\/elmetropolitano.com.gt\/es\/wp-json\/wp\/v2\/posts\/88281\/revisions\/88286"}],"wp:featuredmedia":[{"embeddable":true,"href":"https:\/\/elmetropolitano.com.gt\/es\/wp-json\/wp\/v2\/media\/88282"}],"wp:attachment":[{"href":"https:\/\/elmetropolitano.com.gt\/es\/wp-json\/wp\/v2\/media?parent=88281"}],"wp:term":[{"taxonomy":"category","embeddable":true,"href":"https:\/\/elmetropolitano.com.gt\/es\/wp-json\/wp\/v2\/categories?post=88281"},{"taxonomy":"post_tag","embeddable":true,"href":"https:\/\/elmetropolitano.com.gt\/es\/wp-json\/wp\/v2\/tags?post=88281"}],"curies":[{"name":"wp","href":"https:\/\/api.w.org\/{rel}","templated":true}]}}