{"id":88293,"date":"2024-09-03T14:39:29","date_gmt":"2024-09-03T20:39:29","guid":{"rendered":"https:\/\/elmetropolitano.com.gt\/es\/?p=88293"},"modified":"2024-09-03T14:39:29","modified_gmt":"2024-09-03T20:39:29","slug":"celebran-colocacion-de-primera-piedra-para-la-construccion-escuela-en-san-cristobal-verapaz","status":"publish","type":"post","link":"https:\/\/elmetropolitano.com.gt\/es\/celebran-colocacion-de-primera-piedra-para-la-construccion-escuela-en-san-cristobal-verapaz\/","title":{"rendered":"Celebran colocaci\u00f3n de primera piedra para la construcci\u00f3n escuela en San Crist\u00f3bal Verapaz"},"content":{"rendered":"\n<p>La comunidad de la aldea La Providencia en San Crist\u00f3bal Verapaz, celebr\u00f3 con orgullo el desfile por la colocaci\u00f3n de la primera piedra de su escuela. Este evento lleno de alegr\u00eda, donde estudiantes, maestros y familias se unieron marca el inicio de una nueva etapa y el desarrollo de un proyecto.<\/p>\n\n\n\n<p>Se trata del proyecto: 330264 \u2013 Mejoramiento de Escuela Primaria Aldea La Providencia San <a><\/a>Crist\u00f3bal Verapaz, Alta Verapaz.<\/p><div class=\"elmet-contenido\" id=\"elmet-3314620604\"><div class=\"elmet-adlabel\">Anuncios<\/div><div style=\"margin-top: 20px;margin-right: 20px;margin-bottom: 20px;margin-left: 20px;\" id=\"elmet-2768348431\"><a href=\"https:\/\/www.facebook.com\/arrincuanantigua\/\" aria-label=\"cintillo-arrin-cual\"><img loading=\"lazy\" decoding=\"async\" src=\"https:\/\/elmetropolitano.com.gt\/es\/wp-content\/uploads\/2021\/11\/cintillo-arrin-cual-1.jpg\" alt=\"\"  srcset=\"https:\/\/elmetropolitano.com.gt\/es\/wp-content\/uploads\/2021\/11\/cintillo-arrin-cual-1.jpg 750w, https:\/\/elmetropolitano.com.gt\/es\/wp-content\/uploads\/2021\/11\/cintillo-arrin-cual-1-300x36.jpg 300w, https:\/\/elmetropolitano.com.gt\/es\/wp-content\/uploads\/2021\/11\/cintillo-arrin-cual-1-600x72.jpg 600w\" sizes=\"(max-width: 750px) 100vw, 750px\" width=\"750\" height=\"90\"   \/><\/a><\/div><\/div>\n\n\n\n<p>Con trajes t\u00edpicos, bandas musicales y la energ\u00eda de los j\u00f3venes, esta celebraci\u00f3n no solo honra la educaci\u00f3n, sino tambi\u00e9n la uni\u00f3n y el esfuerzo de toda la comunidad. La gobernadora de Alta Verapaz, Dilia C\u00f3 Coy estuvo presente en la actividad acompa\u00f1ando al alcalde Celso Gue.<\/p>\n\n\n\n<p>Estos acercamientos fortalecen las acciones interinstitucionales y las relaciones con el Consejo Departamental de Desarrollo de Alta Verapaz (Codedeav).<\/p>\n\n\n\n<p>M\u00e1s acciones en el departamento<\/p>\n\n\n\n<p>La semana anterior, la gobernadora tambi\u00e9n acompa\u00f1\u00f3 al se\u00f1or alcalde municipal de San Crist\u00f3bal Verapaz Celso Gue para la inauguraci\u00f3n de La Escuela para Ni\u00f1as de la aldea Las Pacayas.<\/p>\n\n\n\n<p>Este es un proyecto que logra concluirse y es importante para ir cerrando la brecha de las obras de arrastre de ejercicios fiscales anteriores y de esta forma ir saneando el plan de inversi\u00f3n del Codedeav.<\/p>\n\n\n\n<p>Asimismo, se inform\u00f3 que la funcionaria verific\u00f3 los avances en la construcci\u00f3n de la Escuela para ni\u00f1as en San Crist\u00f3bal Verapaz que est\u00e1n a cargo de esa Unidad Ejecutora con el alcalde Celso Gue. Estos proyectos forman las obras de arrastre y obras con financiamiento multianual que iniciaron en el 2022 y 2023 y que deben concluirse este a\u00f1o.<\/p>\n\n\n\n<p>El seguimiento responde a su funci\u00f3n como Presidente del Codedeav y respalda las supervisiones que la Secretar\u00eda de Coordinaci\u00f3n Ejecutiva de la Presidencia (SCEP) tambi\u00e9n est\u00e1 realizando para avanzar con los proyectos 2024.<\/p>\n\n\n\n<p><a href=\"https:\/\/www.facebook.com\/hashtag\/educacionparatodos?__eep__=6&amp;__cft__[0]=AZXb2jE9KpAmSaAfoDpfaJQwLvJb1JrTqae8_N3JpmmfcYC1UrhpnsxR4i1-YBGsBWrHKAlovAgRu9G7zNGlP8EHEQyDzQ_m6jes5Zv6P5f5DL4NB5SixXJ6i6pyr2RI948fVPxtX5PWOCYJNhBLPUwwvKBHPwPI5FNo0iOzfOdUon5YhvQHwImSKeOBfdxBjKf3MpsLR96_VVQ9Me3_NlLS&amp;__tn__=*NK-R\">#EducacionParaTodos<\/a><a href=\"https:\/\/www.facebook.com\/hashtag\/metroredes?__eep__=6&amp;__cft__[0]=AZXb2jE9KpAmSaAfoDpfaJQwLvJb1JrTqae8_N3JpmmfcYC1UrhpnsxR4i1-YBGsBWrHKAlovAgRu9G7zNGlP8EHEQyDzQ_m6jes5Zv6P5f5DL4NB5SixXJ6i6pyr2RI948fVPxtX5PWOCYJNhBLPUwwvKBHPwPI5FNo0iOzfOdUon5YhvQHwImSKeOBfdxBjKf3MpsLR96_VVQ9Me3_NlLS&amp;__tn__=*NK-R\">#metroredes<\/a><a href=\"https:\/\/www.facebook.com\/hashtag\/sancristobalverapaz?__eep__=6&amp;__cft__[0]=AZXb2jE9KpAmSaAfoDpfaJQwLvJb1JrTqae8_N3JpmmfcYC1UrhpnsxR4i1-YBGsBWrHKAlovAgRu9G7zNGlP8EHEQyDzQ_m6jes5Zv6P5f5DL4NB5SixXJ6i6pyr2RI948fVPxtX5PWOCYJNhBLPUwwvKBHPwPI5FNo0iOzfOdUon5YhvQHwImSKeOBfdxBjKf3MpsLR96_VVQ9Me3_NlLS&amp;__tn__=*NK-R\">#sancristobalVerapaz<\/a><\/p>\n\n\n\n<p><a href=\"https:\/\/l.facebook.com\/l.php?u=http%3A%2F%2Fwww.elmetropoliano.com.gt%2F%3Ffbclid%3DIwZXh0bgNhZW0CMTAAAR34JHPxYHBeG8X0wLXqsSstRXrM3PKZ2CNkXBylQ0mgSljTC_QpjQk95dQ_aem_lxTPvH9uNyliuetXZ57pXA&amp;h=AT3cftrKUzqAXE98FA_rrWjahQLhNAN6Q5o5OwYlwf7K-tStLOzzB1NNrh6DThAukjkk1qE2oE2Iu4IsIRJISIej2-J5t_d1F_dyjpGsyLIZLGsNzthpHEvKon8--jgnfQDfijpwCW5_FI1fDxJh&amp;__tn__=-UK-R&amp;c[0]=AT2xQ-TAcqYS1-bsnFGjFv7WH-sBQC6qI14gQe3xfzte76_n1GWsRo6iav3bVS299maKffxP50ZGNYD4Wz6CNe8ku_EJ_By7jkOQaTVDrgaqcliOiDM1aqwetfmn60_Km70B85JKc4qARsSSQvQR_bSSA1xyndDpuhVClDGgCeIqi9ed0d7nLwrPWB8NQgSZWowMnKXoSCG7FWn7wJdd8ZHCya90o16eLbEw4A\" target=\"_blank\" rel=\"noreferrer noopener\">www.elmetropoliano.com.gt<\/a><a href=\"https:\/\/l.facebook.com\/l.php?u=http%3A%2F%2Fwww.metroredes.com%2F%3Ffbclid%3DIwZXh0bgNhZW0CMTAAAR0TirWw4PVBtxHQzphESvdWhpDZrCK8BDAwFG21YfWQORfFcNsoFVG-QiM_aem_CVj6-BZFT568i39n-GPRmw&amp;h=AT1jT0iw8EPHhukdwfftdqCTOpAzGunWfoSV_QGoqo_s_HGZmqVZZJdU2gTP8DQcSs6CtLIMq0K5uCU9kBe56uXgiQjaSrTSkveQt9ow1USNz-wP5KxdOaf88J-Ph8k-KNLrSM6NQa6WvkXbxTGw&amp;__tn__=-UK-R&amp;c[0]=AT2xQ-TAcqYS1-bsnFGjFv7WH-sBQC6qI14gQe3xfzte76_n1GWsRo6iav3bVS299maKffxP50ZGNYD4Wz6CNe8ku_EJ_By7jkOQaTVDrgaqcliOiDM1aqwetfmn60_Km70B85JKc4qARsSSQvQR_bSSA1xyndDpuhVClDGgCeIqi9ed0d7nLwrPWB8NQgSZWowMnKXoSCG7FWn7wJdd8ZHCya90o16eLbEw4A\" target=\"_blank\" rel=\"noreferrer noopener\">www.metroredes.com<\/a><\/p>\n\n\n\n<figure class=\"wp-block-gallery has-nested-images columns-default is-cropped wp-block-gallery-1 is-layout-flex wp-block-gallery-is-layout-flex\">\n<figure class=\"wp-block-image size-large\"><img loading=\"lazy\" decoding=\"async\" width=\"1024\" height=\"575\" data-id=\"88296\" src=\"https:\/\/elmetropolitano.com.gt\/es\/wp-content\/uploads\/2024\/09\/457880414_1018966293562787_7945431570714696378_n-1024x575.jpg\" alt=\"\" class=\"wp-image-88296\" srcset=\"https:\/\/elmetropolitano.com.gt\/es\/wp-content\/uploads\/2024\/09\/457880414_1018966293562787_7945431570714696378_n-1024x575.jpg 1024w, https:\/\/elmetropolitano.com.gt\/es\/wp-content\/uploads\/2024\/09\/457880414_1018966293562787_7945431570714696378_n-300x168.jpg 300w, https:\/\/elmetropolitano.com.gt\/es\/wp-content\/uploads\/2024\/09\/457880414_1018966293562787_7945431570714696378_n-768x431.jpg 768w, https:\/\/elmetropolitano.com.gt\/es\/wp-content\/uploads\/2024\/09\/457880414_1018966293562787_7945431570714696378_n-1536x863.jpg 1536w, https:\/\/elmetropolitano.com.gt\/es\/wp-content\/uploads\/2024\/09\/457880414_1018966293562787_7945431570714696378_n.jpg 2048w\" sizes=\"auto, (max-width: 1024px) 100vw, 1024px\" \/><\/figure>\n\n\n\n<figure class=\"wp-block-image size-large\"><img loading=\"lazy\" decoding=\"async\" width=\"1024\" height=\"575\" data-id=\"88297\" src=\"https:\/\/elmetropolitano.com.gt\/es\/wp-content\/uploads\/2024\/09\/458087273_1018966476896102_3535113581820129521_n-1024x575.jpg\" alt=\"\" class=\"wp-image-88297\" srcset=\"https:\/\/elmetropolitano.com.gt\/es\/wp-content\/uploads\/2024\/09\/458087273_1018966476896102_3535113581820129521_n-1024x575.jpg 1024w, https:\/\/elmetropolitano.com.gt\/es\/wp-content\/uploads\/2024\/09\/458087273_1018966476896102_3535113581820129521_n-300x168.jpg 300w, https:\/\/elmetropolitano.com.gt\/es\/wp-content\/uploads\/2024\/09\/458087273_1018966476896102_3535113581820129521_n-768x431.jpg 768w, https:\/\/elmetropolitano.com.gt\/es\/wp-content\/uploads\/2024\/09\/458087273_1018966476896102_3535113581820129521_n-1536x863.jpg 1536w, https:\/\/elmetropolitano.com.gt\/es\/wp-content\/uploads\/2024\/09\/458087273_1018966476896102_3535113581820129521_n.jpg 2048w\" sizes=\"auto, (max-width: 1024px) 100vw, 1024px\" \/><\/figure>\n\n\n\n<figure class=\"wp-block-image size-large\"><img loading=\"lazy\" decoding=\"async\" width=\"1024\" height=\"575\" data-id=\"88295\" src=\"https:\/\/elmetropolitano.com.gt\/es\/wp-content\/uploads\/2024\/09\/458299647_1018966440229439_8298362117290601631_n-1024x575.jpg\" alt=\"\" class=\"wp-image-88295\" srcset=\"https:\/\/elmetropolitano.com.gt\/es\/wp-content\/uploads\/2024\/09\/458299647_1018966440229439_8298362117290601631_n-1024x575.jpg 1024w, https:\/\/elmetropolitano.com.gt\/es\/wp-content\/uploads\/2024\/09\/458299647_1018966440229439_8298362117290601631_n-300x168.jpg 300w, https:\/\/elmetropolitano.com.gt\/es\/wp-content\/uploads\/2024\/09\/458299647_1018966440229439_8298362117290601631_n-768x431.jpg 768w, https:\/\/elmetropolitano.com.gt\/es\/wp-content\/uploads\/2024\/09\/458299647_1018966440229439_8298362117290601631_n-1536x863.jpg 1536w, https:\/\/elmetropolitano.com.gt\/es\/wp-content\/uploads\/2024\/09\/458299647_1018966440229439_8298362117290601631_n.jpg 2048w\" sizes=\"auto, (max-width: 1024px) 100vw, 1024px\" \/><\/figure>\n\n\n\n<figure class=\"wp-block-image size-large\"><img loading=\"lazy\" decoding=\"async\" width=\"1024\" height=\"575\" data-id=\"88300\" src=\"https:\/\/elmetropolitano.com.gt\/es\/wp-content\/uploads\/2024\/09\/458368259_1018966340229449_7345276501847500039_n-1024x575.jpg\" alt=\"\" class=\"wp-image-88300\" srcset=\"https:\/\/elmetropolitano.com.gt\/es\/wp-content\/uploads\/2024\/09\/458368259_1018966340229449_7345276501847500039_n-1024x575.jpg 1024w, https:\/\/elmetropolitano.com.gt\/es\/wp-content\/uploads\/2024\/09\/458368259_1018966340229449_7345276501847500039_n-300x168.jpg 300w, https:\/\/elmetropolitano.com.gt\/es\/wp-content\/uploads\/2024\/09\/458368259_1018966340229449_7345276501847500039_n-768x431.jpg 768w, https:\/\/elmetropolitano.com.gt\/es\/wp-content\/uploads\/2024\/09\/458368259_1018966340229449_7345276501847500039_n-1536x863.jpg 1536w, https:\/\/elmetropolitano.com.gt\/es\/wp-content\/uploads\/2024\/09\/458368259_1018966340229449_7345276501847500039_n.jpg 2048w\" sizes=\"auto, (max-width: 1024px) 100vw, 1024px\" \/><\/figure>\n\n\n\n<figure class=\"wp-block-image size-large\"><img loading=\"lazy\" decoding=\"async\" width=\"1024\" height=\"575\" data-id=\"88299\" src=\"https:\/\/elmetropolitano.com.gt\/es\/wp-content\/uploads\/2024\/09\/458378470_1018966383562778_7595660876233344157_n-1024x575.jpg\" alt=\"\" class=\"wp-image-88299\" srcset=\"https:\/\/elmetropolitano.com.gt\/es\/wp-content\/uploads\/2024\/09\/458378470_1018966383562778_7595660876233344157_n-1024x575.jpg 1024w, https:\/\/elmetropolitano.com.gt\/es\/wp-content\/uploads\/2024\/09\/458378470_1018966383562778_7595660876233344157_n-300x168.jpg 300w, https:\/\/elmetropolitano.com.gt\/es\/wp-content\/uploads\/2024\/09\/458378470_1018966383562778_7595660876233344157_n-768x431.jpg 768w, https:\/\/elmetropolitano.com.gt\/es\/wp-content\/uploads\/2024\/09\/458378470_1018966383562778_7595660876233344157_n-1536x863.jpg 1536w, https:\/\/elmetropolitano.com.gt\/es\/wp-content\/uploads\/2024\/09\/458378470_1018966383562778_7595660876233344157_n.jpg 2048w\" sizes=\"auto, (max-width: 1024px) 100vw, 1024px\" \/><\/figure>\n<\/figure>\n","protected":false},"excerpt":{"rendered":"<p>La comunidad de la aldea La Providencia en San Crist\u00f3bal Verapaz, celebr\u00f3 con orgullo el desfile por la colocaci\u00f3n de la primera piedra de su escuela. Este evento lleno de alegr\u00eda, donde estudiantes, maestros y familias se unieron marca el inicio de una nueva etapa y el desarrollo de un proyecto. Se trata del proyecto: <a class=\"read-more\" href=\"https:\/\/elmetropolitano.com.gt\/es\/celebran-colocacion-de-primera-piedra-para-la-construccion-escuela-en-san-cristobal-verapaz\/\">Leer m\u00e1s<\/a><\/p>\n","protected":false},"author":1,"featured_media":88294,"comment_status":"open","ping_status":"closed","sticky":false,"template":"","format":"standard","meta":{"footnotes":""},"categories":[4],"tags":[13],"class_list":["post-88293","post","type-post","status-publish","format-standard","has-post-thumbnail","hentry","category-departamentales","tag-departamentales"],"_links":{"self":[{"href":"https:\/\/elmetropolitano.com.gt\/es\/wp-json\/wp\/v2\/posts\/88293","targetHints":{"allow":["GET"]}}],"collection":[{"href":"https:\/\/elmetropolitano.com.gt\/es\/wp-json\/wp\/v2\/posts"}],"about":[{"href":"https:\/\/elmetropolitano.com.gt\/es\/wp-json\/wp\/v2\/types\/post"}],"author":[{"embeddable":true,"href":"https:\/\/elmetropolitano.com.gt\/es\/wp-json\/wp\/v2\/users\/1"}],"replies":[{"embeddable":true,"href":"https:\/\/elmetropolitano.com.gt\/es\/wp-json\/wp\/v2\/comments?post=88293"}],"version-history":[{"count":1,"href":"https:\/\/elmetropolitano.com.gt\/es\/wp-json\/wp\/v2\/posts\/88293\/revisions"}],"predecessor-version":[{"id":88301,"href":"https:\/\/elmetropolitano.com.gt\/es\/wp-json\/wp\/v2\/posts\/88293\/revisions\/88301"}],"wp:featuredmedia":[{"embeddable":true,"href":"https:\/\/elmetropolitano.com.gt\/es\/wp-json\/wp\/v2\/media\/88294"}],"wp:attachment":[{"href":"https:\/\/elmetropolitano.com.gt\/es\/wp-json\/wp\/v2\/media?parent=88293"}],"wp:term":[{"taxonomy":"category","embeddable":true,"href":"https:\/\/elmetropolitano.com.gt\/es\/wp-json\/wp\/v2\/categories?post=88293"},{"taxonomy":"post_tag","embeddable":true,"href":"https:\/\/elmetropolitano.com.gt\/es\/wp-json\/wp\/v2\/tags?post=88293"}],"curies":[{"name":"wp","href":"https:\/\/api.w.org\/{rel}","templated":true}]}}