{"id":88333,"date":"2024-09-04T09:34:19","date_gmt":"2024-09-04T15:34:19","guid":{"rendered":"https:\/\/elmetropolitano.com.gt\/es\/?p=88333"},"modified":"2024-09-04T09:34:19","modified_gmt":"2024-09-04T15:34:19","slug":"trabajador-de-portuaria-quetzales-capturado-con-q-242-mil-en-efectivo","status":"publish","type":"post","link":"https:\/\/elmetropolitano.com.gt\/es\/trabajador-de-portuaria-quetzales-capturado-con-q-242-mil-en-efectivo\/","title":{"rendered":"Trabajador de Portuaria Quetzales capturado con Q.242 mil en efectivo"},"content":{"rendered":"\n<p>Erwin Mardoqueo Bonilla Estrada de 34 a\u00f1os fue detenido anoche en el ingreso de veh\u00edculos de la portuaria Puerto Quetzal Escuintla<\/p>\n\n\n\n<p>Seg\u00fan informe de DIPAFRONT PNC se le marc\u00f3 el alto al carro localizando un compartimento oculto en su interior<\/p><div class=\"elmet-contenido\" id=\"elmet-383169907\"><div class=\"elmet-adlabel\">Anuncios<\/div><div style=\"margin-top: 20px;margin-right: 20px;margin-bottom: 20px;margin-left: 20px;\" id=\"elmet-2764822793\"><a href=\"https:\/\/www.facebook.com\/arrincuanantigua\/\" aria-label=\"cintillo-arrin-cual\"><img loading=\"lazy\" decoding=\"async\" src=\"https:\/\/elmetropolitano.com.gt\/es\/wp-content\/uploads\/2021\/11\/cintillo-arrin-cual-1.jpg\" alt=\"\"  srcset=\"https:\/\/elmetropolitano.com.gt\/es\/wp-content\/uploads\/2021\/11\/cintillo-arrin-cual-1.jpg 750w, https:\/\/elmetropolitano.com.gt\/es\/wp-content\/uploads\/2021\/11\/cintillo-arrin-cual-1-300x36.jpg 300w, https:\/\/elmetropolitano.com.gt\/es\/wp-content\/uploads\/2021\/11\/cintillo-arrin-cual-1-600x72.jpg 600w\" sizes=\"(max-width: 750px) 100vw, 750px\" width=\"750\" height=\"90\"   \/><\/a><\/div><\/div>\n\n\n\n<p>Q. <a><\/a>242,710.00 en efectivo y 180 municiones de diferentes calibres.<\/p>\n\n\n\n<p>El detenido asegur\u00f3 le hab\u00eda solicitado movilizar el carro por lo que accedi\u00f3, mientras tanto autoridades comentaron que con la captura de Mareoqueo le siguen la pista a una poderosa red de sobornos que operan en los puertos de Guatemala.<\/p>\n\n\n\n<p>El Ministerio P\u00fablico MP tom\u00f3 el caso para investigar las personas involucradas en la red de sobornos que all\u00ed opera<\/p>\n\n\n\n<p><a href=\"https:\/\/www.facebook.com\/hashtag\/metroredes?__eep__=6&amp;__cft__[0]=AZUCm8XesvqCH7ZqcvGWb-qau86s_FTXIz3QWLCuvqYTGwbTxP41Z9FQOWlNYXzUs0aXB4gI2O2_IuptCLKU7aSo1C5jsTQbFtDxWQsrOX3YWECIaGkBFvovpcSvvzjt98e_ZjocmoYpnyAD8Rq_on3-XCQNicy1O-5Sw8MRKeDkPKmYoBfnSwbkimbXRY-gYiKPx5C4CY7O8yQAMveCJn5i&amp;__tn__=*NK-R\">#metroredes<\/a><a href=\"https:\/\/www.facebook.com\/hashtag\/pncdeguatemala?__eep__=6&amp;__cft__[0]=AZUCm8XesvqCH7ZqcvGWb-qau86s_FTXIz3QWLCuvqYTGwbTxP41Z9FQOWlNYXzUs0aXB4gI2O2_IuptCLKU7aSo1C5jsTQbFtDxWQsrOX3YWECIaGkBFvovpcSvvzjt98e_ZjocmoYpnyAD8Rq_on3-XCQNicy1O-5Sw8MRKeDkPKmYoBfnSwbkimbXRY-gYiKPx5C4CY7O8yQAMveCJn5i&amp;__tn__=*NK-R\">#PNCdeGuatemala<\/a><\/p>\n\n\n\n<figure class=\"wp-block-gallery has-nested-images columns-default is-cropped wp-block-gallery-1 is-layout-flex wp-block-gallery-is-layout-flex\">\n<figure class=\"wp-block-image size-large\"><img loading=\"lazy\" decoding=\"async\" width=\"747\" height=\"1024\" data-id=\"88335\" src=\"https:\/\/elmetropolitano.com.gt\/es\/wp-content\/uploads\/2024\/09\/457655788_1019556760170407_3962154251323688062_n-1-747x1024.jpg\" alt=\"\" class=\"wp-image-88335\" srcset=\"https:\/\/elmetropolitano.com.gt\/es\/wp-content\/uploads\/2024\/09\/457655788_1019556760170407_3962154251323688062_n-1-747x1024.jpg 747w, https:\/\/elmetropolitano.com.gt\/es\/wp-content\/uploads\/2024\/09\/457655788_1019556760170407_3962154251323688062_n-1-219x300.jpg 219w, https:\/\/elmetropolitano.com.gt\/es\/wp-content\/uploads\/2024\/09\/457655788_1019556760170407_3962154251323688062_n-1-768x1053.jpg 768w, https:\/\/elmetropolitano.com.gt\/es\/wp-content\/uploads\/2024\/09\/457655788_1019556760170407_3962154251323688062_n-1.jpg 949w\" sizes=\"auto, (max-width: 747px) 100vw, 747px\" \/><\/figure>\n\n\n\n<figure class=\"wp-block-image size-large\"><img loading=\"lazy\" decoding=\"async\" width=\"1024\" height=\"409\" data-id=\"88336\" src=\"https:\/\/elmetropolitano.com.gt\/es\/wp-content\/uploads\/2024\/09\/458183669_1019556620170421_7225566335911597577_n-1024x409.jpg\" alt=\"\" class=\"wp-image-88336\" srcset=\"https:\/\/elmetropolitano.com.gt\/es\/wp-content\/uploads\/2024\/09\/458183669_1019556620170421_7225566335911597577_n-1024x409.jpg 1024w, https:\/\/elmetropolitano.com.gt\/es\/wp-content\/uploads\/2024\/09\/458183669_1019556620170421_7225566335911597577_n-300x120.jpg 300w, https:\/\/elmetropolitano.com.gt\/es\/wp-content\/uploads\/2024\/09\/458183669_1019556620170421_7225566335911597577_n-768x307.jpg 768w, https:\/\/elmetropolitano.com.gt\/es\/wp-content\/uploads\/2024\/09\/458183669_1019556620170421_7225566335911597577_n.jpg 1200w\" sizes=\"auto, (max-width: 1024px) 100vw, 1024px\" \/><\/figure>\n\n\n\n<figure class=\"wp-block-image size-large\"><img loading=\"lazy\" decoding=\"async\" width=\"1024\" height=\"628\" data-id=\"88337\" src=\"https:\/\/elmetropolitano.com.gt\/es\/wp-content\/uploads\/2024\/09\/458365121_1019556770170406_5778147510622108299_n-1024x628.jpg\" alt=\"\" class=\"wp-image-88337\" srcset=\"https:\/\/elmetropolitano.com.gt\/es\/wp-content\/uploads\/2024\/09\/458365121_1019556770170406_5778147510622108299_n-1024x628.jpg 1024w, https:\/\/elmetropolitano.com.gt\/es\/wp-content\/uploads\/2024\/09\/458365121_1019556770170406_5778147510622108299_n-300x184.jpg 300w, https:\/\/elmetropolitano.com.gt\/es\/wp-content\/uploads\/2024\/09\/458365121_1019556770170406_5778147510622108299_n-768x471.jpg 768w, https:\/\/elmetropolitano.com.gt\/es\/wp-content\/uploads\/2024\/09\/458365121_1019556770170406_5778147510622108299_n.jpg 1200w\" sizes=\"auto, (max-width: 1024px) 100vw, 1024px\" \/><\/figure>\n<\/figure>\n","protected":false},"excerpt":{"rendered":"<p>Erwin Mardoqueo Bonilla Estrada de 34 a\u00f1os fue detenido anoche en el ingreso de veh\u00edculos de la portuaria Puerto Quetzal Escuintla Seg\u00fan informe de DIPAFRONT PNC se le marc\u00f3 el alto al carro localizando un compartimento oculto en su interior Q. 242,710.00 en efectivo y 180 municiones de diferentes calibres. El detenido asegur\u00f3 le hab\u00eda <a class=\"read-more\" href=\"https:\/\/elmetropolitano.com.gt\/es\/trabajador-de-portuaria-quetzales-capturado-con-q-242-mil-en-efectivo\/\">Leer m\u00e1s<\/a><\/p>\n","protected":false},"author":1,"featured_media":88334,"comment_status":"open","ping_status":"closed","sticky":false,"template":"","format":"standard","meta":{"footnotes":""},"categories":[4],"tags":[13],"class_list":["post-88333","post","type-post","status-publish","format-standard","has-post-thumbnail","hentry","category-departamentales","tag-departamentales"],"_links":{"self":[{"href":"https:\/\/elmetropolitano.com.gt\/es\/wp-json\/wp\/v2\/posts\/88333","targetHints":{"allow":["GET"]}}],"collection":[{"href":"https:\/\/elmetropolitano.com.gt\/es\/wp-json\/wp\/v2\/posts"}],"about":[{"href":"https:\/\/elmetropolitano.com.gt\/es\/wp-json\/wp\/v2\/types\/post"}],"author":[{"embeddable":true,"href":"https:\/\/elmetropolitano.com.gt\/es\/wp-json\/wp\/v2\/users\/1"}],"replies":[{"embeddable":true,"href":"https:\/\/elmetropolitano.com.gt\/es\/wp-json\/wp\/v2\/comments?post=88333"}],"version-history":[{"count":1,"href":"https:\/\/elmetropolitano.com.gt\/es\/wp-json\/wp\/v2\/posts\/88333\/revisions"}],"predecessor-version":[{"id":88338,"href":"https:\/\/elmetropolitano.com.gt\/es\/wp-json\/wp\/v2\/posts\/88333\/revisions\/88338"}],"wp:featuredmedia":[{"embeddable":true,"href":"https:\/\/elmetropolitano.com.gt\/es\/wp-json\/wp\/v2\/media\/88334"}],"wp:attachment":[{"href":"https:\/\/elmetropolitano.com.gt\/es\/wp-json\/wp\/v2\/media?parent=88333"}],"wp:term":[{"taxonomy":"category","embeddable":true,"href":"https:\/\/elmetropolitano.com.gt\/es\/wp-json\/wp\/v2\/categories?post=88333"},{"taxonomy":"post_tag","embeddable":true,"href":"https:\/\/elmetropolitano.com.gt\/es\/wp-json\/wp\/v2\/tags?post=88333"}],"curies":[{"name":"wp","href":"https:\/\/api.w.org\/{rel}","templated":true}]}}