{"id":88367,"date":"2024-09-05T09:23:17","date_gmt":"2024-09-05T15:23:17","guid":{"rendered":"https:\/\/elmetropolitano.com.gt\/es\/?p=88367"},"modified":"2024-09-05T09:23:17","modified_gmt":"2024-09-05T15:23:17","slug":"llega-sneaker-fever-expo-2024-la-maxima-fiesta-de-la-cultura-sneaker-y-moda-urbana-en-guatemala","status":"publish","type":"post","link":"https:\/\/elmetropolitano.com.gt\/es\/llega-sneaker-fever-expo-2024-la-maxima-fiesta-de-la-cultura-sneaker-y-moda-urbana-en-guatemala\/","title":{"rendered":"Llega Sneaker Fever Expo 2024: La m\u00e1xima fiesta de la cultura sneaker y moda urbana en Guatemala"},"content":{"rendered":"\n<p>La SNEAKER FEVER EXPO regresa en su edici\u00f3n 2024, celebrando su 5\u00ba aniversario en Guatemala y trayendo consigo un evento sin igual que festejar\u00e1 la vibrante cultura sneaker y la moda urbana en un ambiente festivo y lleno de energ\u00eda. Este festival, que ha cautivado a miles de entusiastas en toda la regi\u00f3n, promete ser el epicentro de la moda urbana en el pa\u00eds, reuniendo a los m\u00e1s grandes exponentes de la cultura sneaker, m\u00fasica en vivo, comida y un sinf\u00edn de experiencias \u00fanicas.<\/p>\n\n\n\n<p>Este a\u00f1o, la SNEAKER FEVER EXPO cuenta con el respaldo de la reconocida marca mundial adidas, lo que evidencia el crecimiento y la importancia de la cultura urbana en Guatemala. Marcas y tiendas locales, as\u00ed como participantes internacionales provenientes de M\u00e9xico, Estados Unidos, Ecuador y El Salvador, se unir\u00e1n al evento, subrayando el alcance regional de esta plataforma que abarca moda, accesorios, juguetes coleccionables, arte y m\u00fasica.<\/p><div class=\"elmet-contenido\" id=\"elmet-3888407789\"><div class=\"elmet-adlabel\">Anuncios<\/div><div style=\"margin-top: 20px;margin-right: 20px;margin-bottom: 20px;margin-left: 20px;\" id=\"elmet-839721634\"><a href=\"https:\/\/www.facebook.com\/arrincuanantigua\/\" aria-label=\"cintillo-arrin-cual\"><img loading=\"lazy\" decoding=\"async\" src=\"https:\/\/elmetropolitano.com.gt\/es\/wp-content\/uploads\/2021\/11\/cintillo-arrin-cual-1.jpg\" alt=\"\"  srcset=\"https:\/\/elmetropolitano.com.gt\/es\/wp-content\/uploads\/2021\/11\/cintillo-arrin-cual-1.jpg 750w, https:\/\/elmetropolitano.com.gt\/es\/wp-content\/uploads\/2021\/11\/cintillo-arrin-cual-1-300x36.jpg 300w, https:\/\/elmetropolitano.com.gt\/es\/wp-content\/uploads\/2021\/11\/cintillo-arrin-cual-1-600x72.jpg 600w\" sizes=\"(max-width: 750px) 100vw, 750px\" width=\"750\" height=\"90\"   \/><\/a><\/div><\/div>\n\n\n\n<p>Adem\u00e1s, este a\u00f1o Sneaker Fever tambi\u00e9n contar\u00e1 con la colaboraci\u00f3n de Ecim, un renombrado artista colombiano reconocido por su trabajo con marcas importantes a nivel mundial, quien ha sido el encargado de la creaci\u00f3n del arte oficial del evento.<\/p>\n\n\n\n<p>La SNEAKER FEVER EXPO 2024 se realizar\u00e1 el 28 de septiembre en Forum Majadas desde las 10:00 a.m., un espacio que se transformar\u00e1 en un verdadero para\u00edso para los amantes de los sneakers y la moda urbana. Los asistentes pueden esperar una variada oferta de stands con las marcas m\u00e1s destacadas, modelos de sneakers exclusivos, m\u00fasica en vivo que pondr\u00e1 a vibrar a todos, y opciones gastron\u00f3micas que complementar\u00e1n la experiencia, incluyendo cocteles de Gran Malo y Jameson, y bebidas energ\u00e9ticas de Monster Energy.<\/p>\n\n\n\n<p>\u00abLa Sneaker Fever Expo es mucho m\u00e1s que un evento, es una celebraci\u00f3n de la cultura urbana que sigue creciendo y evolucionando. Este a\u00f1o estamos preparando una experiencia inigualable que reunir\u00e1 lo mejor de los sneakers, la moda y la m\u00fasica en un solo lugar. Queremos que todos los asistentes disfruten de un evento lleno de energ\u00eda, creatividad y, sobre todo, mucha diversi\u00f3n\u00bb, expres\u00f3 Javier Flores, representante de Sneaker Fever Guatemala.<\/p>\n\n\n\n<p>La admisi\u00f3n general al evento tendr\u00e1 un costo de Q50 en preventa y Q60 en la taquilla el d\u00eda del evento. Para m\u00e1s detalles sobre el evento y actualizaciones, pueden seguir a @sneakerfevergt en Instagram.<\/p>\n\n\n\n<p>\u00abNos enorgullece anunciar que, como parte de nuestro compromiso con la sostenibilidad, nos hemos aliado con Plantemos, una organizaci\u00f3n sin fines de lucro dedicada a la recuperaci\u00f3n forestal en Guatemala con m\u00e1s de 12 a\u00f1os de experiencia en la preservaci\u00f3n del planeta. Parte de los ingresos del evento se destinar\u00e1n a apoyar esta noble causa. Invitamos a todos los amantes de los sneakers y la cultura urbana a ser parte de este incre\u00edble evento. Ser\u00e1 un d\u00eda para compartir, disfrutar y, sobre todo, celebrar nuestra pasi\u00f3n por los sneakers en un ambiente \u00fanico. \u00a1No se lo pueden perder!\u00bb concluy\u00f3 Flores.<\/p>\n\n\n\n<p>La SNEAKER FEVER EXPO 2024 se perfila como el evento m\u00e1s esperado del a\u00f1o para la comunidad sneaker en Guatemala, continuando con la tradici\u00f3n de ofrecer un espacio donde la moda, la m\u00fasica y la cultura urbana se encuentran<\/p>\n\n\n\n<p><a href=\"https:\/\/www.facebook.com\/hashtag\/sneaketfeverexpo2024?__eep__=6&amp;__cft__[0]=AZVguX5-ptnOdwoG02PDlFwLg-Bsw-MqkWtleK8B-5SvhOJVSWEvH56sK1x2lBL3mYJ7xZ5QS1x_ykZFaWPpnxuO6EKiU6Q533Nr4PsE3jwgb1z-3WA_17yuURrz256WxiYLhXlNi_SjUo8d-zqSKyPP8x7XVz2NmFg_RFjGIbTQxaUxT_4HZePfRHUH39ivJIaEwAajudJw2_hqoDG_zgZ5&amp;__tn__=*NK-R\">#SneaketFeverExpo2024<\/a><a href=\"https:\/\/www.facebook.com\/hashtag\/metroredes?__eep__=6&amp;__cft__[0]=AZVguX5-ptnOdwoG02PDlFwLg-Bsw-MqkWtleK8B-5SvhOJVSWEvH56sK1x2lBL3mYJ7xZ5QS1x_ykZFaWPpnxuO6EKiU6Q533Nr4PsE3jwgb1z-3WA_17yuURrz256WxiYLhXlNi_SjUo8d-zqSKyPP8x7XVz2NmFg_RFjGIbTQxaUxT_4HZePfRHUH39ivJIaEwAajudJw2_hqoDG_zgZ5&amp;__tn__=*NK-R\">#metroredes<\/a><\/p>\n\n\n\n<figure class=\"wp-block-gallery has-nested-images columns-default is-cropped wp-block-gallery-1 is-layout-flex wp-block-gallery-is-layout-flex\">\n<figure class=\"wp-block-image size-large\"><img loading=\"lazy\" decoding=\"async\" width=\"1024\" height=\"682\" data-id=\"88369\" src=\"https:\/\/elmetropolitano.com.gt\/es\/wp-content\/uploads\/2024\/09\/458200587_1019962866796463_7246218515230217068_n-1024x682.jpg\" alt=\"\" class=\"wp-image-88369\" srcset=\"https:\/\/elmetropolitano.com.gt\/es\/wp-content\/uploads\/2024\/09\/458200587_1019962866796463_7246218515230217068_n-1024x682.jpg 1024w, https:\/\/elmetropolitano.com.gt\/es\/wp-content\/uploads\/2024\/09\/458200587_1019962866796463_7246218515230217068_n-300x200.jpg 300w, https:\/\/elmetropolitano.com.gt\/es\/wp-content\/uploads\/2024\/09\/458200587_1019962866796463_7246218515230217068_n-768x512.jpg 768w, https:\/\/elmetropolitano.com.gt\/es\/wp-content\/uploads\/2024\/09\/458200587_1019962866796463_7246218515230217068_n-1536x1023.jpg 1536w, https:\/\/elmetropolitano.com.gt\/es\/wp-content\/uploads\/2024\/09\/458200587_1019962866796463_7246218515230217068_n.jpg 1600w\" sizes=\"auto, (max-width: 1024px) 100vw, 1024px\" \/><\/figure>\n\n\n\n<figure class=\"wp-block-image size-large\"><img loading=\"lazy\" decoding=\"async\" width=\"1024\" height=\"674\" data-id=\"88370\" src=\"https:\/\/elmetropolitano.com.gt\/es\/wp-content\/uploads\/2024\/09\/458354795_1019962843463132_42656291312135034_n-1024x674.jpg\" alt=\"\" class=\"wp-image-88370\" srcset=\"https:\/\/elmetropolitano.com.gt\/es\/wp-content\/uploads\/2024\/09\/458354795_1019962843463132_42656291312135034_n-1024x674.jpg 1024w, https:\/\/elmetropolitano.com.gt\/es\/wp-content\/uploads\/2024\/09\/458354795_1019962843463132_42656291312135034_n-300x197.jpg 300w, https:\/\/elmetropolitano.com.gt\/es\/wp-content\/uploads\/2024\/09\/458354795_1019962843463132_42656291312135034_n-768x505.jpg 768w, https:\/\/elmetropolitano.com.gt\/es\/wp-content\/uploads\/2024\/09\/458354795_1019962843463132_42656291312135034_n-1536x1011.jpg 1536w, https:\/\/elmetropolitano.com.gt\/es\/wp-content\/uploads\/2024\/09\/458354795_1019962843463132_42656291312135034_n.jpg 1600w\" sizes=\"auto, (max-width: 1024px) 100vw, 1024px\" \/><\/figure>\n<\/figure>\n","protected":false},"excerpt":{"rendered":"<p>La SNEAKER FEVER EXPO regresa en su edici\u00f3n 2024, celebrando su 5\u00ba aniversario en Guatemala y trayendo consigo un evento sin igual que festejar\u00e1 la vibrante cultura sneaker y la moda urbana en un ambiente festivo y lleno de energ\u00eda. Este festival, que ha cautivado a miles de entusiastas en toda la regi\u00f3n, promete ser <a class=\"read-more\" href=\"https:\/\/elmetropolitano.com.gt\/es\/llega-sneaker-fever-expo-2024-la-maxima-fiesta-de-la-cultura-sneaker-y-moda-urbana-en-guatemala\/\">Leer m\u00e1s<\/a><\/p>\n","protected":false},"author":1,"featured_media":88368,"comment_status":"open","ping_status":"closed","sticky":false,"template":"","format":"standard","meta":{"footnotes":""},"categories":[31],"tags":[32],"class_list":["post-88367","post","type-post","status-publish","format-standard","has-post-thumbnail","hentry","category-metroimpulso","tag-metroimpulso"],"_links":{"self":[{"href":"https:\/\/elmetropolitano.com.gt\/es\/wp-json\/wp\/v2\/posts\/88367","targetHints":{"allow":["GET"]}}],"collection":[{"href":"https:\/\/elmetropolitano.com.gt\/es\/wp-json\/wp\/v2\/posts"}],"about":[{"href":"https:\/\/elmetropolitano.com.gt\/es\/wp-json\/wp\/v2\/types\/post"}],"author":[{"embeddable":true,"href":"https:\/\/elmetropolitano.com.gt\/es\/wp-json\/wp\/v2\/users\/1"}],"replies":[{"embeddable":true,"href":"https:\/\/elmetropolitano.com.gt\/es\/wp-json\/wp\/v2\/comments?post=88367"}],"version-history":[{"count":1,"href":"https:\/\/elmetropolitano.com.gt\/es\/wp-json\/wp\/v2\/posts\/88367\/revisions"}],"predecessor-version":[{"id":88371,"href":"https:\/\/elmetropolitano.com.gt\/es\/wp-json\/wp\/v2\/posts\/88367\/revisions\/88371"}],"wp:featuredmedia":[{"embeddable":true,"href":"https:\/\/elmetropolitano.com.gt\/es\/wp-json\/wp\/v2\/media\/88368"}],"wp:attachment":[{"href":"https:\/\/elmetropolitano.com.gt\/es\/wp-json\/wp\/v2\/media?parent=88367"}],"wp:term":[{"taxonomy":"category","embeddable":true,"href":"https:\/\/elmetropolitano.com.gt\/es\/wp-json\/wp\/v2\/categories?post=88367"},{"taxonomy":"post_tag","embeddable":true,"href":"https:\/\/elmetropolitano.com.gt\/es\/wp-json\/wp\/v2\/tags?post=88367"}],"curies":[{"name":"wp","href":"https:\/\/api.w.org\/{rel}","templated":true}]}}