{"id":88437,"date":"2024-09-07T01:07:42","date_gmt":"2024-09-07T07:07:42","guid":{"rendered":"https:\/\/elmetropolitano.com.gt\/es\/?p=88437"},"modified":"2024-09-07T01:07:43","modified_gmt":"2024-09-07T07:07:43","slug":"abren-convocatoria-a-empresas-para-participar-en-la-recuperacion-de-la-autopista-palin-escuintla","status":"publish","type":"post","link":"https:\/\/elmetropolitano.com.gt\/es\/abren-convocatoria-a-empresas-para-participar-en-la-recuperacion-de-la-autopista-palin-escuintla\/","title":{"rendered":"Abren convocatoria a empresas para participar en la recuperaci\u00f3n de la autopista Pal\u00edn-Escuintla"},"content":{"rendered":"\n<p>El Ministerio de Comunicaciones, Infraestructura y Vivienda (CIV) hizo la convocatoria a empresas interesadas en participar en el trabajo para la recuperaci\u00f3n de la autopista Pal\u00edn-Escuintla.<\/p>\n\n\n\n<p>La instituci\u00f3n inform\u00f3 que las empresas interesadas deber\u00e1n presentar una carta de manifestaci\u00f3n de inter\u00e9s por cada uno de los eventos en los que pretenda participar, el documento deber\u00e1 <a><\/a>dirigirse al CIV. La recepci\u00f3n de las manifestaciones estar\u00e1 abierta hasta el lunes 9 de septiembre a las 17:00 horas, en la sede del ministerio.<\/p><div class=\"elmet-contenido\" id=\"elmet-4228284763\"><div class=\"elmet-adlabel\">Anuncios<\/div><div style=\"margin-top: 20px;margin-right: 20px;margin-bottom: 20px;margin-left: 20px;\" id=\"elmet-847101986\"><a href=\"https:\/\/www.facebook.com\/arrincuanantigua\/\" aria-label=\"cintillo-arrin-cual\"><img loading=\"lazy\" decoding=\"async\" src=\"https:\/\/elmetropolitano.com.gt\/es\/wp-content\/uploads\/2021\/11\/cintillo-arrin-cual-1.jpg\" alt=\"\"  srcset=\"https:\/\/elmetropolitano.com.gt\/es\/wp-content\/uploads\/2021\/11\/cintillo-arrin-cual-1.jpg 750w, https:\/\/elmetropolitano.com.gt\/es\/wp-content\/uploads\/2021\/11\/cintillo-arrin-cual-1-300x36.jpg 300w, https:\/\/elmetropolitano.com.gt\/es\/wp-content\/uploads\/2021\/11\/cintillo-arrin-cual-1-600x72.jpg 600w\" sizes=\"(max-width: 750px) 100vw, 750px\" width=\"750\" height=\"90\"   \/><\/a><\/div><\/div>\n\n\n\n<p>Esto responde al compromiso de las autoridades por la recuperaci\u00f3n de la autopista, que ser\u00e1 posible gracias a la ampliaci\u00f3n presupuestaria del Decreto 17-2024 que contempla 100 millones de quetzales para recuperar esta autopista<\/p>\n\n\n\n<p>Obras proyectadas<\/p>\n\n\n\n<p>El CIV ha invitado a las empresas a la acci\u00f3n ante las siguientes necesidades en la autopista Pal\u00edn-Escuintla:<\/p>\n\n\n\n<p>En el kil\u00f3metro 39<\/p>\n\n\n\n<p>Construcci\u00f3n de disipadores de energ\u00eda de concreto en la entrada y salida de la alcantarilla<\/p>\n\n\n\n<p>Protecci\u00f3n hidr\u00e1ulica en los bordes del cauce de la microcuenca<\/p>\n\n\n\n<p>Limpieza de sedimentos dentro de alcantarilla transversal y su salida<\/p>\n\n\n\n<p>Barreras para retenci\u00f3n de sedimentos aguas arriba de la alcantarilla<\/p>\n\n\n\n<p>Kil\u00f3metro 44<\/p>\n\n\n\n<p>Extensi\u00f3n de alcantarilla transversal<\/p>\n\n\n\n<p>Muros de tierra mec\u00e1nicamente estabilizados y relleno estructural<\/p>\n\n\n\n<p>Reposici\u00f3n del nivel de carretera y construcci\u00f3n de estructura de pavimento<\/p>\n\n\n\n<p>Protecci\u00f3n hidr\u00e1ulica en el cauce de la microcuenca<\/p>\n\n\n\n<p>Limpieza de sedimentos en alcantarilla transversal y su salida<\/p>\n\n\n\n<p>Acarreo de material depositado temporalmente en la pista<\/p>\n\n\n\n<p>Escarificar pavimento provisional y construcci\u00f3n de estructura de pavimento definitiva<\/p>\n\n\n\n<p>Se\u00f1alizaci\u00f3n horizontal y vertical definitiva<\/p>\n\n\n\n<p>Instalaci\u00f3n de mallas de retenci\u00f3n de roca (aguas arriba) e instalaci\u00f3n de manto de control de erosi\u00f3n permanente con refuerzo met\u00e1lico<\/p>\n\n\n\n<p>Kil\u00f3metro 45<\/p>\n\n\n\n<p>Construcci\u00f3n de disipadores de energ\u00eda de concreto en la entrada de la alcantarilla<\/p>\n\n\n\n<p>Protecci\u00f3n hidr\u00e1ulica en el cauce de la microcuenca<\/p>\n\n\n\n<p>Limpieza de sedimentos en alcantarillas transversales y su salida<\/p>\n\n\n\n<p>Revegetaci\u00f3n y control de erosi\u00f3n<\/p>\n\n\n\n<p>Barreras para retenci\u00f3n de sedimentos aguas arriba de la alcantarilla<\/p>\n\n\n\n<p>Qu\u00e9 se debe presentar<\/p>\n\n\n\n<p>Para participar en alguno de los proyectos, el CIV ha solicitado la declaraci\u00f3n jurada en la cual consten los siguientes puntos:<\/p>\n\n\n\n<p>Inspecci\u00f3n de \u00e1reas de trabajo<\/p>\n\n\n\n<p>Solvencia financiera para ejecuci\u00f3n de trabajos<\/p>\n\n\n\n<p>Capacidad t\u00e9cnica para ejecuci\u00f3n de trabajos<\/p>\n\n\n\n<p>Datos de la empresa interesada (correo y tel\u00e9fono institucional)<\/p>\n\n\n\n<p>Constancia del Registro General de Adquisiciones del Estado<\/p>\n\n\n\n<p>Los documentos deber\u00e1n ser entregados en la ventanilla de recepci\u00f3n del CIV. Adem\u00e1s, se menciona que se entregar\u00e1n t\u00e9rminos de referencia solo a las empresas que hayan manifestado inter\u00e9s y cumplan con los requisitos establecidos.<\/p>\n\n\n\n<p>Texto: Yuliza Mu\u00f1oz<\/p>\n\n\n\n<p><a href=\"https:\/\/www.facebook.com\/hashtag\/autopistapalinescuintla?__eep__=6&amp;__cft__[0]=AZXPO2xPs-5u6Qsv1CQo0UAcTx2M5f1QeLFXGHkFeHpjgSTXKVA2iMP7JzZn6wBopgC16TLfOPvEe5DwhTHptzgdsZ2H4tAOpm7mNfnsoOmovQTzA9rtVleOFGVY1IKEut7PD6vBZQvLY0a_ko1yWtohEiKx9EuL6zQ0-zjQ4qO9OuMALPiZrvRXNyAZ6hGs-nBOKWLIHNltnt-gNtT-kwQ3&amp;__tn__=*NK-R\">#autopistapalinescuintla<\/a><a href=\"https:\/\/www.facebook.com\/hashtag\/micivi?__eep__=6&amp;__cft__[0]=AZXPO2xPs-5u6Qsv1CQo0UAcTx2M5f1QeLFXGHkFeHpjgSTXKVA2iMP7JzZn6wBopgC16TLfOPvEe5DwhTHptzgdsZ2H4tAOpm7mNfnsoOmovQTzA9rtVleOFGVY1IKEut7PD6vBZQvLY0a_ko1yWtohEiKx9EuL6zQ0-zjQ4qO9OuMALPiZrvRXNyAZ6hGs-nBOKWLIHNltnt-gNtT-kwQ3&amp;__tn__=*NK-R\">#MICIVI<\/a><\/p>\n\n\n\n<p><a href=\"https:\/\/www.facebook.com\/hashtag\/metroredes?__eep__=6&amp;__cft__[0]=AZXPO2xPs-5u6Qsv1CQo0UAcTx2M5f1QeLFXGHkFeHpjgSTXKVA2iMP7JzZn6wBopgC16TLfOPvEe5DwhTHptzgdsZ2H4tAOpm7mNfnsoOmovQTzA9rtVleOFGVY1IKEut7PD6vBZQvLY0a_ko1yWtohEiKx9EuL6zQ0-zjQ4qO9OuMALPiZrvRXNyAZ6hGs-nBOKWLIHNltnt-gNtT-kwQ3&amp;__tn__=*NK-R\">#metroredes<\/a><\/p>\n","protected":false},"excerpt":{"rendered":"<p>El Ministerio de Comunicaciones, Infraestructura y Vivienda (CIV) hizo la convocatoria a empresas interesadas en participar en el trabajo para la recuperaci\u00f3n de la autopista Pal\u00edn-Escuintla. La instituci\u00f3n inform\u00f3 que las empresas interesadas deber\u00e1n presentar una carta de manifestaci\u00f3n de inter\u00e9s por cada uno de los eventos en los que pretenda participar, el documento deber\u00e1 <a class=\"read-more\" href=\"https:\/\/elmetropolitano.com.gt\/es\/abren-convocatoria-a-empresas-para-participar-en-la-recuperacion-de-la-autopista-palin-escuintla\/\">Leer m\u00e1s<\/a><\/p>\n","protected":false},"author":1,"featured_media":88438,"comment_status":"open","ping_status":"closed","sticky":false,"template":"","format":"standard","meta":{"footnotes":""},"categories":[4],"tags":[13],"class_list":["post-88437","post","type-post","status-publish","format-standard","has-post-thumbnail","hentry","category-departamentales","tag-departamentales"],"_links":{"self":[{"href":"https:\/\/elmetropolitano.com.gt\/es\/wp-json\/wp\/v2\/posts\/88437","targetHints":{"allow":["GET"]}}],"collection":[{"href":"https:\/\/elmetropolitano.com.gt\/es\/wp-json\/wp\/v2\/posts"}],"about":[{"href":"https:\/\/elmetropolitano.com.gt\/es\/wp-json\/wp\/v2\/types\/post"}],"author":[{"embeddable":true,"href":"https:\/\/elmetropolitano.com.gt\/es\/wp-json\/wp\/v2\/users\/1"}],"replies":[{"embeddable":true,"href":"https:\/\/elmetropolitano.com.gt\/es\/wp-json\/wp\/v2\/comments?post=88437"}],"version-history":[{"count":1,"href":"https:\/\/elmetropolitano.com.gt\/es\/wp-json\/wp\/v2\/posts\/88437\/revisions"}],"predecessor-version":[{"id":88439,"href":"https:\/\/elmetropolitano.com.gt\/es\/wp-json\/wp\/v2\/posts\/88437\/revisions\/88439"}],"wp:featuredmedia":[{"embeddable":true,"href":"https:\/\/elmetropolitano.com.gt\/es\/wp-json\/wp\/v2\/media\/88438"}],"wp:attachment":[{"href":"https:\/\/elmetropolitano.com.gt\/es\/wp-json\/wp\/v2\/media?parent=88437"}],"wp:term":[{"taxonomy":"category","embeddable":true,"href":"https:\/\/elmetropolitano.com.gt\/es\/wp-json\/wp\/v2\/categories?post=88437"},{"taxonomy":"post_tag","embeddable":true,"href":"https:\/\/elmetropolitano.com.gt\/es\/wp-json\/wp\/v2\/tags?post=88437"}],"curies":[{"name":"wp","href":"https:\/\/api.w.org\/{rel}","templated":true}]}}