{"id":88509,"date":"2024-09-09T11:51:38","date_gmt":"2024-09-09T17:51:38","guid":{"rendered":"https:\/\/elmetropolitano.com.gt\/es\/?p=88509"},"modified":"2024-09-09T11:51:39","modified_gmt":"2024-09-09T17:51:39","slug":"refuerza-seguridad-en-fronteras-con-mexico-ante-amenazas-de-los-carteles-mexicanos-de-la-droga","status":"publish","type":"post","link":"https:\/\/elmetropolitano.com.gt\/es\/refuerza-seguridad-en-fronteras-con-mexico-ante-amenazas-de-los-carteles-mexicanos-de-la-droga\/","title":{"rendered":"Refuerza seguridad en fronteras con M\u00e9xico ante amenazas de los carteles mexicanos de la droga"},"content":{"rendered":"\n<p>En medio de diversas olas de desinformaci\u00f3n que han circulado en las redes sociales y las amenazas de los carteles mexicanos de la droga de tomar territorio guatemalteco, la Gobernaci\u00f3n Departamental de Huehuetenango para tranquilidad de la poblaci\u00f3n brinda detalles de los operativos de seguridad en la frontera entre Guatemala y M\u00e9xico.<\/p>\n\n\n\n<p>En cumplimiento a los diferentes planes de seguridad, se han impartido instrucciones al personal policial que colabora en un operativo interinstitucional en conjunto con el Ej\u00e9rcito y la Polic\u00eda Nacional Civil (PNC) de Guatemala.<\/p><div class=\"elmet-contenido\" id=\"elmet-1313398524\"><div class=\"elmet-adlabel\">Anuncios<\/div><div style=\"margin-top: 20px;margin-right: 20px;margin-bottom: 20px;margin-left: 20px;\" id=\"elmet-1978666804\"><a href=\"https:\/\/www.facebook.com\/arrincuanantigua\/\" aria-label=\"cintillo-arrin-cual\"><img loading=\"lazy\" decoding=\"async\" src=\"https:\/\/elmetropolitano.com.gt\/es\/wp-content\/uploads\/2021\/11\/cintillo-arrin-cual-1.jpg\" alt=\"\"  srcset=\"https:\/\/elmetropolitano.com.gt\/es\/wp-content\/uploads\/2021\/11\/cintillo-arrin-cual-1.jpg 750w, https:\/\/elmetropolitano.com.gt\/es\/wp-content\/uploads\/2021\/11\/cintillo-arrin-cual-1-300x36.jpg 300w, https:\/\/elmetropolitano.com.gt\/es\/wp-content\/uploads\/2021\/11\/cintillo-arrin-cual-1-600x72.jpg 600w\" sizes=\"(max-width: 750px) 100vw, 750px\" width=\"750\" height=\"90\"   \/><\/a><\/div><\/div>\n\n\n\n<p>Las acciones se centran en las \u00e1reas con mayor afluencia de personas, donde se busca reforzar la presencia policial para prevenir cualquier incidente negativo en la demarcaci\u00f3n de responsabilidad.<\/p>\n\n\n\n<p>Los detalles<\/p>\n\n\n\n<p>De acuerdo con la informaci\u00f3n, se han desplegado operativos coordinados en la demarcaci\u00f3n del municipio de La Democracia, brindando apoyo al personal del Ej\u00e9rcito guatemalteco en la Aldea Guaila de dicho municipio.<\/p>\n\n\n\n<p>El objetivo principal es tomar control de los l\u00edmites en esa zona, ante la presencia de grupos del crimen organizado en disputa territorial que podr\u00edan intentar ingresar al territorio guatemalteco por ese sector.<\/p>\n\n\n\n<p>De esa cuenta, se ha establecido la instalaci\u00f3n de operativos en la entrada de la aldea mencionada, as\u00ed como en la l\u00ednea fronteriza con la Aldea Sibinal del municipio de Chiapas, en M\u00e9xico. El despliegue de fuerzas incluye oficiales de la entidad policial, oficiales superiores y subalternos del Ej\u00e9rcito de Guatemala, kaibiles y elementos del Ej\u00e9rcito, con el prop\u00f3sito de garantizar la seguridad y el orden en la regi\u00f3n.<\/p>\n\n\n\n<p>Hasta el momento, se da a conocer que la situaci\u00f3n se encuentra bajo control y sin novedad, manteniendo una vigilancia activa en la frontera para prevenir cualquier eventualidad.<\/p>\n\n\n\n<p>Acciones en el departamento<\/p>\n\n\n\n<p>Asimismo, la gobernaci\u00f3n inform\u00f3 que se realiz\u00f3 una acci\u00f3n conjunta realizada entre diversas entidades gubernamentales, incluyendo la PNC, Procuradur\u00eda General de la Naci\u00f3n, Comisi\u00f3n Presidencial por la Paz y los Derechos Humanos (Copadeh) Ministerio de Salud y el Ministerio de Ambiente. Las entidades llevaron a cabo operativos de fiscalizaci\u00f3n en la zona 8 del municipio de Huehuetenango.<\/p>\n\n\n\n<p>Durante los operativos se inspeccionaron un total de 8 tiendas de barrio que estaban llevando a cabo la venta de licor sin contar con los permisos ni autorizaciones correspondientes, es importante mencionar que ninguna tienda de barrio puede vender alcohol, pues no son expendios de bebidas alcoh\u00f3licas.<\/p>\n\n\n\n<p>Ante esta situaci\u00f3n, las autoridades indicaron a los propietarios que deb\u00edan cesar inmediatamente la venta de alcohol. En una de las tiendas, se constat\u00f3 la presencia de un menor de edad atendiendo, lo que result\u00f3 en la solicitud de cierre del establecimiento por parte de las autoridades.<\/p>\n\n\n\n<p>Por Jos\u00e9 Juli\u00e1n<\/p>\n\n\n\n<p>#metroredes <a href=\"http:\/\/www.elmetropolitano.com.gt\">www.elmetropolitano.com.gt<\/a>\u00a0 <a href=\"http:\/\/www.metroredes.com\">www.metroredes.com<\/a><\/p>\n\n\n\n<figure class=\"wp-block-gallery has-nested-images columns-default is-cropped wp-block-gallery-1 is-layout-flex wp-block-gallery-is-layout-flex\">\n<figure class=\"wp-block-image size-large\"><img loading=\"lazy\" decoding=\"async\" width=\"1024\" height=\"1024\" data-id=\"88512\" src=\"https:\/\/elmetropolitano.com.gt\/es\/wp-content\/uploads\/2024\/09\/458978576_912301877594559_8465159098262869605_n-1-1024x1024-1.jpg\" alt=\"\" class=\"wp-image-88512\" srcset=\"https:\/\/elmetropolitano.com.gt\/es\/wp-content\/uploads\/2024\/09\/458978576_912301877594559_8465159098262869605_n-1-1024x1024-1.jpg 1024w, https:\/\/elmetropolitano.com.gt\/es\/wp-content\/uploads\/2024\/09\/458978576_912301877594559_8465159098262869605_n-1-1024x1024-1-300x300.jpg 300w, https:\/\/elmetropolitano.com.gt\/es\/wp-content\/uploads\/2024\/09\/458978576_912301877594559_8465159098262869605_n-1-1024x1024-1-150x150.jpg 150w, https:\/\/elmetropolitano.com.gt\/es\/wp-content\/uploads\/2024\/09\/458978576_912301877594559_8465159098262869605_n-1-1024x1024-1-768x768.jpg 768w\" sizes=\"auto, (max-width: 1024px) 100vw, 1024px\" \/><\/figure>\n\n\n\n<figure class=\"wp-block-image size-large\"><img loading=\"lazy\" decoding=\"async\" width=\"798\" height=\"382\" data-id=\"88511\" src=\"https:\/\/elmetropolitano.com.gt\/es\/wp-content\/uploads\/2024\/09\/pnc.jpg\" alt=\"\" class=\"wp-image-88511\" srcset=\"https:\/\/elmetropolitano.com.gt\/es\/wp-content\/uploads\/2024\/09\/pnc.jpg 798w, https:\/\/elmetropolitano.com.gt\/es\/wp-content\/uploads\/2024\/09\/pnc-300x144.jpg 300w, https:\/\/elmetropolitano.com.gt\/es\/wp-content\/uploads\/2024\/09\/pnc-768x368.jpg 768w\" sizes=\"auto, (max-width: 798px) 100vw, 798px\" \/><\/figure>\n<\/figure>\n","protected":false},"excerpt":{"rendered":"<p>En medio de diversas olas de desinformaci\u00f3n que han circulado en las redes sociales y las amenazas de los carteles mexicanos de la droga de tomar territorio guatemalteco, la Gobernaci\u00f3n Departamental de Huehuetenango para tranquilidad de la poblaci\u00f3n brinda detalles de los operativos de seguridad en la frontera entre Guatemala y M\u00e9xico. En cumplimiento a <a class=\"read-more\" href=\"https:\/\/elmetropolitano.com.gt\/es\/refuerza-seguridad-en-fronteras-con-mexico-ante-amenazas-de-los-carteles-mexicanos-de-la-droga\/\">Leer m\u00e1s<\/a><\/p>\n","protected":false},"author":1,"featured_media":88510,"comment_status":"open","ping_status":"closed","sticky":false,"template":"","format":"standard","meta":{"footnotes":""},"categories":[4],"tags":[13],"class_list":["post-88509","post","type-post","status-publish","format-standard","has-post-thumbnail","hentry","category-departamentales","tag-departamentales"],"_links":{"self":[{"href":"https:\/\/elmetropolitano.com.gt\/es\/wp-json\/wp\/v2\/posts\/88509","targetHints":{"allow":["GET"]}}],"collection":[{"href":"https:\/\/elmetropolitano.com.gt\/es\/wp-json\/wp\/v2\/posts"}],"about":[{"href":"https:\/\/elmetropolitano.com.gt\/es\/wp-json\/wp\/v2\/types\/post"}],"author":[{"embeddable":true,"href":"https:\/\/elmetropolitano.com.gt\/es\/wp-json\/wp\/v2\/users\/1"}],"replies":[{"embeddable":true,"href":"https:\/\/elmetropolitano.com.gt\/es\/wp-json\/wp\/v2\/comments?post=88509"}],"version-history":[{"count":1,"href":"https:\/\/elmetropolitano.com.gt\/es\/wp-json\/wp\/v2\/posts\/88509\/revisions"}],"predecessor-version":[{"id":88513,"href":"https:\/\/elmetropolitano.com.gt\/es\/wp-json\/wp\/v2\/posts\/88509\/revisions\/88513"}],"wp:featuredmedia":[{"embeddable":true,"href":"https:\/\/elmetropolitano.com.gt\/es\/wp-json\/wp\/v2\/media\/88510"}],"wp:attachment":[{"href":"https:\/\/elmetropolitano.com.gt\/es\/wp-json\/wp\/v2\/media?parent=88509"}],"wp:term":[{"taxonomy":"category","embeddable":true,"href":"https:\/\/elmetropolitano.com.gt\/es\/wp-json\/wp\/v2\/categories?post=88509"},{"taxonomy":"post_tag","embeddable":true,"href":"https:\/\/elmetropolitano.com.gt\/es\/wp-json\/wp\/v2\/tags?post=88509"}],"curies":[{"name":"wp","href":"https:\/\/api.w.org\/{rel}","templated":true}]}}