{"id":88534,"date":"2024-09-10T09:31:01","date_gmt":"2024-09-10T15:31:01","guid":{"rendered":"https:\/\/elmetropolitano.com.gt\/es\/?p=88534"},"modified":"2024-09-10T09:31:02","modified_gmt":"2024-09-10T15:31:02","slug":"pnc-localiza-camion-robado-y-recupera-250-sacos-de-cafe","status":"publish","type":"post","link":"https:\/\/elmetropolitano.com.gt\/es\/pnc-localiza-camion-robado-y-recupera-250-sacos-de-cafe\/","title":{"rendered":"PNC localiza cami\u00f3n robado y recupera 250 sacos de caf\u00e9"},"content":{"rendered":"\n<p>Investigadores de la DEIC y polic\u00edas de la comisar\u00eda 31 de Escuintla reportan la localizaci\u00f3n del cabezal C-046BWM, marca Freigtliner, de color rojo, el cual jalaba el furg\u00f3n TC-039BCZ, cargado con 270 sacos con caf\u00e9 en oro; dicho transporte fue robado la noche del s\u00e1bado 7 de los corrientes, a inmediaciones del kil\u00f3metro 50, antigua ruta a Pal\u00edn, cuando se dirig\u00eda hacia el puerto Quetzal.<\/p>\n\n\n\n<p>Hoy <a><\/a>fue encontrado en la aldea El Maniantal, kil\u00f3metro 81, ruta que conduce de Escuintla, hacia Taxisco, Santa Rosa.<\/p><div class=\"elmet-contenido\" id=\"elmet-3921758530\"><div class=\"elmet-adlabel\">Anuncios<\/div><div style=\"margin-top: 20px;margin-right: 20px;margin-bottom: 20px;margin-left: 20px;\" id=\"elmet-3567838100\"><a href=\"https:\/\/www.facebook.com\/arrincuanantigua\/\" aria-label=\"cintillo-arrin-cual\"><img loading=\"lazy\" decoding=\"async\" src=\"https:\/\/elmetropolitano.com.gt\/es\/wp-content\/uploads\/2021\/11\/cintillo-arrin-cual-1.jpg\" alt=\"\"  srcset=\"https:\/\/elmetropolitano.com.gt\/es\/wp-content\/uploads\/2021\/11\/cintillo-arrin-cual-1.jpg 750w, https:\/\/elmetropolitano.com.gt\/es\/wp-content\/uploads\/2021\/11\/cintillo-arrin-cual-1-300x36.jpg 300w, https:\/\/elmetropolitano.com.gt\/es\/wp-content\/uploads\/2021\/11\/cintillo-arrin-cual-1-600x72.jpg 600w\" sizes=\"(max-width: 750px) 100vw, 750px\" width=\"750\" height=\"90\"   \/><\/a><\/div><\/div>\n\n\n\n<p>Dicha mercader\u00eda est\u00e1 valorada en Q.800 mil. Las autoridades hicieron el conteo de la mercader\u00eda localizada en el lugar, haciendo un total de 250 sacos. De los 20 robados ya se sigue la investigaci\u00f3n.<\/p>\n\n\n\n<p><a href=\"https:\/\/www.facebook.com\/hashtag\/laseguridadeshoy?__eep__=6&amp;__cft__[0]=AZURGj4XTlHowvJKJSjUDc6oIJR-bQ6Zt1hPsGCZJaRUiyJDkePd8JS6ydeugFtMDBh_2OEDJIXEAZrqzHt0_yyVmD6_CyA8KRcCAownwFwZm2YPPA_eo2z1TwujdsAYtAndKzj0KgcHze1HoFHfMRlRRRU_Y5TNf5tqXdbaaM7vjxGn_Ynnucw-7jwi1k6fLc17RFKEPP-Apcl3fWRq0sdV&amp;__tn__=*NK-R\">#LaSeguridadEsHoy<\/a><a href=\"https:\/\/www.facebook.com\/hashtag\/pncdeguatemala?__eep__=6&amp;__cft__[0]=AZURGj4XTlHowvJKJSjUDc6oIJR-bQ6Zt1hPsGCZJaRUiyJDkePd8JS6ydeugFtMDBh_2OEDJIXEAZrqzHt0_yyVmD6_CyA8KRcCAownwFwZm2YPPA_eo2z1TwujdsAYtAndKzj0KgcHze1HoFHfMRlRRRU_Y5TNf5tqXdbaaM7vjxGn_Ynnucw-7jwi1k6fLc17RFKEPP-Apcl3fWRq0sdV&amp;__tn__=*NK-R\">#PNCdeGuatemala<\/a><a href=\"https:\/\/www.facebook.com\/hashtag\/metroredes?__eep__=6&amp;__cft__[0]=AZURGj4XTlHowvJKJSjUDc6oIJR-bQ6Zt1hPsGCZJaRUiyJDkePd8JS6ydeugFtMDBh_2OEDJIXEAZrqzHt0_yyVmD6_CyA8KRcCAownwFwZm2YPPA_eo2z1TwujdsAYtAndKzj0KgcHze1HoFHfMRlRRRU_Y5TNf5tqXdbaaM7vjxGn_Ynnucw-7jwi1k6fLc17RFKEPP-Apcl3fWRq0sdV&amp;__tn__=*NK-R\">#metroredes<\/a><\/p>\n\n\n\n<figure class=\"wp-block-gallery has-nested-images columns-default is-cropped wp-block-gallery-1 is-layout-flex wp-block-gallery-is-layout-flex\">\n<figure class=\"wp-block-image size-large\"><img loading=\"lazy\" decoding=\"async\" width=\"1024\" height=\"768\" data-id=\"88538\" src=\"https:\/\/elmetropolitano.com.gt\/es\/wp-content\/uploads\/2024\/09\/458753528_1023561513103265_5611971899395637894_n-1024x768.jpg\" alt=\"\" class=\"wp-image-88538\" srcset=\"https:\/\/elmetropolitano.com.gt\/es\/wp-content\/uploads\/2024\/09\/458753528_1023561513103265_5611971899395637894_n-1024x768.jpg 1024w, https:\/\/elmetropolitano.com.gt\/es\/wp-content\/uploads\/2024\/09\/458753528_1023561513103265_5611971899395637894_n-300x225.jpg 300w, https:\/\/elmetropolitano.com.gt\/es\/wp-content\/uploads\/2024\/09\/458753528_1023561513103265_5611971899395637894_n-768x576.jpg 768w, https:\/\/elmetropolitano.com.gt\/es\/wp-content\/uploads\/2024\/09\/458753528_1023561513103265_5611971899395637894_n-1536x1152.jpg 1536w, https:\/\/elmetropolitano.com.gt\/es\/wp-content\/uploads\/2024\/09\/458753528_1023561513103265_5611971899395637894_n.jpg 1600w\" sizes=\"auto, (max-width: 1024px) 100vw, 1024px\" \/><\/figure>\n\n\n\n<figure class=\"wp-block-image size-large\"><img loading=\"lazy\" decoding=\"async\" width=\"768\" height=\"1024\" data-id=\"88536\" src=\"https:\/\/elmetropolitano.com.gt\/es\/wp-content\/uploads\/2024\/09\/458987879_1023561503103266_1387718215526417835_n-1-768x1024.jpg\" alt=\"\" class=\"wp-image-88536\" srcset=\"https:\/\/elmetropolitano.com.gt\/es\/wp-content\/uploads\/2024\/09\/458987879_1023561503103266_1387718215526417835_n-1-768x1024.jpg 768w, https:\/\/elmetropolitano.com.gt\/es\/wp-content\/uploads\/2024\/09\/458987879_1023561503103266_1387718215526417835_n-1-225x300.jpg 225w, https:\/\/elmetropolitano.com.gt\/es\/wp-content\/uploads\/2024\/09\/458987879_1023561503103266_1387718215526417835_n-1-1152x1536.jpg 1152w, https:\/\/elmetropolitano.com.gt\/es\/wp-content\/uploads\/2024\/09\/458987879_1023561503103266_1387718215526417835_n-1.jpg 1200w\" sizes=\"auto, (max-width: 768px) 100vw, 768px\" \/><\/figure>\n\n\n\n<figure class=\"wp-block-image size-large\"><img loading=\"lazy\" decoding=\"async\" width=\"1024\" height=\"576\" data-id=\"88537\" src=\"https:\/\/elmetropolitano.com.gt\/es\/wp-content\/uploads\/2024\/09\/459086036_1023561546436595_6803822839167495854_n-1024x576.jpg\" alt=\"\" class=\"wp-image-88537\" srcset=\"https:\/\/elmetropolitano.com.gt\/es\/wp-content\/uploads\/2024\/09\/459086036_1023561546436595_6803822839167495854_n-1024x576.jpg 1024w, https:\/\/elmetropolitano.com.gt\/es\/wp-content\/uploads\/2024\/09\/459086036_1023561546436595_6803822839167495854_n-300x169.jpg 300w, https:\/\/elmetropolitano.com.gt\/es\/wp-content\/uploads\/2024\/09\/459086036_1023561546436595_6803822839167495854_n-768x432.jpg 768w, https:\/\/elmetropolitano.com.gt\/es\/wp-content\/uploads\/2024\/09\/459086036_1023561546436595_6803822839167495854_n-1536x864.jpg 1536w, https:\/\/elmetropolitano.com.gt\/es\/wp-content\/uploads\/2024\/09\/459086036_1023561546436595_6803822839167495854_n.jpg 2048w\" sizes=\"auto, (max-width: 1024px) 100vw, 1024px\" \/><\/figure>\n\n\n\n<figure class=\"wp-block-image size-large\"><img loading=\"lazy\" decoding=\"async\" width=\"1024\" height=\"768\" data-id=\"88539\" src=\"https:\/\/elmetropolitano.com.gt\/es\/wp-content\/uploads\/2024\/09\/459145257_1023561536436596_3288595919807452017_n-1024x768.jpg\" alt=\"\" class=\"wp-image-88539\" srcset=\"https:\/\/elmetropolitano.com.gt\/es\/wp-content\/uploads\/2024\/09\/459145257_1023561536436596_3288595919807452017_n-1024x768.jpg 1024w, https:\/\/elmetropolitano.com.gt\/es\/wp-content\/uploads\/2024\/09\/459145257_1023561536436596_3288595919807452017_n-300x225.jpg 300w, https:\/\/elmetropolitano.com.gt\/es\/wp-content\/uploads\/2024\/09\/459145257_1023561536436596_3288595919807452017_n-768x576.jpg 768w, https:\/\/elmetropolitano.com.gt\/es\/wp-content\/uploads\/2024\/09\/459145257_1023561536436596_3288595919807452017_n-1536x1152.jpg 1536w, https:\/\/elmetropolitano.com.gt\/es\/wp-content\/uploads\/2024\/09\/459145257_1023561536436596_3288595919807452017_n.jpg 1600w\" sizes=\"auto, (max-width: 1024px) 100vw, 1024px\" \/><\/figure>\n<\/figure>\n","protected":false},"excerpt":{"rendered":"<p>Investigadores de la DEIC y polic\u00edas de la comisar\u00eda 31 de Escuintla reportan la localizaci\u00f3n del cabezal C-046BWM, marca Freigtliner, de color rojo, el cual jalaba el furg\u00f3n TC-039BCZ, cargado con 270 sacos con caf\u00e9 en oro; dicho transporte fue robado la noche del s\u00e1bado 7 de los corrientes, a inmediaciones del kil\u00f3metro 50, antigua <a class=\"read-more\" href=\"https:\/\/elmetropolitano.com.gt\/es\/pnc-localiza-camion-robado-y-recupera-250-sacos-de-cafe\/\">Leer m\u00e1s<\/a><\/p>\n","protected":false},"author":1,"featured_media":88535,"comment_status":"open","ping_status":"closed","sticky":false,"template":"","format":"standard","meta":{"footnotes":""},"categories":[4],"tags":[13],"class_list":["post-88534","post","type-post","status-publish","format-standard","has-post-thumbnail","hentry","category-departamentales","tag-departamentales"],"_links":{"self":[{"href":"https:\/\/elmetropolitano.com.gt\/es\/wp-json\/wp\/v2\/posts\/88534","targetHints":{"allow":["GET"]}}],"collection":[{"href":"https:\/\/elmetropolitano.com.gt\/es\/wp-json\/wp\/v2\/posts"}],"about":[{"href":"https:\/\/elmetropolitano.com.gt\/es\/wp-json\/wp\/v2\/types\/post"}],"author":[{"embeddable":true,"href":"https:\/\/elmetropolitano.com.gt\/es\/wp-json\/wp\/v2\/users\/1"}],"replies":[{"embeddable":true,"href":"https:\/\/elmetropolitano.com.gt\/es\/wp-json\/wp\/v2\/comments?post=88534"}],"version-history":[{"count":1,"href":"https:\/\/elmetropolitano.com.gt\/es\/wp-json\/wp\/v2\/posts\/88534\/revisions"}],"predecessor-version":[{"id":88540,"href":"https:\/\/elmetropolitano.com.gt\/es\/wp-json\/wp\/v2\/posts\/88534\/revisions\/88540"}],"wp:featuredmedia":[{"embeddable":true,"href":"https:\/\/elmetropolitano.com.gt\/es\/wp-json\/wp\/v2\/media\/88535"}],"wp:attachment":[{"href":"https:\/\/elmetropolitano.com.gt\/es\/wp-json\/wp\/v2\/media?parent=88534"}],"wp:term":[{"taxonomy":"category","embeddable":true,"href":"https:\/\/elmetropolitano.com.gt\/es\/wp-json\/wp\/v2\/categories?post=88534"},{"taxonomy":"post_tag","embeddable":true,"href":"https:\/\/elmetropolitano.com.gt\/es\/wp-json\/wp\/v2\/tags?post=88534"}],"curies":[{"name":"wp","href":"https:\/\/api.w.org\/{rel}","templated":true}]}}