{"id":88595,"date":"2024-09-10T19:47:10","date_gmt":"2024-09-11T01:47:10","guid":{"rendered":"https:\/\/elmetropolitano.com.gt\/es\/?p=88595"},"modified":"2024-09-10T19:47:11","modified_gmt":"2024-09-11T01:47:11","slug":"se-lanzo-en-jutiapa-el-centro-de-atencion-y-proteccion-al-migrante-y-refugiado-movil","status":"publish","type":"post","link":"https:\/\/elmetropolitano.com.gt\/es\/se-lanzo-en-jutiapa-el-centro-de-atencion-y-proteccion-al-migrante-y-refugiado-movil\/","title":{"rendered":"Se lanz\u00f3 en Jutiapa el Centro de Atenci\u00f3n y Protecci\u00f3n al Migrante y Refugiado M\u00f3vil"},"content":{"rendered":"\n<p>En un evento celebrado en el departamento de Jutiapa, se llev\u00f3 a cabo la firma del Memorando de Intenciones de Ciudades Solidarias, una colaboraci\u00f3n entre la Agencia de las Naciones Unidas para los Refugiados (ACNUR), la Municipalidad de Jutiapa y otras instituciones. Esta iniciativa surge dentro del Marco Integral Regional para la Protecci\u00f3n y Soluciones (MIRPS) y tiene como objetivo <a><\/a>principal movilizar a las municipalidades para que adopten pol\u00edticas inclusivas y humanitarias que respondan a las necesidades de las personas desplazadas.<\/p>\n\n\n\n<p>Durante la ceremonia, el subdirector general del Instituto Guatemalteco de Migraci\u00f3n (IGM), Carlos Eduardo Woltke, destac\u00f3 la relevancia de la iniciativa.<\/p><div class=\"elmet-contenido\" id=\"elmet-3421129200\"><div class=\"elmet-adlabel\">Anuncios<\/div><div style=\"margin-top: 20px;margin-right: 20px;margin-bottom: 20px;margin-left: 20px;\" id=\"elmet-1660973408\"><a href=\"https:\/\/www.facebook.com\/arrincuanantigua\/\" aria-label=\"cintillo-arrin-cual\"><img loading=\"lazy\" decoding=\"async\" src=\"https:\/\/elmetropolitano.com.gt\/es\/wp-content\/uploads\/2021\/11\/cintillo-arrin-cual-1.jpg\" alt=\"\"  srcset=\"https:\/\/elmetropolitano.com.gt\/es\/wp-content\/uploads\/2021\/11\/cintillo-arrin-cual-1.jpg 750w, https:\/\/elmetropolitano.com.gt\/es\/wp-content\/uploads\/2021\/11\/cintillo-arrin-cual-1-300x36.jpg 300w, https:\/\/elmetropolitano.com.gt\/es\/wp-content\/uploads\/2021\/11\/cintillo-arrin-cual-1-600x72.jpg 600w\" sizes=\"(max-width: 750px) 100vw, 750px\" width=\"750\" height=\"90\"   \/><\/a><\/div><\/div>\n\n\n\n<p>Para el IGM, poder participar y presenciar c\u00f3mo las ciudades solidarias siguen ampli\u00e1ndose en el territorio nacional es de suma importancia. Este programa es vital para la integraci\u00f3n de las personas migrantes, solicitantes de refugio y refugiadas, as\u00ed como para los guatemaltecos en situaci\u00f3n de vulnerabilidad que necesitan acceder a programas de protecci\u00f3n.<\/p>\n\n\n\n<p>El IGM reafirm\u00f3 su compromiso con la protecci\u00f3n de los derechos de las personas migrantes, reafirmando su rol en la promoci\u00f3n de pol\u00edticas inclusivas.<\/p>\n\n\n\n<p>Lanzamiento del Capmir<\/p>\n\n\n\n<p>Como parte de este esfuerzo humanitario, se lanz\u00f3 el Centro de Atenci\u00f3n y Protecci\u00f3n al Migrante y Refugiado M\u00f3vil (Capmir). Este centro, apoyado por la Procuradur\u00eda de los Derechos Humanos (PDH) y la Secretar\u00eda contra la Violencia Sexual, Explotaci\u00f3n y Trata de Personas (SVET), est\u00e1 dise\u00f1ado para ofrecer un espacio seguro donde las personas desplazadas puedan recibir orientaci\u00f3n legal, asistencia psicosocial y acceso a servicios b\u00e1sicos.<\/p>\n\n\n\n<p>El Capmir representa un avance importante en la respuesta humanitaria y de protecci\u00f3n para los migrantes y refugiados en Guatemala.<\/p>\n\n\n\n<p>Despu\u00e9s de la firma del memorando, los representantes de ACNUR, el IGM y el Refugio de la Ni\u00f1ez visitaron las instalaciones de la Secretar\u00eda de Bienestar Social en Jutiapa.<\/p>\n\n\n\n<p>Durante la visita, 10 j\u00f3venes del Programa Servidor C\u00edvico compartieron testimonios sobre su trabajo y el apoyo brindado a personas en situaci\u00f3n de vulnerabilidad que necesitan albergue y protecci\u00f3n. Estos testimonios resaltaron el impacto positivo del programa y la importancia del trabajo comunitario en la integraci\u00f3n y apoyo a los m\u00e1s necesitados.<\/p>\n\n\n\n<p>La firma del Memorando de Intenciones y el lanzamiento del Capmir marcan un hito en el esfuerzo continuo por mejorar la inclusi\u00f3n y protecci\u00f3n de los migrantes y refugiados en Guatemala. La colaboraci\u00f3n entre ACNUR, el IGM, la Municipalidad de Jutiapa, la PDH, SVET y otros actores clave demuestra un compromiso s\u00f3lido con la creaci\u00f3n de un entorno m\u00e1s inclusivo y humanitario<\/p>\n\n\n\n<p>Texto: Lincy Rodriguez<\/p>\n\n\n\n<p><a href=\"https:\/\/www.facebook.com\/hashtag\/metroredes?__eep__=6&amp;__cft__[0]=AZW5gLuC4DXebCVGCcn1o8z9GROImOQDNqAuoGSpdgKXmmm4h3BIGnCKrVeNDu9jh36jcNyZayA7MCgVhBuhtpuB5CgsmUoFEBT5HjClE8NQhNTqq09CP7B51-Fgs-6ojsUCvARChf6yojhgUzbRACbcfWquykRKxFQkYyNCEgLhLAYSXwFtuJywqPG2Jq1e8o9ZNnJaXSBTYOK7G_vxj6sd&amp;__tn__=*NK-R\">#metroredes<\/a><a href=\"https:\/\/www.facebook.com\/hashtag\/migracion?__eep__=6&amp;__cft__[0]=AZW5gLuC4DXebCVGCcn1o8z9GROImOQDNqAuoGSpdgKXmmm4h3BIGnCKrVeNDu9jh36jcNyZayA7MCgVhBuhtpuB5CgsmUoFEBT5HjClE8NQhNTqq09CP7B51-Fgs-6ojsUCvARChf6yojhgUzbRACbcfWquykRKxFQkYyNCEgLhLAYSXwFtuJywqPG2Jq1e8o9ZNnJaXSBTYOK7G_vxj6sd&amp;__tn__=*NK-R\">#Migracion<\/a><\/p>\n\n\n\n<figure class=\"wp-block-gallery has-nested-images columns-default is-cropped wp-block-gallery-1 is-layout-flex wp-block-gallery-is-layout-flex\">\n<figure class=\"wp-block-image size-large\"><img loading=\"lazy\" decoding=\"async\" width=\"360\" height=\"240\" data-id=\"88597\" src=\"https:\/\/elmetropolitano.com.gt\/es\/wp-content\/uploads\/2024\/09\/459009980_1024022886390461_7112893624224478060_n-1.jpg\" alt=\"\" class=\"wp-image-88597\" srcset=\"https:\/\/elmetropolitano.com.gt\/es\/wp-content\/uploads\/2024\/09\/459009980_1024022886390461_7112893624224478060_n-1.jpg 360w, https:\/\/elmetropolitano.com.gt\/es\/wp-content\/uploads\/2024\/09\/459009980_1024022886390461_7112893624224478060_n-1-300x200.jpg 300w\" sizes=\"auto, (max-width: 360px) 100vw, 360px\" \/><\/figure>\n\n\n\n<figure class=\"wp-block-image size-large\"><img loading=\"lazy\" decoding=\"async\" width=\"360\" height=\"240\" data-id=\"88599\" src=\"https:\/\/elmetropolitano.com.gt\/es\/wp-content\/uploads\/2024\/09\/459060071_1024022889723794_1027700471916827225_n.jpg\" alt=\"\" class=\"wp-image-88599\" srcset=\"https:\/\/elmetropolitano.com.gt\/es\/wp-content\/uploads\/2024\/09\/459060071_1024022889723794_1027700471916827225_n.jpg 360w, https:\/\/elmetropolitano.com.gt\/es\/wp-content\/uploads\/2024\/09\/459060071_1024022889723794_1027700471916827225_n-300x200.jpg 300w\" sizes=\"auto, (max-width: 360px) 100vw, 360px\" \/><\/figure>\n\n\n\n<figure class=\"wp-block-image size-large\"><img loading=\"lazy\" decoding=\"async\" width=\"360\" height=\"240\" data-id=\"88598\" src=\"https:\/\/elmetropolitano.com.gt\/es\/wp-content\/uploads\/2024\/09\/459102995_1024022839723799_790780714332460176_n.jpg\" alt=\"\" class=\"wp-image-88598\" srcset=\"https:\/\/elmetropolitano.com.gt\/es\/wp-content\/uploads\/2024\/09\/459102995_1024022839723799_790780714332460176_n.jpg 360w, https:\/\/elmetropolitano.com.gt\/es\/wp-content\/uploads\/2024\/09\/459102995_1024022839723799_790780714332460176_n-300x200.jpg 300w\" sizes=\"auto, (max-width: 360px) 100vw, 360px\" \/><\/figure>\n\n\n\n<figure class=\"wp-block-image size-large\"><img loading=\"lazy\" decoding=\"async\" width=\"360\" height=\"240\" data-id=\"88600\" src=\"https:\/\/elmetropolitano.com.gt\/es\/wp-content\/uploads\/2024\/09\/459161110_1024022843057132_8223182909907649343_n.jpg\" alt=\"\" class=\"wp-image-88600\" srcset=\"https:\/\/elmetropolitano.com.gt\/es\/wp-content\/uploads\/2024\/09\/459161110_1024022843057132_8223182909907649343_n.jpg 360w, https:\/\/elmetropolitano.com.gt\/es\/wp-content\/uploads\/2024\/09\/459161110_1024022843057132_8223182909907649343_n-300x200.jpg 300w\" sizes=\"auto, (max-width: 360px) 100vw, 360px\" \/><\/figure>\n<\/figure>\n","protected":false},"excerpt":{"rendered":"<p>En un evento celebrado en el departamento de Jutiapa, se llev\u00f3 a cabo la firma del Memorando de Intenciones de Ciudades Solidarias, una colaboraci\u00f3n entre la Agencia de las Naciones Unidas para los Refugiados (ACNUR), la Municipalidad de Jutiapa y otras instituciones. Esta iniciativa surge dentro del Marco Integral Regional para la Protecci\u00f3n y Soluciones <a class=\"read-more\" href=\"https:\/\/elmetropolitano.com.gt\/es\/se-lanzo-en-jutiapa-el-centro-de-atencion-y-proteccion-al-migrante-y-refugiado-movil\/\">Leer m\u00e1s<\/a><\/p>\n","protected":false},"author":1,"featured_media":88596,"comment_status":"open","ping_status":"closed","sticky":false,"template":"","format":"standard","meta":{"footnotes":""},"categories":[4],"tags":[12],"class_list":["post-88595","post","type-post","status-publish","format-standard","has-post-thumbnail","hentry","category-departamentales","tag-nacionales"],"_links":{"self":[{"href":"https:\/\/elmetropolitano.com.gt\/es\/wp-json\/wp\/v2\/posts\/88595","targetHints":{"allow":["GET"]}}],"collection":[{"href":"https:\/\/elmetropolitano.com.gt\/es\/wp-json\/wp\/v2\/posts"}],"about":[{"href":"https:\/\/elmetropolitano.com.gt\/es\/wp-json\/wp\/v2\/types\/post"}],"author":[{"embeddable":true,"href":"https:\/\/elmetropolitano.com.gt\/es\/wp-json\/wp\/v2\/users\/1"}],"replies":[{"embeddable":true,"href":"https:\/\/elmetropolitano.com.gt\/es\/wp-json\/wp\/v2\/comments?post=88595"}],"version-history":[{"count":1,"href":"https:\/\/elmetropolitano.com.gt\/es\/wp-json\/wp\/v2\/posts\/88595\/revisions"}],"predecessor-version":[{"id":88601,"href":"https:\/\/elmetropolitano.com.gt\/es\/wp-json\/wp\/v2\/posts\/88595\/revisions\/88601"}],"wp:featuredmedia":[{"embeddable":true,"href":"https:\/\/elmetropolitano.com.gt\/es\/wp-json\/wp\/v2\/media\/88596"}],"wp:attachment":[{"href":"https:\/\/elmetropolitano.com.gt\/es\/wp-json\/wp\/v2\/media?parent=88595"}],"wp:term":[{"taxonomy":"category","embeddable":true,"href":"https:\/\/elmetropolitano.com.gt\/es\/wp-json\/wp\/v2\/categories?post=88595"},{"taxonomy":"post_tag","embeddable":true,"href":"https:\/\/elmetropolitano.com.gt\/es\/wp-json\/wp\/v2\/tags?post=88595"}],"curies":[{"name":"wp","href":"https:\/\/api.w.org\/{rel}","templated":true}]}}