{"id":88602,"date":"2024-09-10T19:49:09","date_gmt":"2024-09-11T01:49:09","guid":{"rendered":"https:\/\/elmetropolitano.com.gt\/es\/?p=88602"},"modified":"2024-09-10T19:49:09","modified_gmt":"2024-09-11T01:49:09","slug":"zacapa-cuenta-con-nuevo-centro-de-impresion-de-pasaportes","status":"publish","type":"post","link":"https:\/\/elmetropolitano.com.gt\/es\/zacapa-cuenta-con-nuevo-centro-de-impresion-de-pasaportes\/","title":{"rendered":"Zacapa cuenta con nuevo centro de impresi\u00f3n de pasaportes"},"content":{"rendered":"\n<p>La vicepresidenta Karin Herrera particip\u00f3 en la inauguraci\u00f3n del nuevo centro de impresi\u00f3n de pasaportes en la sede del Instituto Guatemalteco de Migraci\u00f3n (IGM) y el Registro Nacional de las Personas (Renap) ubicada en R\u00edo Hondo, Zacapa.<\/p>\n\n\n\n<p>La <a><\/a>vicemandataria hizo un recorrido en el centro de emisi\u00f3n de pasaportes, que ahora ya cuenta con la capacidad para imprimirlos, con el fin de conocer el trabajo que ah\u00ed se desarrolla y el servicio que se brinda a la poblaci\u00f3n.<\/p><div class=\"elmet-contenido\" id=\"elmet-2864880588\"><div class=\"elmet-adlabel\">Anuncios<\/div><div style=\"margin-top: 20px;margin-right: 20px;margin-bottom: 20px;margin-left: 20px;\" id=\"elmet-3790490894\"><a href=\"https:\/\/www.facebook.com\/arrincuanantigua\/\" aria-label=\"cintillo-arrin-cual\"><img loading=\"lazy\" decoding=\"async\" src=\"https:\/\/elmetropolitano.com.gt\/es\/wp-content\/uploads\/2021\/11\/cintillo-arrin-cual-1.jpg\" alt=\"\"  srcset=\"https:\/\/elmetropolitano.com.gt\/es\/wp-content\/uploads\/2021\/11\/cintillo-arrin-cual-1.jpg 750w, https:\/\/elmetropolitano.com.gt\/es\/wp-content\/uploads\/2021\/11\/cintillo-arrin-cual-1-300x36.jpg 300w, https:\/\/elmetropolitano.com.gt\/es\/wp-content\/uploads\/2021\/11\/cintillo-arrin-cual-1-600x72.jpg 600w\" sizes=\"(max-width: 750px) 100vw, 750px\" width=\"750\" height=\"90\"   \/><\/a><\/div><\/div>\n\n\n\n<p>Entre los objetivos de esta visita tambi\u00e9n resalta la supervisi\u00f3n de los avances de la modernizaci\u00f3n de los servicios migratorios en el pa\u00eds.<\/p>\n\n\n\n<p>Nuevo centro de impresi\u00f3n<\/p>\n\n\n\n<p>Las autoridades indican que el nuevo centro prev\u00e9 brindar el servicio de impresi\u00f3n de pasaportes de manera inmediata. Se estima que este espacio atender\u00e1 a la poblaci\u00f3n que reside en los departamentos de Pet\u00e9n, Chiquimula, Alta Verapaz, Baja Verapaz, Zacapa e Izabal, alcanzando ser de beneficio para m\u00e1s de un mill\u00f3n de guatemaltecos.<\/p>\n\n\n\n<p>Ante esto, el director del IGM manifest\u00f3:<\/p>\n\n\n\n<p>(Las) personas de otros departamentos que radican en esta localidad pueden acercarse y hacer su tr\u00e1mite.<\/p>\n\n\n\n<p>Adem\u00e1s, se estima que con este nuevo espacio los ciudadanos podr\u00e1n recibir su pasaporte en un tiempo estimado de 25 a 35 minutos.<\/p>\n\n\n\n<p>Autoridad Migratoria Nacional<\/p>\n\n\n\n<p>La vicepresidenta Herrera expres\u00f3 que estos trabajos se enmarcan en los compromisos asumidos en la Autoridad Migratoria Nacional.<\/p>\n\n\n\n<p>Esto es muy importante en el marco de la Autoridad Migratoria porque fue una de las propuestas durante campa\u00f1a, que se iban a llevar estos servicios, no solo a los nacionales sino a los connacionales en el extranjeros.<\/p>\n\n\n\n<p>La Autoridad Migratoria es un grupo encabezado por la Vicepresidencia y se conforma por los titulares de los ministerios de Gobernaci\u00f3n, Relaciones Exteriores, Desarrollo Social, Trabajo y Previsi\u00f3n Social. Tambi\u00e9n lo integra el secretario ejecutivo del Consejo Nacional del Migrante y el director del IGM.<\/p>\n\n\n\n<p>El grupo se centra en el abordaje de estrategias para atender la migraci\u00f3n y fomentar la movilidad segura. Por ello, la Autoridad Migratoria busca atender temas de seguridad fronteriza en equilibrio con la protecci\u00f3n de los derechos humanos.<\/p>\n\n\n\n<p>Texto: Yuliza Mu\u00f1oz<\/p>\n\n\n\n<p><a href=\"https:\/\/www.facebook.com\/hashtag\/pasaporte?__eep__=6&amp;__cft__[0]=AZWrn7ffjktpayaNUyxZsN22X0bsqIW_b37tcn94mjokf9vJxr4zGrgjutzx4SJZKPGnlEUO1xfEbNtUdeUCzn_YzwRb8MsPrez_0M2mxAhjJKHLk796nmgkpHb691p7Ya29xco-sAOvWy2N_FjJCGBnkm0qYlzQT_LVEC9mLKhimztG30e0u9_tMNPbKJPfiIJK4hAklyWc5OomFJFkprbP&amp;__tn__=*NK-R\">#pasaporte<\/a><a href=\"https:\/\/www.facebook.com\/hashtag\/zacapa?__eep__=6&amp;__cft__[0]=AZWrn7ffjktpayaNUyxZsN22X0bsqIW_b37tcn94mjokf9vJxr4zGrgjutzx4SJZKPGnlEUO1xfEbNtUdeUCzn_YzwRb8MsPrez_0M2mxAhjJKHLk796nmgkpHb691p7Ya29xco-sAOvWy2N_FjJCGBnkm0qYlzQT_LVEC9mLKhimztG30e0u9_tMNPbKJPfiIJK4hAklyWc5OomFJFkprbP&amp;__tn__=*NK-R\">#Zacapa<\/a><a href=\"https:\/\/www.facebook.com\/hashtag\/metroredes?__eep__=6&amp;__cft__[0]=AZWrn7ffjktpayaNUyxZsN22X0bsqIW_b37tcn94mjokf9vJxr4zGrgjutzx4SJZKPGnlEUO1xfEbNtUdeUCzn_YzwRb8MsPrez_0M2mxAhjJKHLk796nmgkpHb691p7Ya29xco-sAOvWy2N_FjJCGBnkm0qYlzQT_LVEC9mLKhimztG30e0u9_tMNPbKJPfiIJK4hAklyWc5OomFJFkprbP&amp;__tn__=*NK-R\">#metroredes<\/a><a href=\"https:\/\/www.facebook.com\/hashtag\/riohondo?__eep__=6&amp;__cft__[0]=AZWrn7ffjktpayaNUyxZsN22X0bsqIW_b37tcn94mjokf9vJxr4zGrgjutzx4SJZKPGnlEUO1xfEbNtUdeUCzn_YzwRb8MsPrez_0M2mxAhjJKHLk796nmgkpHb691p7Ya29xco-sAOvWy2N_FjJCGBnkm0qYlzQT_LVEC9mLKhimztG30e0u9_tMNPbKJPfiIJK4hAklyWc5OomFJFkprbP&amp;__tn__=*NK-R\">#riohondo<\/a><\/p>\n\n\n\n<figure class=\"wp-block-gallery has-nested-images columns-default is-cropped wp-block-gallery-1 is-layout-flex wp-block-gallery-is-layout-flex\">\n<figure class=\"wp-block-image size-large\"><img loading=\"lazy\" decoding=\"async\" width=\"1024\" height=\"512\" data-id=\"88604\" src=\"https:\/\/elmetropolitano.com.gt\/es\/wp-content\/uploads\/2024\/09\/459182474_1024132536379496_2756075853774124830_n-1024x512.jpg\" alt=\"\" class=\"wp-image-88604\" srcset=\"https:\/\/elmetropolitano.com.gt\/es\/wp-content\/uploads\/2024\/09\/459182474_1024132536379496_2756075853774124830_n-1024x512.jpg 1024w, https:\/\/elmetropolitano.com.gt\/es\/wp-content\/uploads\/2024\/09\/459182474_1024132536379496_2756075853774124830_n-300x150.jpg 300w, https:\/\/elmetropolitano.com.gt\/es\/wp-content\/uploads\/2024\/09\/459182474_1024132536379496_2756075853774124830_n-768x384.jpg 768w, https:\/\/elmetropolitano.com.gt\/es\/wp-content\/uploads\/2024\/09\/459182474_1024132536379496_2756075853774124830_n.jpg 1140w\" sizes=\"auto, (max-width: 1024px) 100vw, 1024px\" \/><\/figure>\n\n\n\n<figure class=\"wp-block-image size-large\"><img loading=\"lazy\" decoding=\"async\" width=\"1024\" height=\"683\" data-id=\"88605\" src=\"https:\/\/elmetropolitano.com.gt\/es\/wp-content\/uploads\/2024\/09\/459337947_1024132569712826_5689965479689589698_n-1024x683.jpg\" alt=\"\" class=\"wp-image-88605\" srcset=\"https:\/\/elmetropolitano.com.gt\/es\/wp-content\/uploads\/2024\/09\/459337947_1024132569712826_5689965479689589698_n-1024x683.jpg 1024w, https:\/\/elmetropolitano.com.gt\/es\/wp-content\/uploads\/2024\/09\/459337947_1024132569712826_5689965479689589698_n-300x200.jpg 300w, https:\/\/elmetropolitano.com.gt\/es\/wp-content\/uploads\/2024\/09\/459337947_1024132569712826_5689965479689589698_n-768x512.jpg 768w, https:\/\/elmetropolitano.com.gt\/es\/wp-content\/uploads\/2024\/09\/459337947_1024132569712826_5689965479689589698_n-1536x1025.jpg 1536w, https:\/\/elmetropolitano.com.gt\/es\/wp-content\/uploads\/2024\/09\/459337947_1024132569712826_5689965479689589698_n.jpg 2048w\" sizes=\"auto, (max-width: 1024px) 100vw, 1024px\" \/><\/figure>\n<\/figure>\n","protected":false},"excerpt":{"rendered":"<p>La vicepresidenta Karin Herrera particip\u00f3 en la inauguraci\u00f3n del nuevo centro de impresi\u00f3n de pasaportes en la sede del Instituto Guatemalteco de Migraci\u00f3n (IGM) y el Registro Nacional de las Personas (Renap) ubicada en R\u00edo Hondo, Zacapa. La vicemandataria hizo un recorrido en el centro de emisi\u00f3n de pasaportes, que ahora ya cuenta con la <a class=\"read-more\" href=\"https:\/\/elmetropolitano.com.gt\/es\/zacapa-cuenta-con-nuevo-centro-de-impresion-de-pasaportes\/\">Leer m\u00e1s<\/a><\/p>\n","protected":false},"author":1,"featured_media":88603,"comment_status":"open","ping_status":"closed","sticky":false,"template":"","format":"standard","meta":{"footnotes":""},"categories":[4],"tags":[13],"class_list":["post-88602","post","type-post","status-publish","format-standard","has-post-thumbnail","hentry","category-departamentales","tag-departamentales"],"_links":{"self":[{"href":"https:\/\/elmetropolitano.com.gt\/es\/wp-json\/wp\/v2\/posts\/88602","targetHints":{"allow":["GET"]}}],"collection":[{"href":"https:\/\/elmetropolitano.com.gt\/es\/wp-json\/wp\/v2\/posts"}],"about":[{"href":"https:\/\/elmetropolitano.com.gt\/es\/wp-json\/wp\/v2\/types\/post"}],"author":[{"embeddable":true,"href":"https:\/\/elmetropolitano.com.gt\/es\/wp-json\/wp\/v2\/users\/1"}],"replies":[{"embeddable":true,"href":"https:\/\/elmetropolitano.com.gt\/es\/wp-json\/wp\/v2\/comments?post=88602"}],"version-history":[{"count":1,"href":"https:\/\/elmetropolitano.com.gt\/es\/wp-json\/wp\/v2\/posts\/88602\/revisions"}],"predecessor-version":[{"id":88607,"href":"https:\/\/elmetropolitano.com.gt\/es\/wp-json\/wp\/v2\/posts\/88602\/revisions\/88607"}],"wp:featuredmedia":[{"embeddable":true,"href":"https:\/\/elmetropolitano.com.gt\/es\/wp-json\/wp\/v2\/media\/88603"}],"wp:attachment":[{"href":"https:\/\/elmetropolitano.com.gt\/es\/wp-json\/wp\/v2\/media?parent=88602"}],"wp:term":[{"taxonomy":"category","embeddable":true,"href":"https:\/\/elmetropolitano.com.gt\/es\/wp-json\/wp\/v2\/categories?post=88602"},{"taxonomy":"post_tag","embeddable":true,"href":"https:\/\/elmetropolitano.com.gt\/es\/wp-json\/wp\/v2\/tags?post=88602"}],"curies":[{"name":"wp","href":"https:\/\/api.w.org\/{rel}","templated":true}]}}