{"id":88758,"date":"2024-09-13T09:42:43","date_gmt":"2024-09-13T15:42:43","guid":{"rendered":"https:\/\/elmetropolitano.com.gt\/es\/?p=88758"},"modified":"2024-09-13T09:42:44","modified_gmt":"2024-09-13T15:42:44","slug":"la-44a-edicion-del-festival-de-marimba-paiz-regresa-al-teatro-nacional","status":"publish","type":"post","link":"https:\/\/elmetropolitano.com.gt\/es\/la-44a-edicion-del-festival-de-marimba-paiz-regresa-al-teatro-nacional\/","title":{"rendered":"La 44\u00aa edici\u00f3n del Festival de Marimba Paiz regresa al Teatro Nacional"},"content":{"rendered":"\n<p>Fundaci\u00f3n Paiz se complace en anunciar la cuadrag\u00e9simo cuarta edici\u00f3n del Festival de Marimba Paiz, titulado \u00abLa Marimba: Ayer, hoy y siempre.\u00bb<\/p>\n\n\n\n<p>Este esperado evento, que celebra el alma musical de Guatemala, regresa a la Gran Sala Efra\u00edn Recinos del Centro Cultural Miguel \u00c1ngel Asturias el domingo 22 de septiembre. Los participantes podr\u00e1n disfrutar de dos funciones, una a las 11:00 AM y la otra a las 4:00 <a><\/a>PM.<\/p><div class=\"elmet-contenido\" id=\"elmet-798127391\"><div class=\"elmet-adlabel\">Anuncios<\/div><div style=\"margin-top: 20px;margin-right: 20px;margin-bottom: 20px;margin-left: 20px;\" id=\"elmet-119097247\"><a href=\"https:\/\/www.facebook.com\/arrincuanantigua\/\" aria-label=\"cintillo-arrin-cual\"><img loading=\"lazy\" decoding=\"async\" src=\"https:\/\/elmetropolitano.com.gt\/es\/wp-content\/uploads\/2021\/11\/cintillo-arrin-cual-1.jpg\" alt=\"\"  srcset=\"https:\/\/elmetropolitano.com.gt\/es\/wp-content\/uploads\/2021\/11\/cintillo-arrin-cual-1.jpg 750w, https:\/\/elmetropolitano.com.gt\/es\/wp-content\/uploads\/2021\/11\/cintillo-arrin-cual-1-300x36.jpg 300w, https:\/\/elmetropolitano.com.gt\/es\/wp-content\/uploads\/2021\/11\/cintillo-arrin-cual-1-600x72.jpg 600w\" sizes=\"(max-width: 750px) 100vw, 750px\" width=\"750\" height=\"90\"   \/><\/a><\/div><\/div>\n\n\n\n<p>El festival contar\u00e1 con la participaci\u00f3n de un ensamble de ocho marimbas que ofrecer\u00e1 un recorrido hist\u00f3rico y cultural por el s\u00edmbolo nacional.<\/p>\n\n\n\n<p>1. Marimba Chapinlandia (Piloto)<\/p>\n\n\n\n<p>2. Herencia Chapina<\/p>\n\n\n\n<p>3. Marimba Sentimiento Antig\u00fce\u00f1o<\/p>\n\n\n\n<p>4. Marimba Reina Iximche<\/p>\n\n\n\n<p>5. Marimba Estrella de Guatemala<\/p>\n\n\n\n<p>6. Marimba Gran Jaguar<\/p>\n\n\n\n<p>7. Marimba Murmullos de Alux<\/p>\n\n\n\n<p>8. Marimba del INGUAT<\/p>\n\n\n\n<p>Participar\u00e1 Gaby Moreno como Invitada especial; Francisco P\u00e1ez y Jacobo Nitsch, integrantes de Malacates Tr\u00e9bol Shop, as\u00ed como a Marian Corzo, Andy Barrios, Fiorella Melini, y Alejandro Vidal, entre otras sorpresas.<\/p>\n\n\n\n<p>\u00abEste festival es una celebraci\u00f3n de nuestra identidad y una oportunidad para que todas las generaciones se conecten con nuestras ra\u00edces musicales\u00bb, indic\u00f3 Sonia Hurtarte, Directora Ejecutiva de Fundaci\u00f3n Paiz.<\/p>\n\n\n\n<p>\u201cLa marimba es el latido de nuestra cultura, y este evento busca que todos los guatemaltecos, desde los m\u00e1s j\u00f3venes hasta los mayores, se sientan orgullosos de nuestra historia musical\u00bb, enfatiz\u00f3 Hurtarte.<\/p>\n\n\n\n<p>El espect\u00e1culo familiar no solo contar\u00e1 con melod\u00edas de marimba, sino tambi\u00e9n con presentaciones art\u00edsticas de calidad internacional. Habr\u00e1 danzas ejecutadas por expertos bailarines vestidos con trajes coloridos acorde a los temas musicales, reconocidos cantantes que evocar\u00e1n nostalgia y proyecciones que enriquecer\u00e1n la experiencia del p\u00fablico.<\/p>\n\n\n\n<p>\u201cEs una presentaci\u00f3n que une historia, did\u00e1ctica, m\u00fasica, baile, ensamble, homenaje y extraordinarios cantantes para vibrar junto a las notas de nuestro instrumento y amar m\u00e1s lo que es nuestro\u201d, explic\u00f3 la productora del Festival de Marimba, Lucy Bonilla, de Torre Fuerte Producciones.<\/p>\n\n\n\n<p>\u00abVolver a la Gran Sala del Teatro Nacional despu\u00e9s de cuatro a\u00f1os es un honor y una responsabilidad. Queremos que cada asistente se sumerja en la historia de la marimba, desde sus or\u00edgenes hasta su evoluci\u00f3n en la contemporaneidad,\u00bb agreg\u00f3 la Directora Ejecutiva de Fundaci\u00f3n Paiz.<\/p>\n\n\n\n<p>Las entradas para el evento ya est\u00e1n a la venta en Todoticket con una donaci\u00f3n sugerida de Q255 (Platea), Q215 (Balc\u00f3n 1), y Q130 (Balc\u00f3n 2).<\/p>\n\n\n\n<p>Fundaci\u00f3n Paiz invita a todos a unirse a este festival y a disfrutar de un espect\u00e1culo que une historia, did\u00e1ctica, m\u00fasica, baile y homenaje, para vibrar junto a las notas de nuestro instrumento y amar m\u00e1s lo nuestro.<\/p>\n\n\n\n<p>Sobre Fundaci\u00f3n Paiz<\/p>\n\n\n\n<p>Fundaci\u00f3n Paiz es una organizaci\u00f3n comprometida con la promoci\u00f3n del arte, la educaci\u00f3n y la cultura en Guatemala desde hace m\u00e1s de 40 a\u00f1os. A trav\u00e9s de diversas iniciativas y programas, la Fundaci\u00f3n busca enriquecer la vida de las personas y fomentar el desarrollo social a trav\u00e9s del arte y la creatividad. Es una plataforma que visibiliza a los artistas y cultiva un orgullo genuino por la identidad guatemalteca a trav\u00e9s de una memoria hist\u00f3rica enriquecida por la creatividad y la expresi\u00f3n art\u00edstica. Su principal: el arte es un derecho<\/p>\n\n\n\n<p><a href=\"https:\/\/www.facebook.com\/hashtag\/fundacionpaiz?__eep__=6&amp;__cft__[0]=AZUIXUrb0WsyKdY9Oh31ySKwp38MOWVZlkLYCU_PtbuILUAfWZdtwHkEUHJ_D-D8npHdSjU0-udl26G8l993_Lvzv-TighmVuo8c9QPmzsbusA69lnPriQWNx4PNEX3sDOAaU87GRFDSCAMIsv5d_PH9X4BtEKNAegy0Wb8LylgbHETHCM_pmeVL5JM__74cOlJOo6FI6uBTPlOZDcuwStdy&amp;__tn__=*NK-R\">#fundacionpaiz<\/a><a href=\"https:\/\/www.facebook.com\/hashtag\/marimba?__eep__=6&amp;__cft__[0]=AZUIXUrb0WsyKdY9Oh31ySKwp38MOWVZlkLYCU_PtbuILUAfWZdtwHkEUHJ_D-D8npHdSjU0-udl26G8l993_Lvzv-TighmVuo8c9QPmzsbusA69lnPriQWNx4PNEX3sDOAaU87GRFDSCAMIsv5d_PH9X4BtEKNAegy0Wb8LylgbHETHCM_pmeVL5JM__74cOlJOo6FI6uBTPlOZDcuwStdy&amp;__tn__=*NK-R\">#marimba<\/a><a href=\"https:\/\/www.facebook.com\/hashtag\/cultura?__eep__=6&amp;__cft__[0]=AZUIXUrb0WsyKdY9Oh31ySKwp38MOWVZlkLYCU_PtbuILUAfWZdtwHkEUHJ_D-D8npHdSjU0-udl26G8l993_Lvzv-TighmVuo8c9QPmzsbusA69lnPriQWNx4PNEX3sDOAaU87GRFDSCAMIsv5d_PH9X4BtEKNAegy0Wb8LylgbHETHCM_pmeVL5JM__74cOlJOo6FI6uBTPlOZDcuwStdy&amp;__tn__=*NK-R\">#cultura<\/a><\/p>\n\n\n\n<figure class=\"wp-block-gallery has-nested-images columns-default is-cropped wp-block-gallery-1 is-layout-flex wp-block-gallery-is-layout-flex\">\n<figure class=\"wp-block-image size-large\"><img loading=\"lazy\" decoding=\"async\" width=\"1024\" height=\"682\" data-id=\"88760\" src=\"https:\/\/elmetropolitano.com.gt\/es\/wp-content\/uploads\/2024\/09\/459276934_1025749726217777_359508915588584092_n-1024x682.jpg\" alt=\"\" class=\"wp-image-88760\" srcset=\"https:\/\/elmetropolitano.com.gt\/es\/wp-content\/uploads\/2024\/09\/459276934_1025749726217777_359508915588584092_n-1024x682.jpg 1024w, https:\/\/elmetropolitano.com.gt\/es\/wp-content\/uploads\/2024\/09\/459276934_1025749726217777_359508915588584092_n-300x200.jpg 300w, https:\/\/elmetropolitano.com.gt\/es\/wp-content\/uploads\/2024\/09\/459276934_1025749726217777_359508915588584092_n-768x512.jpg 768w, https:\/\/elmetropolitano.com.gt\/es\/wp-content\/uploads\/2024\/09\/459276934_1025749726217777_359508915588584092_n-1536x1023.jpg 1536w, https:\/\/elmetropolitano.com.gt\/es\/wp-content\/uploads\/2024\/09\/459276934_1025749726217777_359508915588584092_n.jpg 1600w\" sizes=\"auto, (max-width: 1024px) 100vw, 1024px\" \/><\/figure>\n\n\n\n<figure class=\"wp-block-image size-large\"><img loading=\"lazy\" decoding=\"async\" width=\"1024\" height=\"684\" data-id=\"88762\" src=\"https:\/\/elmetropolitano.com.gt\/es\/wp-content\/uploads\/2024\/09\/459436370_1025749646217785_1296980368573760628_n-1024x684.jpg\" alt=\"\" class=\"wp-image-88762\" srcset=\"https:\/\/elmetropolitano.com.gt\/es\/wp-content\/uploads\/2024\/09\/459436370_1025749646217785_1296980368573760628_n-1024x684.jpg 1024w, https:\/\/elmetropolitano.com.gt\/es\/wp-content\/uploads\/2024\/09\/459436370_1025749646217785_1296980368573760628_n-300x200.jpg 300w, https:\/\/elmetropolitano.com.gt\/es\/wp-content\/uploads\/2024\/09\/459436370_1025749646217785_1296980368573760628_n-768x513.jpg 768w, https:\/\/elmetropolitano.com.gt\/es\/wp-content\/uploads\/2024\/09\/459436370_1025749646217785_1296980368573760628_n-1536x1025.jpg 1536w, https:\/\/elmetropolitano.com.gt\/es\/wp-content\/uploads\/2024\/09\/459436370_1025749646217785_1296980368573760628_n.jpg 1600w\" sizes=\"auto, (max-width: 1024px) 100vw, 1024px\" \/><\/figure>\n\n\n\n<figure class=\"wp-block-image size-large\"><img loading=\"lazy\" decoding=\"async\" width=\"1024\" height=\"682\" data-id=\"88763\" src=\"https:\/\/elmetropolitano.com.gt\/es\/wp-content\/uploads\/2024\/09\/459537983_1025749559551127_550424582670636268_n-1-1024x682.jpg\" alt=\"\" class=\"wp-image-88763\" srcset=\"https:\/\/elmetropolitano.com.gt\/es\/wp-content\/uploads\/2024\/09\/459537983_1025749559551127_550424582670636268_n-1-1024x682.jpg 1024w, https:\/\/elmetropolitano.com.gt\/es\/wp-content\/uploads\/2024\/09\/459537983_1025749559551127_550424582670636268_n-1-300x200.jpg 300w, https:\/\/elmetropolitano.com.gt\/es\/wp-content\/uploads\/2024\/09\/459537983_1025749559551127_550424582670636268_n-1-768x512.jpg 768w, https:\/\/elmetropolitano.com.gt\/es\/wp-content\/uploads\/2024\/09\/459537983_1025749559551127_550424582670636268_n-1-1536x1023.jpg 1536w, https:\/\/elmetropolitano.com.gt\/es\/wp-content\/uploads\/2024\/09\/459537983_1025749559551127_550424582670636268_n-1.jpg 1600w\" sizes=\"auto, (max-width: 1024px) 100vw, 1024px\" \/><\/figure>\n\n\n\n<figure class=\"wp-block-image size-large\"><img loading=\"lazy\" decoding=\"async\" width=\"1024\" height=\"684\" data-id=\"88761\" src=\"https:\/\/elmetropolitano.com.gt\/es\/wp-content\/uploads\/2024\/09\/459600275_1025749526217797_8192366731415231061_n-1024x684.jpg\" alt=\"\" class=\"wp-image-88761\" srcset=\"https:\/\/elmetropolitano.com.gt\/es\/wp-content\/uploads\/2024\/09\/459600275_1025749526217797_8192366731415231061_n-1024x684.jpg 1024w, https:\/\/elmetropolitano.com.gt\/es\/wp-content\/uploads\/2024\/09\/459600275_1025749526217797_8192366731415231061_n-300x200.jpg 300w, https:\/\/elmetropolitano.com.gt\/es\/wp-content\/uploads\/2024\/09\/459600275_1025749526217797_8192366731415231061_n-768x513.jpg 768w, https:\/\/elmetropolitano.com.gt\/es\/wp-content\/uploads\/2024\/09\/459600275_1025749526217797_8192366731415231061_n-1536x1025.jpg 1536w, https:\/\/elmetropolitano.com.gt\/es\/wp-content\/uploads\/2024\/09\/459600275_1025749526217797_8192366731415231061_n.jpg 1600w\" sizes=\"auto, (max-width: 1024px) 100vw, 1024px\" \/><\/figure>\n<\/figure>\n","protected":false},"excerpt":{"rendered":"<p>Fundaci\u00f3n Paiz se complace en anunciar la cuadrag\u00e9simo cuarta edici\u00f3n del Festival de Marimba Paiz, titulado \u00abLa Marimba: Ayer, hoy y siempre.\u00bb Este esperado evento, que celebra el alma musical de Guatemala, regresa a la Gran Sala Efra\u00edn Recinos del Centro Cultural Miguel \u00c1ngel Asturias el domingo 22 de septiembre. Los participantes podr\u00e1n disfrutar de <a class=\"read-more\" href=\"https:\/\/elmetropolitano.com.gt\/es\/la-44a-edicion-del-festival-de-marimba-paiz-regresa-al-teatro-nacional\/\">Leer m\u00e1s<\/a><\/p>\n","protected":false},"author":1,"featured_media":88759,"comment_status":"open","ping_status":"closed","sticky":false,"template":"","format":"standard","meta":{"footnotes":""},"categories":[29],"tags":[30],"class_list":["post-88758","post","type-post","status-publish","format-standard","has-post-thumbnail","hentry","category-culturales","tag-culturales"],"_links":{"self":[{"href":"https:\/\/elmetropolitano.com.gt\/es\/wp-json\/wp\/v2\/posts\/88758","targetHints":{"allow":["GET"]}}],"collection":[{"href":"https:\/\/elmetropolitano.com.gt\/es\/wp-json\/wp\/v2\/posts"}],"about":[{"href":"https:\/\/elmetropolitano.com.gt\/es\/wp-json\/wp\/v2\/types\/post"}],"author":[{"embeddable":true,"href":"https:\/\/elmetropolitano.com.gt\/es\/wp-json\/wp\/v2\/users\/1"}],"replies":[{"embeddable":true,"href":"https:\/\/elmetropolitano.com.gt\/es\/wp-json\/wp\/v2\/comments?post=88758"}],"version-history":[{"count":1,"href":"https:\/\/elmetropolitano.com.gt\/es\/wp-json\/wp\/v2\/posts\/88758\/revisions"}],"predecessor-version":[{"id":88764,"href":"https:\/\/elmetropolitano.com.gt\/es\/wp-json\/wp\/v2\/posts\/88758\/revisions\/88764"}],"wp:featuredmedia":[{"embeddable":true,"href":"https:\/\/elmetropolitano.com.gt\/es\/wp-json\/wp\/v2\/media\/88759"}],"wp:attachment":[{"href":"https:\/\/elmetropolitano.com.gt\/es\/wp-json\/wp\/v2\/media?parent=88758"}],"wp:term":[{"taxonomy":"category","embeddable":true,"href":"https:\/\/elmetropolitano.com.gt\/es\/wp-json\/wp\/v2\/categories?post=88758"},{"taxonomy":"post_tag","embeddable":true,"href":"https:\/\/elmetropolitano.com.gt\/es\/wp-json\/wp\/v2\/tags?post=88758"}],"curies":[{"name":"wp","href":"https:\/\/api.w.org\/{rel}","templated":true}]}}