{"id":88827,"date":"2024-09-13T20:52:22","date_gmt":"2024-09-14T02:52:22","guid":{"rendered":"https:\/\/elmetropolitano.com.gt\/es\/?p=88827"},"modified":"2024-09-13T20:52:23","modified_gmt":"2024-09-14T02:52:23","slug":"hino-one-la-red-se-impone-en-la-vuelta-ciclistica-de-honduras","status":"publish","type":"post","link":"https:\/\/elmetropolitano.com.gt\/es\/hino-one-la-red-se-impone-en-la-vuelta-ciclistica-de-honduras\/","title":{"rendered":"Hino One la Red se impone en la vuelta cicl\u00edstica de Honduras"},"content":{"rendered":"\n<p>Despu\u00e9s de tres etapas recorridas por las carreteras de Honduras, el equipo Hino One la Red se impone y se coloca en primer lugar por equipos, mientras que Cesar Paredes, de este mismo equipo, se apodera del su\u00e9ter de l\u00edder de la competencia.<\/p>\n\n\n\n<p>Por su parte Mardoqueo V\u00e1squez y Edgar Torres, de Hino One la Red se colocan en el top ten de la carrera y han dado de que hablar en las duras etapas de monta\u00f1a, mostrando sus calidades de corredores.<\/p><div class=\"elmet-contenido\" id=\"elmet-4241097450\"><div class=\"elmet-adlabel\">Anuncios<\/div><div style=\"margin-top: 20px;margin-right: 20px;margin-bottom: 20px;margin-left: 20px;\" id=\"elmet-1431082195\"><a href=\"https:\/\/www.facebook.com\/arrincuanantigua\/\" aria-label=\"cintillo-arrin-cual\"><img loading=\"lazy\" decoding=\"async\" src=\"https:\/\/elmetropolitano.com.gt\/es\/wp-content\/uploads\/2021\/11\/cintillo-arrin-cual-1.jpg\" alt=\"\"  srcset=\"https:\/\/elmetropolitano.com.gt\/es\/wp-content\/uploads\/2021\/11\/cintillo-arrin-cual-1.jpg 750w, https:\/\/elmetropolitano.com.gt\/es\/wp-content\/uploads\/2021\/11\/cintillo-arrin-cual-1-300x36.jpg 300w, https:\/\/elmetropolitano.com.gt\/es\/wp-content\/uploads\/2021\/11\/cintillo-arrin-cual-1-600x72.jpg 600w\" sizes=\"(max-width: 750px) 100vw, 750px\" width=\"750\" height=\"90\"   \/><\/a><\/div><\/div>\n\n\n\n<p>En estos tres d\u00edas de competencia los guatemaltecos han sido protagonistas y se mantienen en las primeras casillas de la clasificaci\u00f3n general individual de esta competencia en el vecino pa\u00eds de Honduras.<\/p>\n\n\n\n<p>Wilson Chonay mantiene el liderato de la categor\u00eda sub 23 lo que coloca a los corredores guatemaltecos dando la batalla a los colombianos que siempre son los favoritos pero se han topado en esta vuelta a la calidad de los escaladores chapines que est\u00e1n en la pelea y tienen por el momento la vuelta en sus manos.<\/p>\n\n\n\n<p>Mario Reyes<\/p>\n\n\n\n<p>Fotos federaci\u00f3n de ciclismo de Guatemala y Honduras<\/p>\n\n\n\n<p>#ciclismo\u00a0 #metroredes\u00a0 <a href=\"http:\/\/www.elmetropolitano.comgt\">www.elmetropolitano.comgt<\/a> <a href=\"http:\/\/www.metroredes.com\">www.metroredes.com<\/a><\/p>\n\n\n\n<figure class=\"wp-block-gallery has-nested-images columns-default is-cropped wp-block-gallery-1 is-layout-flex wp-block-gallery-is-layout-flex\">\n<figure class=\"wp-block-image size-large\"><img loading=\"lazy\" decoding=\"async\" width=\"682\" height=\"1024\" data-id=\"88831\" src=\"https:\/\/elmetropolitano.com.gt\/es\/wp-content\/uploads\/2024\/09\/459241655_927721122721600_4837354944062995304_n-682x1024.jpg\" alt=\"\" class=\"wp-image-88831\" srcset=\"https:\/\/elmetropolitano.com.gt\/es\/wp-content\/uploads\/2024\/09\/459241655_927721122721600_4837354944062995304_n-682x1024.jpg 682w, https:\/\/elmetropolitano.com.gt\/es\/wp-content\/uploads\/2024\/09\/459241655_927721122721600_4837354944062995304_n-200x300.jpg 200w, https:\/\/elmetropolitano.com.gt\/es\/wp-content\/uploads\/2024\/09\/459241655_927721122721600_4837354944062995304_n-768x1153.jpg 768w, https:\/\/elmetropolitano.com.gt\/es\/wp-content\/uploads\/2024\/09\/459241655_927721122721600_4837354944062995304_n-1023x1536.jpg 1023w, https:\/\/elmetropolitano.com.gt\/es\/wp-content\/uploads\/2024\/09\/459241655_927721122721600_4837354944062995304_n.jpg 1066w\" sizes=\"auto, (max-width: 682px) 100vw, 682px\" \/><\/figure>\n\n\n\n<figure class=\"wp-block-image size-large\"><img loading=\"lazy\" decoding=\"async\" width=\"1024\" height=\"768\" data-id=\"88835\" src=\"https:\/\/elmetropolitano.com.gt\/es\/wp-content\/uploads\/2024\/09\/459326190_18274896874240744_2704298490688332665_n-1024x768.jpg\" alt=\"\" class=\"wp-image-88835\" srcset=\"https:\/\/elmetropolitano.com.gt\/es\/wp-content\/uploads\/2024\/09\/459326190_18274896874240744_2704298490688332665_n-1024x768.jpg 1024w, https:\/\/elmetropolitano.com.gt\/es\/wp-content\/uploads\/2024\/09\/459326190_18274896874240744_2704298490688332665_n-300x225.jpg 300w, https:\/\/elmetropolitano.com.gt\/es\/wp-content\/uploads\/2024\/09\/459326190_18274896874240744_2704298490688332665_n-768x576.jpg 768w, https:\/\/elmetropolitano.com.gt\/es\/wp-content\/uploads\/2024\/09\/459326190_18274896874240744_2704298490688332665_n.jpg 1440w\" sizes=\"auto, (max-width: 1024px) 100vw, 1024px\" \/><\/figure>\n\n\n\n<figure class=\"wp-block-image size-large\"><img loading=\"lazy\" decoding=\"async\" width=\"1024\" height=\"861\" data-id=\"88837\" src=\"https:\/\/elmetropolitano.com.gt\/es\/wp-content\/uploads\/2024\/09\/459376553_18274805488240744_4486872905065642960_n-1024x861.jpg\" alt=\"\" class=\"wp-image-88837\" srcset=\"https:\/\/elmetropolitano.com.gt\/es\/wp-content\/uploads\/2024\/09\/459376553_18274805488240744_4486872905065642960_n-1024x861.jpg 1024w, https:\/\/elmetropolitano.com.gt\/es\/wp-content\/uploads\/2024\/09\/459376553_18274805488240744_4486872905065642960_n-300x252.jpg 300w, https:\/\/elmetropolitano.com.gt\/es\/wp-content\/uploads\/2024\/09\/459376553_18274805488240744_4486872905065642960_n-768x646.jpg 768w, https:\/\/elmetropolitano.com.gt\/es\/wp-content\/uploads\/2024\/09\/459376553_18274805488240744_4486872905065642960_n.jpg 1440w\" sizes=\"auto, (max-width: 1024px) 100vw, 1024px\" \/><\/figure>\n\n\n\n<figure class=\"wp-block-image size-large\"><img loading=\"lazy\" decoding=\"async\" width=\"1024\" height=\"1024\" data-id=\"88832\" src=\"https:\/\/elmetropolitano.com.gt\/es\/wp-content\/uploads\/2024\/09\/cesar-paredes-lider-de-la-vuelta-3-etapa-hino-one-la-red-1024x1024.jpg\" alt=\"\" class=\"wp-image-88832\" srcset=\"https:\/\/elmetropolitano.com.gt\/es\/wp-content\/uploads\/2024\/09\/cesar-paredes-lider-de-la-vuelta-3-etapa-hino-one-la-red-1024x1024.jpg 1024w, https:\/\/elmetropolitano.com.gt\/es\/wp-content\/uploads\/2024\/09\/cesar-paredes-lider-de-la-vuelta-3-etapa-hino-one-la-red-300x300.jpg 300w, https:\/\/elmetropolitano.com.gt\/es\/wp-content\/uploads\/2024\/09\/cesar-paredes-lider-de-la-vuelta-3-etapa-hino-one-la-red-150x150.jpg 150w, https:\/\/elmetropolitano.com.gt\/es\/wp-content\/uploads\/2024\/09\/cesar-paredes-lider-de-la-vuelta-3-etapa-hino-one-la-red-768x768.jpg 768w, https:\/\/elmetropolitano.com.gt\/es\/wp-content\/uploads\/2024\/09\/cesar-paredes-lider-de-la-vuelta-3-etapa-hino-one-la-red.jpg 1440w\" sizes=\"auto, (max-width: 1024px) 100vw, 1024px\" \/><\/figure>\n\n\n\n<figure class=\"wp-block-image size-large\"><img loading=\"lazy\" decoding=\"async\" width=\"1024\" height=\"1024\" data-id=\"88836\" src=\"https:\/\/elmetropolitano.com.gt\/es\/wp-content\/uploads\/2024\/09\/edgar-torres-lider-de-la-conbatividad-hino-one-la-red-guatemala-1024x1024.jpg\" alt=\"\" class=\"wp-image-88836\" srcset=\"https:\/\/elmetropolitano.com.gt\/es\/wp-content\/uploads\/2024\/09\/edgar-torres-lider-de-la-conbatividad-hino-one-la-red-guatemala-1024x1024.jpg 1024w, https:\/\/elmetropolitano.com.gt\/es\/wp-content\/uploads\/2024\/09\/edgar-torres-lider-de-la-conbatividad-hino-one-la-red-guatemala-300x300.jpg 300w, https:\/\/elmetropolitano.com.gt\/es\/wp-content\/uploads\/2024\/09\/edgar-torres-lider-de-la-conbatividad-hino-one-la-red-guatemala-150x150.jpg 150w, https:\/\/elmetropolitano.com.gt\/es\/wp-content\/uploads\/2024\/09\/edgar-torres-lider-de-la-conbatividad-hino-one-la-red-guatemala-768x768.jpg 768w, https:\/\/elmetropolitano.com.gt\/es\/wp-content\/uploads\/2024\/09\/edgar-torres-lider-de-la-conbatividad-hino-one-la-red-guatemala.jpg 1440w\" sizes=\"auto, (max-width: 1024px) 100vw, 1024px\" \/><\/figure>\n\n\n\n<figure class=\"wp-block-image size-large\"><img loading=\"lazy\" decoding=\"async\" width=\"819\" height=\"1024\" data-id=\"88838\" src=\"https:\/\/elmetropolitano.com.gt\/es\/wp-content\/uploads\/2024\/09\/general-3-etapa-819x1024.jpg\" alt=\"\" class=\"wp-image-88838\" srcset=\"https:\/\/elmetropolitano.com.gt\/es\/wp-content\/uploads\/2024\/09\/general-3-etapa-819x1024.jpg 819w, https:\/\/elmetropolitano.com.gt\/es\/wp-content\/uploads\/2024\/09\/general-3-etapa-240x300.jpg 240w, https:\/\/elmetropolitano.com.gt\/es\/wp-content\/uploads\/2024\/09\/general-3-etapa-768x960.jpg 768w, https:\/\/elmetropolitano.com.gt\/es\/wp-content\/uploads\/2024\/09\/general-3-etapa-1229x1536.jpg 1229w, https:\/\/elmetropolitano.com.gt\/es\/wp-content\/uploads\/2024\/09\/general-3-etapa.jpg 1440w\" sizes=\"auto, (max-width: 819px) 100vw, 819px\" \/><\/figure>\n\n\n\n<figure class=\"wp-block-image size-large\"><img loading=\"lazy\" decoding=\"async\" width=\"1024\" height=\"682\" data-id=\"88834\" src=\"https:\/\/elmetropolitano.com.gt\/es\/wp-content\/uploads\/2024\/09\/hino-1-1024x682.jpg\" alt=\"\" class=\"wp-image-88834\" srcset=\"https:\/\/elmetropolitano.com.gt\/es\/wp-content\/uploads\/2024\/09\/hino-1-1024x682.jpg 1024w, https:\/\/elmetropolitano.com.gt\/es\/wp-content\/uploads\/2024\/09\/hino-1-300x200.jpg 300w, https:\/\/elmetropolitano.com.gt\/es\/wp-content\/uploads\/2024\/09\/hino-1-768x512.jpg 768w, https:\/\/elmetropolitano.com.gt\/es\/wp-content\/uploads\/2024\/09\/hino-1.jpg 1280w\" sizes=\"auto, (max-width: 1024px) 100vw, 1024px\" \/><\/figure>\n\n\n\n<figure class=\"wp-block-image size-large\"><img loading=\"lazy\" decoding=\"async\" width=\"526\" height=\"526\" data-id=\"88829\" src=\"https:\/\/elmetropolitano.com.gt\/es\/wp-content\/uploads\/2024\/09\/lider-de-la-montana-cesar-paredes-de-hino-one-la-red.jpg\" alt=\"\" class=\"wp-image-88829\" srcset=\"https:\/\/elmetropolitano.com.gt\/es\/wp-content\/uploads\/2024\/09\/lider-de-la-montana-cesar-paredes-de-hino-one-la-red.jpg 526w, https:\/\/elmetropolitano.com.gt\/es\/wp-content\/uploads\/2024\/09\/lider-de-la-montana-cesar-paredes-de-hino-one-la-red-300x300.jpg 300w, https:\/\/elmetropolitano.com.gt\/es\/wp-content\/uploads\/2024\/09\/lider-de-la-montana-cesar-paredes-de-hino-one-la-red-150x150.jpg 150w\" sizes=\"auto, (max-width: 526px) 100vw, 526px\" \/><\/figure>\n\n\n\n<figure class=\"wp-block-image size-large\"><img loading=\"lazy\" decoding=\"async\" width=\"853\" height=\"568\" data-id=\"88830\" src=\"https:\/\/elmetropolitano.com.gt\/es\/wp-content\/uploads\/2024\/09\/mardoqueo.jpg\" alt=\"\" class=\"wp-image-88830\" srcset=\"https:\/\/elmetropolitano.com.gt\/es\/wp-content\/uploads\/2024\/09\/mardoqueo.jpg 853w, https:\/\/elmetropolitano.com.gt\/es\/wp-content\/uploads\/2024\/09\/mardoqueo-300x200.jpg 300w, https:\/\/elmetropolitano.com.gt\/es\/wp-content\/uploads\/2024\/09\/mardoqueo-768x511.jpg 768w\" sizes=\"auto, (max-width: 853px) 100vw, 853px\" \/><\/figure>\n\n\n\n<figure class=\"wp-block-image size-large\"><img loading=\"lazy\" decoding=\"async\" width=\"526\" height=\"526\" data-id=\"88833\" src=\"https:\/\/elmetropolitano.com.gt\/es\/wp-content\/uploads\/2024\/09\/top-ten-de-la-etapa.jpg\" alt=\"\" class=\"wp-image-88833\" srcset=\"https:\/\/elmetropolitano.com.gt\/es\/wp-content\/uploads\/2024\/09\/top-ten-de-la-etapa.jpg 526w, https:\/\/elmetropolitano.com.gt\/es\/wp-content\/uploads\/2024\/09\/top-ten-de-la-etapa-300x300.jpg 300w, https:\/\/elmetropolitano.com.gt\/es\/wp-content\/uploads\/2024\/09\/top-ten-de-la-etapa-150x150.jpg 150w\" sizes=\"auto, (max-width: 526px) 100vw, 526px\" \/><\/figure>\n<\/figure>\n","protected":false},"excerpt":{"rendered":"<p>Despu\u00e9s de tres etapas recorridas por las carreteras de Honduras, el equipo Hino One la Red se impone y se coloca en primer lugar por equipos, mientras que Cesar Paredes, de este mismo equipo, se apodera del su\u00e9ter de l\u00edder de la competencia. Por su parte Mardoqueo V\u00e1squez y Edgar Torres, de Hino One la <a class=\"read-more\" href=\"https:\/\/elmetropolitano.com.gt\/es\/hino-one-la-red-se-impone-en-la-vuelta-ciclistica-de-honduras\/\">Leer m\u00e1s<\/a><\/p>\n","protected":false},"author":1,"featured_media":88828,"comment_status":"open","ping_status":"closed","sticky":false,"template":"","format":"standard","meta":{"footnotes":""},"categories":[43],"tags":[44],"class_list":["post-88827","post","type-post","status-publish","format-standard","has-post-thumbnail","hentry","category-deportes","tag-deportes"],"_links":{"self":[{"href":"https:\/\/elmetropolitano.com.gt\/es\/wp-json\/wp\/v2\/posts\/88827","targetHints":{"allow":["GET"]}}],"collection":[{"href":"https:\/\/elmetropolitano.com.gt\/es\/wp-json\/wp\/v2\/posts"}],"about":[{"href":"https:\/\/elmetropolitano.com.gt\/es\/wp-json\/wp\/v2\/types\/post"}],"author":[{"embeddable":true,"href":"https:\/\/elmetropolitano.com.gt\/es\/wp-json\/wp\/v2\/users\/1"}],"replies":[{"embeddable":true,"href":"https:\/\/elmetropolitano.com.gt\/es\/wp-json\/wp\/v2\/comments?post=88827"}],"version-history":[{"count":1,"href":"https:\/\/elmetropolitano.com.gt\/es\/wp-json\/wp\/v2\/posts\/88827\/revisions"}],"predecessor-version":[{"id":88839,"href":"https:\/\/elmetropolitano.com.gt\/es\/wp-json\/wp\/v2\/posts\/88827\/revisions\/88839"}],"wp:featuredmedia":[{"embeddable":true,"href":"https:\/\/elmetropolitano.com.gt\/es\/wp-json\/wp\/v2\/media\/88828"}],"wp:attachment":[{"href":"https:\/\/elmetropolitano.com.gt\/es\/wp-json\/wp\/v2\/media?parent=88827"}],"wp:term":[{"taxonomy":"category","embeddable":true,"href":"https:\/\/elmetropolitano.com.gt\/es\/wp-json\/wp\/v2\/categories?post=88827"},{"taxonomy":"post_tag","embeddable":true,"href":"https:\/\/elmetropolitano.com.gt\/es\/wp-json\/wp\/v2\/tags?post=88827"}],"curies":[{"name":"wp","href":"https:\/\/api.w.org\/{rel}","templated":true}]}}