{"id":88840,"date":"2024-09-14T08:42:12","date_gmt":"2024-09-14T14:42:12","guid":{"rendered":"https:\/\/elmetropolitano.com.gt\/es\/?p=88840"},"modified":"2024-09-14T08:42:12","modified_gmt":"2024-09-14T14:42:12","slug":"se-conred-declara-alerta-roja-por-lluvias-en-huehuetenango","status":"publish","type":"post","link":"https:\/\/elmetropolitano.com.gt\/es\/se-conred-declara-alerta-roja-por-lluvias-en-huehuetenango\/","title":{"rendered":"SE-Conred declara alerta roja por lluvias en Huehuetenango"},"content":{"rendered":"\n<p>La Secretar\u00eda Ejecutiva de la Coordinadora Nacional para la Reducci\u00f3n de Desastres (SE-Conred) decidi\u00f3 declarar alerta roja en Huehuetenango, a consecuencia de las lluvias que han afectado ese departamento.<\/p>\n\n\n\n<p>El pasado jueves 12 de septiembre fueron reportados cuatro incidentes en la cabecera departamental, debido a inundaciones y hundimientos ocurridos tras las intensas lluvias que afectaron varios sectores. Eso hizo que, durante la madrugada del viernes 13 de septiembre, integrantes de los Equipos de Respuesta Inmediata (ERI) y Equipos de Intervenci\u00f3n Estrat\u00e9gica (EIE) se trasladaran desde la sede de la Conred.<\/p><div class=\"elmet-contenido\" id=\"elmet-59445611\"><div class=\"elmet-adlabel\">Anuncios<\/div><div style=\"margin-top: 20px;margin-right: 20px;margin-bottom: 20px;margin-left: 20px;\" id=\"elmet-3440974264\"><a href=\"https:\/\/www.facebook.com\/arrincuanantigua\/\" aria-label=\"cintillo-arrin-cual\"><img loading=\"lazy\" decoding=\"async\" src=\"https:\/\/elmetropolitano.com.gt\/es\/wp-content\/uploads\/2021\/11\/cintillo-arrin-cual-1.jpg\" alt=\"\"  srcset=\"https:\/\/elmetropolitano.com.gt\/es\/wp-content\/uploads\/2021\/11\/cintillo-arrin-cual-1.jpg 750w, https:\/\/elmetropolitano.com.gt\/es\/wp-content\/uploads\/2021\/11\/cintillo-arrin-cual-1-300x36.jpg 300w, https:\/\/elmetropolitano.com.gt\/es\/wp-content\/uploads\/2021\/11\/cintillo-arrin-cual-1-600x72.jpg 600w\" sizes=\"(max-width: 750px) 100vw, 750px\" width=\"750\" height=\"90\"   \/><\/a><\/div><\/div>\n\n\n\n<p>Asimismo, los equipos sostuvieron una reuni\u00f3n con representantes del Centro de Operaciones de Emergencia Departamental (COED), autoridades municipales y territoriales y representantes del Sistema Conred, en la que abordaron temas como el reporte de incidentes, la activaci\u00f3n del Centro de Operaciones de Emergencia (COE) y declararon la alerta roja en dicho departamento.<\/p>\n\n\n\n<p>No obstante, tras la declaraci\u00f3n de alerta roja en Huehuetenango, definieron las acciones que implementar\u00e1n de forma inmediata para coordinar las acciones de respuesta necesarias y as\u00ed salvaguardar la vida de los guatemaltecos.<\/p>\n\n\n\n<p>Se inicia evaluaci\u00f3n de da\u00f1os<\/p>\n\n\n\n<p>Seg\u00fan la Conred, se empez\u00f3 la evaluaci\u00f3n de da\u00f1os para determinar las afectaciones y con los trabajos de limpieza en los sectores afectados por las inundaciones.<\/p>\n\n\n\n<p>Tambi\u00e9n, para fortalecer al personal municipal, los delegados de la SE-Conred brindaron una capacitaci\u00f3n para el llenado de la boleta de evaluaci\u00f3n de da\u00f1os y necesidades, como herramienta clave en los procesos establecidos en el Plan Nacional de Respuesta.<\/p>\n\n\n\n<p>Adem\u00e1s, a trav\u00e9s del personal operativo y estrat\u00e9gico, se desarrollan acciones de campo y manejo de informaci\u00f3n para brindar una atenci\u00f3n efectiva. Sin embargo, fortalecer la cultura de prevenci\u00f3n es clave, por ello se recomienda a la poblaci\u00f3n preparar su mochila de las 72 horas, seguir las indicaciones de sus autoridades locales y reportar cualquier emergencia o desastre al 119 de Conred.<\/p>\n\n\n\n<p>Estuardo Mart\u00ednez<\/p>\n\n\n\n<p>#lluvias #metroredes <a href=\"http:\/\/www.elmetropolitano.com.gt\">www.elmetropolitano.com.gt<\/a> <a href=\"http:\/\/www.metroredes.com\">www.metroredes.com<\/a><\/p>\n","protected":false},"excerpt":{"rendered":"<p>La Secretar\u00eda Ejecutiva de la Coordinadora Nacional para la Reducci\u00f3n de Desastres (SE-Conred) decidi\u00f3 declarar alerta roja en Huehuetenango, a consecuencia de las lluvias que han afectado ese departamento. El pasado jueves 12 de septiembre fueron reportados cuatro incidentes en la cabecera departamental, debido a inundaciones y hundimientos ocurridos tras las intensas lluvias que afectaron <a class=\"read-more\" href=\"https:\/\/elmetropolitano.com.gt\/es\/se-conred-declara-alerta-roja-por-lluvias-en-huehuetenango\/\">Leer m\u00e1s<\/a><\/p>\n","protected":false},"author":1,"featured_media":88841,"comment_status":"open","ping_status":"closed","sticky":false,"template":"","format":"standard","meta":{"footnotes":""},"categories":[4],"tags":[13],"class_list":["post-88840","post","type-post","status-publish","format-standard","has-post-thumbnail","hentry","category-departamentales","tag-departamentales"],"_links":{"self":[{"href":"https:\/\/elmetropolitano.com.gt\/es\/wp-json\/wp\/v2\/posts\/88840","targetHints":{"allow":["GET"]}}],"collection":[{"href":"https:\/\/elmetropolitano.com.gt\/es\/wp-json\/wp\/v2\/posts"}],"about":[{"href":"https:\/\/elmetropolitano.com.gt\/es\/wp-json\/wp\/v2\/types\/post"}],"author":[{"embeddable":true,"href":"https:\/\/elmetropolitano.com.gt\/es\/wp-json\/wp\/v2\/users\/1"}],"replies":[{"embeddable":true,"href":"https:\/\/elmetropolitano.com.gt\/es\/wp-json\/wp\/v2\/comments?post=88840"}],"version-history":[{"count":1,"href":"https:\/\/elmetropolitano.com.gt\/es\/wp-json\/wp\/v2\/posts\/88840\/revisions"}],"predecessor-version":[{"id":88842,"href":"https:\/\/elmetropolitano.com.gt\/es\/wp-json\/wp\/v2\/posts\/88840\/revisions\/88842"}],"wp:featuredmedia":[{"embeddable":true,"href":"https:\/\/elmetropolitano.com.gt\/es\/wp-json\/wp\/v2\/media\/88841"}],"wp:attachment":[{"href":"https:\/\/elmetropolitano.com.gt\/es\/wp-json\/wp\/v2\/media?parent=88840"}],"wp:term":[{"taxonomy":"category","embeddable":true,"href":"https:\/\/elmetropolitano.com.gt\/es\/wp-json\/wp\/v2\/categories?post=88840"},{"taxonomy":"post_tag","embeddable":true,"href":"https:\/\/elmetropolitano.com.gt\/es\/wp-json\/wp\/v2\/tags?post=88840"}],"curies":[{"name":"wp","href":"https:\/\/api.w.org\/{rel}","templated":true}]}}