{"id":88863,"date":"2024-09-14T15:25:45","date_gmt":"2024-09-14T21:25:45","guid":{"rendered":"https:\/\/elmetropolitano.com.gt\/es\/?p=88863"},"modified":"2024-09-14T15:25:46","modified_gmt":"2024-09-14T21:25:46","slug":"actividades-de-independencia-que-se-realizaran-este-14-y-15-de-septiembre-en-la-plaza-central","status":"publish","type":"post","link":"https:\/\/elmetropolitano.com.gt\/es\/actividades-de-independencia-que-se-realizaran-este-14-y-15-de-septiembre-en-la-plaza-central\/","title":{"rendered":"Actividades de independencia que se realizar\u00e1n este 14 y 15 de septiembre en la Plaza Central"},"content":{"rendered":"\n<p>El pa\u00eds est\u00e1 de fiesta y en v\u00edsperas de la celebraci\u00f3n de los 203 a\u00f1os de independencia se llevar\u00e1n a cabo varias actividades en el centro de la ciudad.<\/p>\n\n\n\n<p>Este s\u00e1bado 14 de septiembre, autoridades del Ejecutivo han organizado distintos eventos para conmemorar junto a la poblaci\u00f3n un a\u00f1o m\u00e1s de la victoria de 1821. En dichos actos participar\u00e1 el presidente Bernardo Ar\u00e9valo y la vicepresidenta Karin Herrera junto a otros funcionarios de Gobierno.<\/p><div class=\"elmet-contenido\" id=\"elmet-1863765511\"><div class=\"elmet-adlabel\">Anuncios<\/div><div style=\"margin-top: 20px;margin-right: 20px;margin-bottom: 20px;margin-left: 20px;\" id=\"elmet-3969594364\"><a href=\"https:\/\/www.facebook.com\/arrincuanantigua\/\" aria-label=\"cintillo-arrin-cual\"><img loading=\"lazy\" decoding=\"async\" src=\"https:\/\/elmetropolitano.com.gt\/es\/wp-content\/uploads\/2021\/11\/cintillo-arrin-cual-1.jpg\" alt=\"\"  srcset=\"https:\/\/elmetropolitano.com.gt\/es\/wp-content\/uploads\/2021\/11\/cintillo-arrin-cual-1.jpg 750w, https:\/\/elmetropolitano.com.gt\/es\/wp-content\/uploads\/2021\/11\/cintillo-arrin-cual-1-300x36.jpg 300w, https:\/\/elmetropolitano.com.gt\/es\/wp-content\/uploads\/2021\/11\/cintillo-arrin-cual-1-600x72.jpg 600w\" sizes=\"(max-width: 750px) 100vw, 750px\" width=\"750\" height=\"90\"   \/><\/a><\/div><\/div>\n\n\n\n<p>Las actividades inician con el solemne tedeum en la Catedral Metropolitana a las 17:00 horas.<\/p>\n\n\n\n<p>Posterior a eso, se dar\u00e1 comienzo a los actos protocolarios en la Plaza de la Constituci\u00f3n, donde los caballeros cadetes de la Escuela Polit\u00e9cnica izar\u00e1n la bandera.<\/p>\n\n\n\n<p>El siguiente punto es la celebraci\u00f3n con 21 salvas de artiller\u00eda del Ministerio de la Defensa Nacional.<\/p>\n\n\n\n<p>Con esto se dar\u00e1 paso a la entonaci\u00f3n del himno nacional y el himno de Centroam\u00e9rica y luego a la lectura del Acta de Independencia, recordando lo sucedido hace 203 a\u00f1os.<\/p>\n\n\n\n<p>Para finalizar, se escuchar\u00e1 el toque de silencio a las 19:00 horas y posterior a eso la quema de fuegos artificiales.<\/p>\n\n\n\n<p>Desfile c\u00edvico escolar<\/p>\n\n\n\n<p>El 15 de septiembre la Plaza de la Constituci\u00f3n se alegrar\u00e1 con el desfile c\u00edvico escolar organizado por la Direcci\u00f3n General de Educaci\u00f3n F\u00edsica del Ministerio de Educaci\u00f3n.<\/p>\n\n\n\n<p>Frente al Palacio Nacional de la Cultura, m\u00e1s de 120 centros educativos marchar\u00e1n en honor a los 203 a\u00f1os de independencia. El presidente Bernardo Ar\u00e9valo presenciar\u00e1 el desfile frente al Guacamol\u00f3n.<\/p>\n\n\n\n<p>Seg\u00fan se inform\u00f3, el acto se iniciar\u00e1 a las 8 de la ma\u00f1ana. El desfile se distribuir\u00e1 en 12 bloques.<\/p>\n\n\n\n<p>La invitaci\u00f3n es para que la poblaci\u00f3n guatemalteca se acerque a la Plaza Central a disfrutar de estas tradicionales actividades de celebraci\u00f3n que son espacios para convivir en familia y festejar la lucha por la libertad.<\/p>\n\n\n\n<p>Yuliza Mu\u00f1oz<\/p>\n\n\n\n<p>#fiestapatria #metroredes &nbsp;<a href=\"http:\/\/www.elmetropolitano.comgt\">www.elmetropolitano.comgt<\/a> <a href=\"http:\/\/www.metroredes.com\">www.metroredes.com<\/a><\/p>\n","protected":false},"excerpt":{"rendered":"<p>El pa\u00eds est\u00e1 de fiesta y en v\u00edsperas de la celebraci\u00f3n de los 203 a\u00f1os de independencia se llevar\u00e1n a cabo varias actividades en el centro de la ciudad. Este s\u00e1bado 14 de septiembre, autoridades del Ejecutivo han organizado distintos eventos para conmemorar junto a la poblaci\u00f3n un a\u00f1o m\u00e1s de la victoria de 1821. <a class=\"read-more\" href=\"https:\/\/elmetropolitano.com.gt\/es\/actividades-de-independencia-que-se-realizaran-este-14-y-15-de-septiembre-en-la-plaza-central\/\">Leer m\u00e1s<\/a><\/p>\n","protected":false},"author":1,"featured_media":88864,"comment_status":"open","ping_status":"closed","sticky":false,"template":"","format":"standard","meta":{"footnotes":""},"categories":[2],"tags":[12],"class_list":["post-88863","post","type-post","status-publish","format-standard","has-post-thumbnail","hentry","category-nacionales","tag-nacionales"],"_links":{"self":[{"href":"https:\/\/elmetropolitano.com.gt\/es\/wp-json\/wp\/v2\/posts\/88863","targetHints":{"allow":["GET"]}}],"collection":[{"href":"https:\/\/elmetropolitano.com.gt\/es\/wp-json\/wp\/v2\/posts"}],"about":[{"href":"https:\/\/elmetropolitano.com.gt\/es\/wp-json\/wp\/v2\/types\/post"}],"author":[{"embeddable":true,"href":"https:\/\/elmetropolitano.com.gt\/es\/wp-json\/wp\/v2\/users\/1"}],"replies":[{"embeddable":true,"href":"https:\/\/elmetropolitano.com.gt\/es\/wp-json\/wp\/v2\/comments?post=88863"}],"version-history":[{"count":1,"href":"https:\/\/elmetropolitano.com.gt\/es\/wp-json\/wp\/v2\/posts\/88863\/revisions"}],"predecessor-version":[{"id":88865,"href":"https:\/\/elmetropolitano.com.gt\/es\/wp-json\/wp\/v2\/posts\/88863\/revisions\/88865"}],"wp:featuredmedia":[{"embeddable":true,"href":"https:\/\/elmetropolitano.com.gt\/es\/wp-json\/wp\/v2\/media\/88864"}],"wp:attachment":[{"href":"https:\/\/elmetropolitano.com.gt\/es\/wp-json\/wp\/v2\/media?parent=88863"}],"wp:term":[{"taxonomy":"category","embeddable":true,"href":"https:\/\/elmetropolitano.com.gt\/es\/wp-json\/wp\/v2\/categories?post=88863"},{"taxonomy":"post_tag","embeddable":true,"href":"https:\/\/elmetropolitano.com.gt\/es\/wp-json\/wp\/v2\/tags?post=88863"}],"curies":[{"name":"wp","href":"https:\/\/api.w.org\/{rel}","templated":true}]}}