{"id":88879,"date":"2024-09-14T21:16:18","date_gmt":"2024-09-15T03:16:18","guid":{"rendered":"https:\/\/elmetropolitano.com.gt\/es\/?p=88879"},"modified":"2024-09-14T21:16:18","modified_gmt":"2024-09-15T03:16:18","slug":"presidente-bernardo-arevalo-el-quetzal-solo-conoce-una-forma-de-vivir-libre","status":"publish","type":"post","link":"https:\/\/elmetropolitano.com.gt\/es\/presidente-bernardo-arevalo-el-quetzal-solo-conoce-una-forma-de-vivir-libre\/","title":{"rendered":"Presidente Bernardo Ar\u00e9valo: \u201cEl quetzal solo conoce una forma de vivir: Libre\u00bb"},"content":{"rendered":"\n<p>Frente al pueblo guatemalteco, el presidente de la Rep\u00fablica, Bernardo Ar\u00e9valo, dio su discurso con motivo de la celebraci\u00f3n de los 203 a\u00f1os de independencia patria.<\/p>\n\n\n\n<p>El emotivo mensaje del Presidente se centr\u00f3 en recordar la lucha del pueblo por ser libre y vivir en democracia. Inici\u00f3 expresando que la historia de Guatemala es la historia de su gente, que ha estado llena de alegr\u00eda y esperanza, pero que tambi\u00e9n ha pasado por momentos duros.<\/p><div class=\"elmet-contenido\" id=\"elmet-522741700\"><div class=\"elmet-adlabel\">Anuncios<\/div><div style=\"margin-top: 20px;margin-right: 20px;margin-bottom: 20px;margin-left: 20px;\" id=\"elmet-247215611\"><a href=\"https:\/\/www.facebook.com\/arrincuanantigua\/\" aria-label=\"cintillo-arrin-cual\"><img loading=\"lazy\" decoding=\"async\" src=\"https:\/\/elmetropolitano.com.gt\/es\/wp-content\/uploads\/2021\/11\/cintillo-arrin-cual-1.jpg\" alt=\"\"  srcset=\"https:\/\/elmetropolitano.com.gt\/es\/wp-content\/uploads\/2021\/11\/cintillo-arrin-cual-1.jpg 750w, https:\/\/elmetropolitano.com.gt\/es\/wp-content\/uploads\/2021\/11\/cintillo-arrin-cual-1-300x36.jpg 300w, https:\/\/elmetropolitano.com.gt\/es\/wp-content\/uploads\/2021\/11\/cintillo-arrin-cual-1-600x72.jpg 600w\" sizes=\"(max-width: 750px) 100vw, 750px\" width=\"750\" height=\"90\"   \/><\/a><\/div><\/div>\n\n\n\n<p>En la primera parte de su alocuci\u00f3n hizo un llamado al pueblo a aspirar a un futuro diferente, sin importar de d\u00f3nde venimos pero con claridad de saber hacia d\u00f3nde vamos. Centrados en construir un pa\u00eds donde reine la democracia y la paz, donde no haya marginaci\u00f3n y solo exista la prosperidad.<\/p>\n\n\n\n<p>El quetzal ha despertado para vivir libre<\/p>\n\n\n\n<p>En los \u00faltimos a\u00f1os, el pa\u00eds ha estado envuelto en una lucha por librarse de actores que han hecho del poder que el pueblo les confi\u00f3 un elemento para el bienestar propio y no para beneficio de los guatemaltecos, explic\u00f3. De esa cuenta, el Presidente exalt\u00f3 las acciones del pueblo, que ha resistido para cambiar la historia.<\/p>\n\n\n\n<p>Hemos levantado nuestras banderas para recordarle a quien tenga que saberlo que, en nuestras diferencias, en nuestra diversidad, esta naci\u00f3n sabe identificar al verdadero enemigo: la corrupci\u00f3n, el abuso de poder, el empe\u00f1o de una minor\u00eda resistente que no sabe, no se ha dado cuenta, que la marea de la historia ha cambiado. Que la avalancha de nuestro pueblo es incontenible. Que el quetzal ha despertado, y que solo conoce una forma de vivir: libre.<\/p>\n\n\n\n<p>Con esto, tambi\u00e9n reconoci\u00f3 el compromiso asumido, que a pesar de las dificultades se mantiene firme y que se vuelve m\u00e1s fuerte cada vez que el pueblo alza la voz para denunciar y defender su democracia.<\/p>\n\n\n\n<p>Nuestra independencia solo tiene sentido si juntos, unidos como pueblo, escribimos esa historia.<\/p>\n\n\n\n<p>Un pueblo unido<\/p>\n\n\n\n<p>Ar\u00e9valo tambi\u00e9n destac\u00f3 la importancia de vivir en unidad para hacer frente a los distintos retos y desaf\u00edos para alcanzar el desarrollo.<\/p>\n\n\n\n<p>Tambi\u00e9n dijo que todos juntos, como pueblo, deben actuar para recuperar aquellas cosas que la minor\u00eda corrupta les ha arrebatado, asimismo, que la unidad es el \u00fanico camino para recuperar el sistema de justicia en el pa\u00eds.<\/p>\n\n\n\n<p>Para finalizar, el presidente Ar\u00e9valo dijo, con voz firme y fuerte:<\/p>\n\n\n\n<p>\u00a1Que viva el 15 de septiembre! \u00a1Que vivan los cuatro pueblos! \u00a1Que viva la naci\u00f3n guatemalteca! \u00a1Que viva la esperanza por el futuro! \u00a1Que viva Guatemala!<\/p>\n\n\n\n<p>Yuliza Mu\u00f1oz<\/p>\n\n\n\n<p>#patriotismo #independenciapatria #metroredes www.elmetropolitano.com.gt www.metroredes.com<\/p>\n","protected":false},"excerpt":{"rendered":"<p>Frente al pueblo guatemalteco, el presidente de la Rep\u00fablica, Bernardo Ar\u00e9valo, dio su discurso con motivo de la celebraci\u00f3n de los 203 a\u00f1os de independencia patria. El emotivo mensaje del Presidente se centr\u00f3 en recordar la lucha del pueblo por ser libre y vivir en democracia. Inici\u00f3 expresando que la historia de Guatemala es la <a class=\"read-more\" href=\"https:\/\/elmetropolitano.com.gt\/es\/presidente-bernardo-arevalo-el-quetzal-solo-conoce-una-forma-de-vivir-libre\/\">Leer m\u00e1s<\/a><\/p>\n","protected":false},"author":1,"featured_media":88880,"comment_status":"open","ping_status":"closed","sticky":false,"template":"","format":"standard","meta":{"footnotes":""},"categories":[2],"tags":[12],"class_list":["post-88879","post","type-post","status-publish","format-standard","has-post-thumbnail","hentry","category-nacionales","tag-nacionales"],"_links":{"self":[{"href":"https:\/\/elmetropolitano.com.gt\/es\/wp-json\/wp\/v2\/posts\/88879","targetHints":{"allow":["GET"]}}],"collection":[{"href":"https:\/\/elmetropolitano.com.gt\/es\/wp-json\/wp\/v2\/posts"}],"about":[{"href":"https:\/\/elmetropolitano.com.gt\/es\/wp-json\/wp\/v2\/types\/post"}],"author":[{"embeddable":true,"href":"https:\/\/elmetropolitano.com.gt\/es\/wp-json\/wp\/v2\/users\/1"}],"replies":[{"embeddable":true,"href":"https:\/\/elmetropolitano.com.gt\/es\/wp-json\/wp\/v2\/comments?post=88879"}],"version-history":[{"count":1,"href":"https:\/\/elmetropolitano.com.gt\/es\/wp-json\/wp\/v2\/posts\/88879\/revisions"}],"predecessor-version":[{"id":88881,"href":"https:\/\/elmetropolitano.com.gt\/es\/wp-json\/wp\/v2\/posts\/88879\/revisions\/88881"}],"wp:featuredmedia":[{"embeddable":true,"href":"https:\/\/elmetropolitano.com.gt\/es\/wp-json\/wp\/v2\/media\/88880"}],"wp:attachment":[{"href":"https:\/\/elmetropolitano.com.gt\/es\/wp-json\/wp\/v2\/media?parent=88879"}],"wp:term":[{"taxonomy":"category","embeddable":true,"href":"https:\/\/elmetropolitano.com.gt\/es\/wp-json\/wp\/v2\/categories?post=88879"},{"taxonomy":"post_tag","embeddable":true,"href":"https:\/\/elmetropolitano.com.gt\/es\/wp-json\/wp\/v2\/tags?post=88879"}],"curies":[{"name":"wp","href":"https:\/\/api.w.org\/{rel}","templated":true}]}}